{"id":117961,"date":"2021-06-03T10:58:51","date_gmt":"2021-06-03T14:58:51","guid":{"rendered":"https:\/\/linitiative.ca\/International\/coronavirus-letat-durgence-sanitaire-prolonge-jusquau-10-juillet-2021\/"},"modified":"2021-06-03T10:58:51","modified_gmt":"2021-06-03T14:58:51","slug":"coronavirus-letat-durgence-sanitaire-prolonge-jusquau-10-juillet-2021","status":"publish","type":"post","link":"https:\/\/linitiative.ca\/International\/coronavirus-letat-durgence-sanitaire-prolonge-jusquau-10-juillet-2021\/","title":{"rendered":"Coronavirus :  l\u2019\u00e9tat d\u2019urgence sanitaire prolong\u00e9 jusqu\u2019au 10 juillet 2021"},"content":{"rendered":"<p><strong>Le gouvernement prolonge l\u2019\u00e9tat d\u2019urgence sanitaire jusqu\u2019au 10 juillet 2021.<\/strong><\/p>\n<div class=\"c10\">\n<\/div>\n<p>Le Conseil de gouvernement, r\u00e9uni le 3 juin \u00e0 Rabat, a d\u00e9cid\u00e9 de prolonger l\u2019\u00e9tat d\u2019urgence sanitaire sur l\u2019ensemble du territoire national jusqu\u2019au 10 juillet 2021, et ce dans le cadre des efforts de lutte contre la propagation de la pand\u00e9mie du nouveau coronavirus (Covid-19). Rappelons que dans le cadre des r\u00e9sultats positifs enregistr\u00e9s dans la courbe des infections au nouveau coronavirus et des avanc\u00e9es r\u00e9alis\u00e9es dans le cadre de la campagne nationale de vaccination contre cette pand\u00e9mie, l\u2019Ex\u00e9cutif a d\u00e9cid\u00e9 d\u2019assouplir les mesures de restrictions en vigueur depuis des mois.<\/p>\n<p><strong>Lire aussi| <a href=\"https:\/\/www.challenge.ma\/100-phds-for-africa-le-maroc-se-classe-troisieme-au-niveau-des-candidatures-186860\/\">100 PhDs for Africa : le Maroc se classe troisi\u00e8me au niveau des candidatures<\/a><\/strong><\/p>\n<p>Ainsi, le couvre-feu sur le territoire national a \u00e9t\u00e9 repouss\u00e9 23 heures (jusqu\u2019\u00e0 4 heures du matin). Ces mesures comprennent aussi l\u2019autorisation des rassemblements et des activit\u00e9s dans les espaces ferm\u00e9s pour moins de 50 personnes et les rassemblements et les activit\u00e9s dans les espaces ouverts pour moins de 100 personnes, avec l\u2019obligation d\u2019obtenir une autorisation aupr\u00e8s des autorit\u00e9s locales en cas de d\u00e9passement de ce nombre. \u00ab\u00a0Ces mesures permettent aux salles de f\u00eates d\u2019op\u00e9rer \u00e0 hauteur de 50% de leur capacit\u00e9 d\u2019accueil \u00e0 condition que le nombre des personnes pr\u00e9sentes ne d\u00e9passe pas les 100 personnes, autorisent l\u2019acc\u00e8s aux plages avec le respect de la distanciation physique et l\u2019ouverture des piscines publiques \u00e0 hauteur de 50% de leur capacit\u00e9 d\u2019accueil\u00a0\u00bb, indiquait le communiqu\u00e9 du gouvernement, ajoutant qu\u2019il \u00ab\u00a0exhorte tous les citoyennes et citoyens \u00e0 continuer \u00e0 respecter totalement et rigoureusement l\u2019ensemble des mesures pr\u00e9ventives annonc\u00e9es, notamment la distanciation physique, les r\u00e8gles d\u2019hygi\u00e8ne et le port des masques de protection\u00a0\u00bb.<\/p>\n<p><strong>Lire aussi| <a href=\"https:\/\/www.challenge.ma\/immobilier-une-prorogation-de-lexoneration-des-droits-denregistrement-en-vue-document-186789\/\">Immobilier : une prorogation de l\u2019exon\u00e9ration des droits d\u2019enregistrement en vue [Document]<\/a><\/strong><\/p>\n<p>Auteur: challenge<br \/>\n<a href=\"https:\/\/www.challenge.ma\/coronavirus-letat-durgence-sanitaire-prolonge-jusquau-10-juillet-2021-186885\/\">Cliquez ici pour lire l&rsquo;article depuis sa source.<\/a><\/p>\n","protected":false},"excerpt":{"rendered":"<p>Le gouvernement prolonge l\u2019\u00e9tat d\u2019urgence sanitaire jusqu\u2019au 10 juillet 2021. Le Conseil de gouvernement, r\u00e9uni le 3 juin \u00e0 Rabat, a d\u00e9cid\u00e9 de prolonger l\u2019\u00e9tat d\u2019urgence sanitaire sur l\u2019ensemble du territoire national jusqu\u2019au 10 juillet 2021, et ce dans le cadre des efforts de lutte contre la propagation de la pand\u00e9mie du nouveau coronavirus (Covid-19). [&hellip;]<\/p>\n","protected":false},"author":1787,"featured_media":0,"comment_status":"closed","ping_status":"closed","sticky":false,"template":"","format":"standard","meta":{"fifu_image_url":"","fifu_image_alt":"","footnotes":""},"categories":[78,54],"tags":[],"class_list":["post-117961","post","type-post","status-publish","format-standard","hentry","category-economie","category-maroc"],"_links":{"self":[{"href":"https:\/\/linitiative.ca\/International\/wp-json\/wp\/v2\/posts\/117961","targetHints":{"allow":["GET"]}}],"collection":[{"href":"https:\/\/linitiative.ca\/International\/wp-json\/wp\/v2\/posts"}],"about":[{"href":"https:\/\/linitiative.ca\/International\/wp-json\/wp\/v2\/types\/post"}],"author":[{"embeddable":true,"href":"https:\/\/linitiative.ca\/International\/wp-json\/wp\/v2\/users\/1787"}],"replies":[{"embeddable":true,"href":"https:\/\/linitiative.ca\/International\/wp-json\/wp\/v2\/comments?post=117961"}],"version-history":[{"count":0,"href":"https:\/\/linitiative.ca\/International\/wp-json\/wp\/v2\/posts\/117961\/revisions"}],"wp:attachment":[{"href":"https:\/\/linitiative.ca\/International\/wp-json\/wp\/v2\/media?parent=117961"}],"wp:term":[{"taxonomy":"category","embeddable":true,"href":"https:\/\/linitiative.ca\/International\/wp-json\/wp\/v2\/categories?post=117961"},{"taxonomy":"post_tag","embeddable":true,"href":"https:\/\/linitiative.ca\/International\/wp-json\/wp\/v2\/tags?post=117961"}],"curies":[{"name":"wp","href":"https:\/\/api.w.org\/{rel}","templated":true}]}}