{"id":117964,"date":"2021-06-03T12:17:05","date_gmt":"2021-06-03T16:17:05","guid":{"rendered":"https:\/\/linitiative.ca\/International\/les-imperatifs-de-la-relance\/"},"modified":"2021-06-03T12:17:05","modified_gmt":"2021-06-03T16:17:05","slug":"les-imperatifs-de-la-relance","status":"publish","type":"post","link":"https:\/\/linitiative.ca\/International\/les-imperatifs-de-la-relance\/","title":{"rendered":"Les imp\u00e9ratifs de la relance"},"content":{"rendered":"<p><strong>Le d\u00e9bat autour du rapport de la commission Benmoussa sur le Nouveau mod\u00e8le de d\u00e9veloppement est sain. Il ne faut pas en faire une question politicienne. Que ceux qui appellent \u00e0 des ruptures le trouvent trop ti\u00e8de, un peu livresque, fait partie de la d\u00e9mocratie, leurs arguments ne peuvent pas \u00eatre balay\u00e9s d\u2019un revers de main.<\/strong><\/p>\n<div class=\"c10\">\n<\/div>\n<p>Mais l\u2019urgence, c\u2019est cette sortie de crise. Le patronat marocain, comme tous les patronats du monde, met toujours\u00a0 en avant le climat des affaires comme l\u2019Alpha et l\u2019Omega de ce que devrait \u00eatre l\u2019action publique. L\u2019urgence, c\u2019est de sauver le maximum d\u2019entreprises pour assurer une relance qui ne concerne que peu les grandes entreprises. Ce dont il s\u2019agit, c\u2019est de limiter la mortalit\u00e9 au sein des TPE, cr\u00e9atrices d\u2019emplois et stabilisatrices de l\u2019ordre social, m\u00eame quand elles sont dans l\u2019informel.<\/p>\n<p><strong>Lire aussi | <a href=\"https:\/\/www.challenge.ma\/ifc-lance-un-nouveau-programme-pour-aider-les-startups-du-maghreb-a-se-developper-186899\/\">IFC lance un nouveau programme pour aider les startups du Maghreb \u00e0 se d\u00e9velopper<\/a><\/strong><\/p>\n<p>Pour l\u2019avenir, les revendications d\u2019une administration avec des qualit\u00e9s de c\u00e9l\u00e9rit\u00e9, de lisibilit\u00e9, sont totalement justifi\u00e9es, celles sur une protection nationale le sont tout autant. Sur les questions fiscales, le d\u00e9bat est permis. Aider \u00e0 la comp\u00e9titivit\u00e9 des entreprises est un imp\u00e9ratif \u00e9conomique. Mais, il faut que les patrons acceptent un imp\u00f4t sur la fortune qui toucherait uniquement le capital dormant. Si on veut des services publics de qualit\u00e9, outil principal de la justice sociale, il faut augmenter les ressources de l\u2019Etat. C\u2019est aussi simple que cela.<\/p>\n<p><strong>Lire aussi | <a href=\"https:\/\/www.challenge.ma\/rse-la-6e-edition-des-rencontres-du-reseau-rse-odd-afrique-placee-sous-le-signe-de-lemulation-186869\/\">RSE : la 6e \u00e9dition des rencontres du r\u00e9seau RSE ODD Afrique plac\u00e9e sous le signe de l\u2019\u00e9mulation<\/a><\/strong><\/p>\n<p>Maintenant, il faut se consacrer sur l\u2019essentiel qui est le sauvetage de la RAM, du secteur touristique, le soutien bancaire \u00e0 ceux qui red\u00e9marrent\u00a0 et la sauvegarde de l\u2019emploi. \u00ab\u00a0A long terme, nous serons tous morts\u00a0\u00bb disait Keynes. Le reste n\u2019est que litt\u00e9rature.<\/p>\n<p>Auteur: challenge<br \/>\n<a href=\"https:\/\/www.challenge.ma\/les-imperatifs-de-la-relance-186911\/\">Cliquez ici pour lire l&rsquo;article depuis sa source.<\/a><\/p>\n","protected":false},"excerpt":{"rendered":"<p>Le d\u00e9bat autour du rapport de la commission Benmoussa sur le Nouveau mod\u00e8le de d\u00e9veloppement est sain. Il ne faut pas en faire une question politicienne. Que ceux qui appellent \u00e0 des ruptures le trouvent trop ti\u00e8de, un peu livresque, fait partie de la d\u00e9mocratie, leurs arguments ne peuvent pas \u00eatre balay\u00e9s d\u2019un revers de [&hellip;]<\/p>\n","protected":false},"author":1787,"featured_media":0,"comment_status":"closed","ping_status":"closed","sticky":false,"template":"","format":"standard","meta":{"fifu_image_url":"","fifu_image_alt":"","footnotes":""},"categories":[78,54],"tags":[],"class_list":["post-117964","post","type-post","status-publish","format-standard","hentry","category-economie","category-maroc"],"_links":{"self":[{"href":"https:\/\/linitiative.ca\/International\/wp-json\/wp\/v2\/posts\/117964","targetHints":{"allow":["GET"]}}],"collection":[{"href":"https:\/\/linitiative.ca\/International\/wp-json\/wp\/v2\/posts"}],"about":[{"href":"https:\/\/linitiative.ca\/International\/wp-json\/wp\/v2\/types\/post"}],"author":[{"embeddable":true,"href":"https:\/\/linitiative.ca\/International\/wp-json\/wp\/v2\/users\/1787"}],"replies":[{"embeddable":true,"href":"https:\/\/linitiative.ca\/International\/wp-json\/wp\/v2\/comments?post=117964"}],"version-history":[{"count":0,"href":"https:\/\/linitiative.ca\/International\/wp-json\/wp\/v2\/posts\/117964\/revisions"}],"wp:attachment":[{"href":"https:\/\/linitiative.ca\/International\/wp-json\/wp\/v2\/media?parent=117964"}],"wp:term":[{"taxonomy":"category","embeddable":true,"href":"https:\/\/linitiative.ca\/International\/wp-json\/wp\/v2\/categories?post=117964"},{"taxonomy":"post_tag","embeddable":true,"href":"https:\/\/linitiative.ca\/International\/wp-json\/wp\/v2\/tags?post=117964"}],"curies":[{"name":"wp","href":"https:\/\/api.w.org\/{rel}","templated":true}]}}