{"id":117967,"date":"2021-06-03T16:27:57","date_gmt":"2021-06-03T20:27:57","guid":{"rendered":"https:\/\/linitiative.ca\/International\/tunisie-suspension-de-la-vente-des-tests-rapides-du-covid-dans-les-officines\/"},"modified":"2021-06-03T16:27:57","modified_gmt":"2021-06-03T20:27:57","slug":"tunisie-suspension-de-la-vente-des-tests-rapides-du-covid-dans-les-officines","status":"publish","type":"post","link":"https:\/\/linitiative.ca\/International\/tunisie-suspension-de-la-vente-des-tests-rapides-du-covid-dans-les-officines\/","title":{"rendered":"Tunisie \u2013 Suspension de la vente des tests rapides du covid dans les officines"},"content":{"rendered":"<div id=\"content-main\" class=\"left relative left relative\">\n<div class=\"post-info-out\">\n<div class=\"post-info-img left relative\"><img decoding=\"async\" alt=\"\" src=\"https:\/\/secure.gravatar.com\/avatar\/047123be9d5e8513774383916ee72db2?s=50&amp;d=mm&amp;r=g\" srcset=\"https:\/\/secure.gravatar.com\/avatar\/047123be9d5e8513774383916ee72db2?s=100&amp;d=mm&amp;r=g 2x\" class=\"avatar avatar-50 photo\" height=\"50\" width=\"50\" loading=\"lazy\"\/><\/div>\n<div class=\"post-info-in\">\n<div class=\"post-info-right left relative post-info-name left relative\"><span><span class=\"post-info-text\">Par<\/span> <span class=\"author-name vcard fn author\"><a href=\"https:\/\/www.tunisienumerique.com\/author\/lm\/\" title=\"Articles par LM\" rel=\"author\">LM<\/a><\/span><\/span> <span class=\"post-date updated\"><time class=\"post-date updated\" datetime=\"2021-06-03\">\u00a0| Il y a 27 secondes<\/time><\/span><br \/>\n<meta itemprop=\"dateModified\" content=\"2021-06-03\"\/><\/div>\n<\/div>\n<\/div>\n<div class=\"code-block code-block-1 c4\">\n <ins class=\"adsbygoogle c3\" data-ad-layout=\"in-article\" data-ad-format=\"fluid\" data-ad-client=\"ca-pub-2102118777505746\" data-ad-slot=\"7301775417\"\/>\n<\/div>\n<p>Le secr\u00e9taire g\u00e9n\u00e9ral du syndicat des pharmaciens de libre pratique, Naoufel Amira, a annonc\u00e9, ce jeudi, la suspension de la vente des tests rapides du covid, dans les officines, qui devait commencer aujourd\u2019hui.<\/p>\n<p>Il a assur\u00e9 que cette suspension a \u00e9t\u00e9 d\u00e9cid\u00e9e \u00e0 cause de plusieurs probl\u00e8mes d\u2019ordre organisationnel, comme la formation des agents exer\u00e7ant dans les officines, aux techniques de pr\u00e9l\u00e8vement, et comme les documents que le pharmacien devrait pouvoir fournir au client, pour attester le r\u00e9sultat de son test.<\/p>\n<p>Sans oublier, a ajout\u00e9 Amira, que le prix fix\u00e9 par le minist\u00e8re de la sant\u00e9 \u00e0 20 DT, est trop bas et ne permet pas aux pharmaciens de rentrer dans leurs frais, dans la mesure o\u00f9 ce sont eux qui doivent proc\u00e9der au pr\u00e9l\u00e8vement. Et ce prix ne prend m\u00eame pas en consid\u00e9ration le prix des moyens de protection que l\u2019agent de la pharmacie devrait mettre pour assurer le pr\u00e9l\u00e8vement tout en se prot\u00e9geant de la contagion.<\/p>\n<p>En r\u00e9sum\u00e9, une d\u00e9cision purement politique, que le ministre s\u2019est trop h\u00e2t\u00e9 \u00e0 annoncer, sans avoir pris le temps de la pr\u00e9parer\u00a0 ni l\u2019\u00e9tudier\u00a0!<\/p>\n<div class=\"swp_social_panel swp_horizontal_panel swp_flat_fresh swp_default_full_color swp_individual_full_color swp_other_full_color scale-100 scale-\" data-min-width=\"1100\" data-float-color=\"#ffffff\" data-float=\"bottom\" data-float-mobile=\"bottom\" data-transition=\"slide\">\n<div class=\"nc_tweetContainer swp_share_button total_shares total_sharesalt\"><span class=\"swp_count\">0 <span class=\"swp_label\">Partages<\/span><\/span><\/div>\n<\/div>\n<p><strong>Que se passe-t-il en Tunisie?<\/strong><br \/>Nous expliquons sur notre <a href=\"https:\/\/www.youtube.com\/channel\/UCRzypVq0B_yBad5eGrwBx0Q?sub_confirmation=1\" target=\"_blank\" rel=\"noopener\">cha\u00eene YouTube<\/a> . <a href=\"https:\/\/www.youtube.com\/channel\/UCRzypVq0B_yBad5eGrwBx0Q?sub_confirmation=1\" target=\"_blank\" rel=\"noopener\">Abonnez-vous!<\/a><\/p>\n<div class=\"mvp-org-wrap\" itemprop=\"publisher\">\n<div class=\"mvp-org-logo\" itemprop=\"logo\"><img decoding=\"async\" src=\"https:\/\/www.tunisienumerique.com\/wp-content\/uploads\/2017\/02\/logo_tunisie_numerique.png\"\/><br \/>\n<meta itemprop=\"url\" content=\"https:\/\/www.tunisienumerique.com\/wp-content\/uploads\/2017\/02\/logo_tunisie_numerique.png\"\/><\/div>\n<p><meta content=\"Tunisie\"\/><\/div>\n<div class=\"mvp-related-posts left relative\">\n<h4 class=\"post-header\"><span class=\"post-header\">Lire aussi<\/span><\/h4>\n<\/div>\n<div id=\"article-ad\">\n <ins class=\"adsbygoogle c5\" data-ad-client=\"ca-pub-2102118777505746\" data-ad-slot=\"6513972734\" data-ad-format=\"auto\" data-full-width-responsive=\"true\"\/>\n<\/div>\n<\/div>\n<div id=\"post-sidebar-wrap\">\n <ins class=\"adsbygoogle c5\" data-ad-client=\"ca-pub-2102118777505746\" data-ad-slot=\"6168283410\" data-ad-format=\"auto\" data-full-width-responsive=\"true\"\/>\n<\/div>\n<p>Auteur: LM<br \/>\n<a href=\"https:\/\/www.tunisienumerique.com\/tunisie-suspension-de-la-vente-des-tests-rapides-du-covid-dans-les-officines\/\">Cliquez ici pour lire l&rsquo;article depuis sa source.<\/a><\/p>\n","protected":false},"excerpt":{"rendered":"<p>Par LM \u00a0| Il y a 27 secondes Le secr\u00e9taire g\u00e9n\u00e9ral du syndicat des pharmaciens de libre pratique, Naoufel Amira, a annonc\u00e9, ce jeudi, la suspension de la vente des tests rapides du covid, dans les officines, qui devait commencer aujourd\u2019hui. Il a assur\u00e9 que cette suspension a \u00e9t\u00e9 d\u00e9cid\u00e9e \u00e0 cause de plusieurs probl\u00e8mes [&hellip;]<\/p>\n","protected":false},"author":1789,"featured_media":0,"comment_status":"closed","ping_status":"closed","sticky":false,"template":"","format":"standard","meta":{"fifu_image_url":"https:\/\/secure.gravatar.com\/avatar\/047123be9d5e8513774383916ee72db2?s=50&d=mm&r=g","fifu_image_alt":"Tunisie \u2013 Suspension de la vente des tests rapides du covid dans les officines","footnotes":""},"categories":[73,55],"tags":[],"class_list":["post-117967","post","type-post","status-publish","format-standard","hentry","category-actualite","category-tunisie"],"_links":{"self":[{"href":"https:\/\/linitiative.ca\/International\/wp-json\/wp\/v2\/posts\/117967","targetHints":{"allow":["GET"]}}],"collection":[{"href":"https:\/\/linitiative.ca\/International\/wp-json\/wp\/v2\/posts"}],"about":[{"href":"https:\/\/linitiative.ca\/International\/wp-json\/wp\/v2\/types\/post"}],"author":[{"embeddable":true,"href":"https:\/\/linitiative.ca\/International\/wp-json\/wp\/v2\/users\/1789"}],"replies":[{"embeddable":true,"href":"https:\/\/linitiative.ca\/International\/wp-json\/wp\/v2\/comments?post=117967"}],"version-history":[{"count":0,"href":"https:\/\/linitiative.ca\/International\/wp-json\/wp\/v2\/posts\/117967\/revisions"}],"wp:attachment":[{"href":"https:\/\/linitiative.ca\/International\/wp-json\/wp\/v2\/media?parent=117967"}],"wp:term":[{"taxonomy":"category","embeddable":true,"href":"https:\/\/linitiative.ca\/International\/wp-json\/wp\/v2\/categories?post=117967"},{"taxonomy":"post_tag","embeddable":true,"href":"https:\/\/linitiative.ca\/International\/wp-json\/wp\/v2\/tags?post=117967"}],"curies":[{"name":"wp","href":"https:\/\/api.w.org\/{rel}","templated":true}]}}