{"id":117970,"date":"2021-06-03T15:38:23","date_gmt":"2021-06-03T19:38:23","guid":{"rendered":"https:\/\/linitiative.ca\/International\/an-ii-du-massacre-de-khartoum\/"},"modified":"2021-06-03T15:38:23","modified_gmt":"2021-06-03T19:38:23","slug":"an-ii-du-massacre-de-khartoum","status":"publish","type":"post","link":"https:\/\/linitiative.ca\/International\/an-ii-du-massacre-de-khartoum\/","title":{"rendered":"AN II DU MASSACRE DE KHARTOUM"},"content":{"rendered":"<p class=\"c4\"><em>Le 3 juin 2019, des dizaines de manifestants pacifiques rencontraient la mort alors qu\u2019ils protestaient pacifiquement contre la r\u00e9cup\u00e9ration de la r\u00e9volution par les militaires. La brutalit\u00e9 de la soldatesque avait \u00e9mu tant l\u2019opinion nationale que la communaut\u00e9 internationale. Elle avait d\u2019autant plus suscit\u00e9 l\u2019indignation que les Soudanaises et les Soudanais qui ont pris part \u00e0 la r\u00e9volution, avaient fond\u00e9 l\u2019espoir que la chute du boucher de Khartoum, Omar El B\u00e9chir, marquerait l\u2019av\u00e8nement d\u2019un r\u00e9gime arrim\u00e9 au respect des droits humains. Leur d\u00e9senchantement fut grand, quand les forces de s\u00e9curit\u00e9 ont ouvert le feu sur un sit-in, tuant plus de\u00a0 100 manifestants et en blessant des dizaines d\u2019autres. Les nouveaux ma\u00eetres de Khartoum avaient alors promis la cr\u00e9ation d\u2019une commission d\u2019enqu\u00eate nationale charg\u00e9e de faire la lumi\u00e8re sur les all\u00e9gations de violation des droits de l\u2019Homme le\u00a0 3 juin 2019 et l\u2019ouverture d\u2019autres enqu\u00eates pour des crimes commis dans le pass\u00e9. Deux ans apr\u00e8s le drame, aucun d\u00e9but de manifestation de la v\u00e9rit\u00e9. C\u2019est contre cet \u00e9tat\u00a0 de fait que des experts ind\u00e9pendants de l\u2019ONU (Organisation des nations unies) ont d\u00e9clar\u00e9, le 3 juin 2021, que la reddition des comptes et la justice pour les victimes du massacre du 3 juin 2019 de manifestants pacifiques \u00e0 Khartoum, sont indispensables pour que le pays aille dans le sens d\u2019une d\u00e9mocratie pacifique. L\u2019on peut, d\u2019embl\u00e9e, rendre hommage aux experts ind\u00e9pendants qui ont sign\u00e9 cette d\u00e9claration. Car, sans de tels actes, beaucoup de crimes risquent d\u2019\u00eatre ensevelis par le temps. Mais, l\u2019on peut se poser la question de savoir si cette sortie des experts ind\u00e9pendants de l\u2019ONU, peut v\u00e9ritablement faire bouger les lignes dans le sens d\u2019une manifestation de la v\u00e9rit\u00e9 \u00e0 propos de l\u2019attaque meurtri\u00e8re du 3 juin 2019.<\/em><\/p>\n<p class=\"c4\"><em>\u00a0<\/em><\/p>\n<p class=\"c6\"><strong><em>La communaut\u00e9 internationale doit prendre les exigences des experts ind\u00e9pendants de l\u2019ONU \u00e0 son compte<\/em><\/strong><\/p>\n<p class=\"c6\"><strong><em>\u00a0<\/em><\/strong><\/p>\n<p class=\"c4\"><em>\u00a0<\/em><\/p>\n<p class=\"c4\"><em>\u00a0Car, il est vrai que B\u00e9chir est parti mais bien des g\u00e9n\u00e9raux qui l\u2019ont accompagn\u00e9 tout au long de ses 30 ans de r\u00e8gne sanglant sur le Soudan, sont encore au pouvoir \u00e0 Khartoum. Et ces gens-l\u00e0 ont \u00e9t\u00e9 format\u00e9s par des habitudes et des pratiques qui sont\u00a0 aux antipodes du respect des droits humains. En r\u00e9alit\u00e9, ils sont imperm\u00e9ables au langage du respect des droits de l\u2019Homme. Ils ont juste suivi le sens du vent de la r\u00e9volution pour ne pas subir le sort de leur ancien mentor. L\u2019on peut m\u00eame se poser la question de savoir s\u2019ils n\u2019ont pas fait cette r\u00e9volution de palais pour \u00e9viter d\u2019\u00eatre eux m\u00eames emport\u00e9s par la bourrasque r\u00e9volutionnaire. Ce qui aurait entra\u00een\u00e9 vraisemblablement des r\u00e9formes d\u00e9mocratiques significatives au Soudan.\u00a0 \u00a0\u00a0De ce point de vue, l\u2019on peut \u00eatre sceptique quant \u00e0 leur volont\u00e9 r\u00e9elle d\u2019enqu\u00eater sur le cas du 3 juin 2019 en particulier et quant \u00e0 l\u2019ouverture d\u2019autres enqu\u00eates pour des crimes commis dans le pass\u00e9 en g\u00e9n\u00e9ral.\u00a0 Les experts ind\u00e9pendants de l\u2019ONU ont \u00e9galement \u00e9voqu\u00e9 la situation sp\u00e9cifique des femmes victimes notamment d\u2019abus et de violences sexuels. Sur ce sujet aussi, l\u2019on ne peut rien attendre de bon de la part de bien des autorit\u00e9s militaires qui g\u00e8rent le pouvoir aujourd\u2019hui au Soudan, pour la simple raison que certains d\u2019entre eux pourraient avoir fait partie des donneurs d\u2019ordres au moment des faits. La personne sur laquelle on peut compter pour v\u00e9ritablement arrimer le Soudan post-B\u00e9chir aux principes de base de l\u2019Etat de droit, est le Premier ministre civil, Abdallah Hamdok. Mais tout porte \u00e0 croire que les marges de man\u0153uvre\u00a0 de ce dernier sont tr\u00e8s r\u00e9duites. Il revient donc au peuple soudanais d\u2019ouvrir l\u2019\u0153il et le bon de sorte \u00e0 ce que sa r\u00e9volution, pour laquelle son sang a \u00e9t\u00e9 vers\u00e9, ne soit pas brad\u00e9e par des nostalgiques du r\u00e9gime de Omar El B\u00e9chir. La communaut\u00e9 internationale qui, aujourd\u2019hui, est en train de d\u00e9lier les cordons de la bourse pour accompagner la transition au Soudan vers la d\u00e9mocratie, doit \u00e9galement faire pareil au risque de voir ses efforts vou\u00e9s \u00e0 l\u2019\u00e9chec. C\u2019est pourquoi elle doit, ici et maintenant, prendre les exigences des experts ind\u00e9pendants de l\u2019ONU \u00e0 son compte. Par-l\u00e0, elle peut mettre la pression sur les autorit\u00e9s militaires aux affaires au Soudan\u00a0 pour les obliger \u00e0 tourner d\u00e9finitivement la page des pratiques d\u2019Omar el B\u00e9chir. C\u2019est \u00e0 ce prix que la r\u00e9volution soudanise n\u2019aurait pas \u00e9t\u00e9 inutile.<\/em><\/p>\n<p class=\"c4\"><em>\u00a0<\/em><\/p>\n<p class=\"c6\"><strong><em>Pousdem PICKOU<\/em><\/strong><\/p>\n<p class=\"c6\"><strong><em>\u00a0<\/em><\/strong><\/p>\n<p>Auteur: Editions LEPAYS<br \/>\n<a href=\"https:\/\/lepays.bf\/an-ii-du-massacre-de-khartoum\/\">Cliquez ici pour lire l&rsquo;article depuis sa source.<\/a><\/p>\n","protected":false},"excerpt":{"rendered":"<p>Le 3 juin 2019, des dizaines de manifestants pacifiques rencontraient la mort alors qu\u2019ils protestaient pacifiquement contre la r\u00e9cup\u00e9ration de la r\u00e9volution par les militaires. La brutalit\u00e9 de la soldatesque avait \u00e9mu tant l\u2019opinion nationale que la communaut\u00e9 internationale. Elle avait d\u2019autant plus suscit\u00e9 l\u2019indignation que les Soudanaises et les Soudanais qui ont pris part [&hellip;]<\/p>\n","protected":false},"author":1813,"featured_media":0,"comment_status":"closed","ping_status":"closed","sticky":false,"template":"","format":"standard","meta":{"fifu_image_url":"","fifu_image_alt":"","footnotes":""},"categories":[73,81],"tags":[],"class_list":["post-117970","post","type-post","status-publish","format-standard","hentry","category-actualite","category-burkina-faso"],"_links":{"self":[{"href":"https:\/\/linitiative.ca\/International\/wp-json\/wp\/v2\/posts\/117970","targetHints":{"allow":["GET"]}}],"collection":[{"href":"https:\/\/linitiative.ca\/International\/wp-json\/wp\/v2\/posts"}],"about":[{"href":"https:\/\/linitiative.ca\/International\/wp-json\/wp\/v2\/types\/post"}],"author":[{"embeddable":true,"href":"https:\/\/linitiative.ca\/International\/wp-json\/wp\/v2\/users\/1813"}],"replies":[{"embeddable":true,"href":"https:\/\/linitiative.ca\/International\/wp-json\/wp\/v2\/comments?post=117970"}],"version-history":[{"count":0,"href":"https:\/\/linitiative.ca\/International\/wp-json\/wp\/v2\/posts\/117970\/revisions"}],"wp:attachment":[{"href":"https:\/\/linitiative.ca\/International\/wp-json\/wp\/v2\/media?parent=117970"}],"wp:term":[{"taxonomy":"category","embeddable":true,"href":"https:\/\/linitiative.ca\/International\/wp-json\/wp\/v2\/categories?post=117970"},{"taxonomy":"post_tag","embeddable":true,"href":"https:\/\/linitiative.ca\/International\/wp-json\/wp\/v2\/tags?post=117970"}],"curies":[{"name":"wp","href":"https:\/\/api.w.org\/{rel}","templated":true}]}}