{"id":117971,"date":"2021-06-03T17:04:17","date_gmt":"2021-06-03T21:04:17","guid":{"rendered":"https:\/\/linitiative.ca\/International\/24e-edition-des-prix-galian-le-comite-dorganisation-sactive\/"},"modified":"2021-06-03T17:04:17","modified_gmt":"2021-06-03T21:04:17","slug":"24e-edition-des-prix-galian-le-comite-dorganisation-sactive","status":"publish","type":"post","link":"https:\/\/linitiative.ca\/International\/24e-edition-des-prix-galian-le-comite-dorganisation-sactive\/","title":{"rendered":"24e \u00e9dition des prix Galian : Le comit\u00e9 d\u2019organisation s\u2019active"},"content":{"rendered":"<div class=\"td-post-featured-image\">\n<figure><a href=\"https:\/\/www.sidwaya.info\/wp-content\/uploads\/2021\/06\/gallian.jpg\" data-caption=\"Le secr\u00e9taire g\u00e9n\u00e9ral du minist\u00e8re de la Communication et des Relations avec le Parlement, Rabankhi Abou-B\u00e2kr Zida, a appel\u00e9 \u00e0 soutenir les prix Galian.\"><img loading=\"lazy\" decoding=\"async\" width=\"696\" height=\"516\" class=\"entry-thumb td-modal-image\" src=\"https:\/\/www.sidwaya.info\/wp-content\/uploads\/2021\/06\/gallian-696x516.jpg\" srcset=\"https:\/\/www.sidwaya.info\/wp-content\/uploads\/2021\/06\/gallian-696x516.jpg 696w, https:\/\/www.sidwaya.info\/wp-content\/uploads\/2021\/06\/gallian-300x222.jpg 300w, https:\/\/www.sidwaya.info\/wp-content\/uploads\/2021\/06\/gallian-768x569.jpg 768w, https:\/\/www.sidwaya.info\/wp-content\/uploads\/2021\/06\/gallian-150x111.jpg 150w, https:\/\/www.sidwaya.info\/wp-content\/uploads\/2021\/06\/gallian-485x360.jpg 485w, https:\/\/www.sidwaya.info\/wp-content\/uploads\/2021\/06\/gallian-567x420.jpg 567w, https:\/\/www.sidwaya.info\/wp-content\/uploads\/2021\/06\/gallian-80x60.jpg 80w, https:\/\/www.sidwaya.info\/wp-content\/uploads\/2021\/06\/gallian.jpg 780w\" sizes=\"auto, (max-width: 696px) 100vw, 696px\" alt=\"\" title=\"gallian\"\/><\/a><figcaption class=\"wp-caption-text\">Le secr\u00e9taire g\u00e9n\u00e9ral du minist\u00e8re de la Communication et des Relations avec le Parlement, Rabankhi Abou-B\u00e2kr Zida, a appel\u00e9 \u00e0 soutenir les prix Galian.<\/figcaption><\/figure>\n<\/div>\n<p>Le minist\u00e8re de la Communication et des Relations avec le Parlement a anim\u00e9 une conf\u00e9rence de presse, le jeudi 3 mai 2021 \u00e0 Ouagadougou, afin d\u2019informer les journalistes sur l\u2019\u00e9tat d\u2019avancement de l\u2019organisation de la 24e \u00e9dition du concours des \u00ab prix Galian \u00bb pr\u00e9vu, le 25 juin prochain.<\/p>\n<p>Le comit\u00e9 d\u2019organisation des prix Galian s\u2019active pour une tenue effective et r\u00e9ussie de l\u2019\u00e9v\u00e8nement pr\u00e9vu le 25 juin prochain. A cet effet, il a convi\u00e9 la presse, le jeudi, 3 juin pour s\u2019exprimer sur l\u2019avancement des pr\u00e9paratifs. Selon, le secr\u00e9taire g\u00e9n\u00e9ral du minist\u00e8re de la Communication et des Relations avec le Parlement, Rabankhi Abou-B\u00e2kr Zida, ce sont au total 129 candidatures qui ont \u00e9t\u00e9 enregistr\u00e9es pour la 24e \u00e9dition des prix. Il a pr\u00e9cis\u00e9 qu\u2019en langue nationale, le comit\u00e9 d\u2019organisation a re\u00e7u 13 candidatures et 12 de la presse en ligne. Pour ce qui est de la radiodiffusion t\u00e9l\u00e9vision sonore en langue fran\u00e7aise, il y a 54 \u0153uvres et 50 de la presse \u00e9crite en langue fran\u00e7aise.<\/p>\n<p>Il a pr\u00e9cis\u00e9 que ces diff\u00e9rentes \u0153uvres ont \u00e9t\u00e9 examin\u00e9es par quatre jurys pour d\u00e9signer les meilleures productions dans les cat\u00e9gories en comp\u00e9tition. Il a \u00e9galement rassur\u00e9 que chacun des jurys a boucl\u00e9 \u00e0 ce jour, ces travaux et la prochaine \u00e9tape consiste \u00e0 se r\u00e9unir pour la d\u00e9signation du Super Galian. Pour ce qui est des innovations pour cette \u00e9dition, il a pr\u00e9cis\u00e9 qu\u2019il envisage mettre en place un comit\u00e9 de r\u00e9formes charg\u00e9 de revisiter tout ce qui a \u00e9t\u00e9 fait et de proposer un autre format pour l\u2019organisation et cela sera constat\u00e9 \u00e0 partir de la 25e \u00e9dition. Il a aussi signifi\u00e9 que cette \u00e9dition va conna\u00eetre la pr\u00e9sence de personnalit\u00e9s VIP qui viendront d\u2019autres horizons.<\/p>\n<p>\u00ab Nous n\u2019allons pas tout de suite vendre la m\u00e8che. Mais, il y a des invitations qui ont \u00e9t\u00e9 lanc\u00e9es \u00bb, a-t-il dit. A l\u2019en croire, cette vision va permettre une ouverture des prix vers d\u2019autres contr\u00e9es de la sous-r\u00e9gion. Il a en outre soulign\u00e9 que la pr\u00e9sente \u00e9dition va regrouper les anciens ministres de la communication qui ont plus ou moins chacun apport\u00e9 sa contribution \u00e0<br \/>l\u2019\u00e9dification des Galian. M. Zida a par ailleurs appel\u00e9 les bonnes volont\u00e9s \u00e0 soutenir la nuit des prix Galian qui, selon lui, est un \u00e9v\u00e8nement majeur du monde de la presse. Le concours a \u00e9t\u00e9 initi\u00e9 en 1997 dans le but de cultiver l\u2019excellence et la qualit\u00e9 dans les productions journalistiques.<\/p>\n<p class=\"c1\"><strong>Aly SAWADOGO<\/strong><br \/><strong>Ida Ou\u00e9draogo<\/strong><br \/>(Stagiaire)<\/p>\n<div class=\"td-a-rec td-a-rec-id-content_bottom tdi_33_19d td_block_template_1\">\n<p><img loading=\"lazy\" decoding=\"async\" class=\"aligncenter size-full wp-image-27454\" src=\"https:\/\/www.sidwaya.info\/wp-content\/uploads\/2020\/10\/PUB-Bandeau-paiement-mobile-siteweb.jpg\" alt=\"\" width=\"728\" height=\"90\"\/><\/div>\n<p>Auteur: JK. Sidwaya<br \/>\n<a href=\"https:\/\/www.sidwaya.info\/blog\/2021\/06\/03\/24e-edition-des-prix-galian-le-comite-dorganisation-sactive\/\">Cliquez ici pour lire l&rsquo;article depuis sa source.<\/a><\/p>\n","protected":false},"excerpt":{"rendered":"<p>Le secr\u00e9taire g\u00e9n\u00e9ral du minist\u00e8re de la Communication et des Relations avec le Parlement, Rabankhi Abou-B\u00e2kr Zida, a appel\u00e9 \u00e0 soutenir les prix Galian. Le minist\u00e8re de la Communication et des Relations avec le Parlement a anim\u00e9 une conf\u00e9rence de presse, le jeudi 3 mai 2021 \u00e0 Ouagadougou, afin d\u2019informer les journalistes sur l\u2019\u00e9tat d\u2019avancement [&hellip;]<\/p>\n","protected":false},"author":1816,"featured_media":0,"comment_status":"closed","ping_status":"closed","sticky":false,"template":"","format":"standard","meta":{"fifu_image_url":"https:\/\/www.sidwaya.info\/wp-content\/uploads\/2021\/06\/gallian-696x516.jpg","fifu_image_alt":"24e \u00e9dition des prix Galian : Le comit\u00e9 d\u2019organisation s\u2019active","footnotes":""},"categories":[73,81],"tags":[],"class_list":["post-117971","post","type-post","status-publish","format-standard","hentry","category-actualite","category-burkina-faso"],"_links":{"self":[{"href":"https:\/\/linitiative.ca\/International\/wp-json\/wp\/v2\/posts\/117971","targetHints":{"allow":["GET"]}}],"collection":[{"href":"https:\/\/linitiative.ca\/International\/wp-json\/wp\/v2\/posts"}],"about":[{"href":"https:\/\/linitiative.ca\/International\/wp-json\/wp\/v2\/types\/post"}],"author":[{"embeddable":true,"href":"https:\/\/linitiative.ca\/International\/wp-json\/wp\/v2\/users\/1816"}],"replies":[{"embeddable":true,"href":"https:\/\/linitiative.ca\/International\/wp-json\/wp\/v2\/comments?post=117971"}],"version-history":[{"count":0,"href":"https:\/\/linitiative.ca\/International\/wp-json\/wp\/v2\/posts\/117971\/revisions"}],"wp:attachment":[{"href":"https:\/\/linitiative.ca\/International\/wp-json\/wp\/v2\/media?parent=117971"}],"wp:term":[{"taxonomy":"category","embeddable":true,"href":"https:\/\/linitiative.ca\/International\/wp-json\/wp\/v2\/categories?post=117971"},{"taxonomy":"post_tag","embeddable":true,"href":"https:\/\/linitiative.ca\/International\/wp-json\/wp\/v2\/tags?post=117971"}],"curies":[{"name":"wp","href":"https:\/\/api.w.org\/{rel}","templated":true}]}}