{"id":117972,"date":"2021-06-03T17:09:16","date_gmt":"2021-06-03T21:09:16","guid":{"rendered":"https:\/\/linitiative.ca\/International\/cooperation-bilaterale-le-burkina-ouvre-un-consulat-a-bissau\/"},"modified":"2021-06-03T17:09:16","modified_gmt":"2021-06-03T21:09:16","slug":"cooperation-bilaterale-le-burkina-ouvre-un-consulat-a-bissau","status":"publish","type":"post","link":"https:\/\/linitiative.ca\/International\/cooperation-bilaterale-le-burkina-ouvre-un-consulat-a-bissau\/","title":{"rendered":"Coop\u00e9ration bilat\u00e9rale : Le Burkina ouvre un consulat \u00e0 Bissau"},"content":{"rendered":"<div class=\"td-post-featured-image\">\n<figure><a href=\"https:\/\/www.sidwaya.info\/wp-content\/uploads\/2021\/06\/ambassade.jpg\" data-caption=\"C\u2019est ici que les Burkinab\u00e8 vivant en Guin\u00e9e-Bissau pourront d\u00e9sormais se retrouver.\"><img loading=\"lazy\" decoding=\"async\" width=\"696\" height=\"427\" class=\"entry-thumb td-modal-image\" src=\"https:\/\/www.sidwaya.info\/wp-content\/uploads\/2021\/06\/ambassade-696x427.jpg\" srcset=\"https:\/\/www.sidwaya.info\/wp-content\/uploads\/2021\/06\/ambassade-696x427.jpg 696w, https:\/\/www.sidwaya.info\/wp-content\/uploads\/2021\/06\/ambassade-300x184.jpg 300w, https:\/\/www.sidwaya.info\/wp-content\/uploads\/2021\/06\/ambassade-768x471.jpg 768w, https:\/\/www.sidwaya.info\/wp-content\/uploads\/2021\/06\/ambassade-150x92.jpg 150w, https:\/\/www.sidwaya.info\/wp-content\/uploads\/2021\/06\/ambassade-685x420.jpg 685w, https:\/\/www.sidwaya.info\/wp-content\/uploads\/2021\/06\/ambassade.jpg 780w\" sizes=\"auto, (max-width: 696px) 100vw, 696px\" alt=\"\" title=\"ambassade\"\/><\/a><figcaption class=\"wp-caption-text\">C\u2019est ici que les Burkinab\u00e8 vivant en Guin\u00e9e-Bissau pourront d\u00e9sormais se retrouver.<\/figcaption><\/figure>\n<\/div>\n<p><strong>Le ministre d\u2019Etat, ministre des Affaires \u00e9trang\u00e8res, de la Coop\u00e9ration, de l\u2019Int\u00e9gration africaine et des Burkinab\u00e8 de l\u2019ext\u00e9rieur, Alpha Barry, a \u00e9chang\u00e9 avec les Burkinab\u00e8 r\u00e9sidant en Guin\u00e9e-Bissau, le mercredi 2 juin 2021 \u00e0 Bissau.<\/strong><br \/><strong>A l\u2019occasion, il a inaugur\u00e9 le consulat du Burkina Faso dans la capitale bissau-guin\u00e9enne.<\/strong><\/p>\n<p>Le drapeau burkinab\u00e8 flotte d\u00e9sormais dans le ciel bissau-guin\u00e9en. En conseil des ministres du mercredi 2 juin 2021, le gouvernement burkinab\u00e8 nommait Ma\u00efmouna Boro comme consule honoraire du Burkina Faso en Guin\u00e9e- Bissau. En s\u00e9jour dans ce pays, dans le cadre de la premi\u00e8re commission mixte de coop\u00e9ration entre les deux pays, le ministre d\u2019Etat, ministre des Affaires \u00e9trang\u00e8res, de la Coop\u00e9ration, de l\u2019Int\u00e9gration africaine et des Burkinab\u00e8 de l\u2019ext\u00e9rieur, Alpha Barry, a proc\u00e9d\u00e9, le m\u00eame jour, \u00e0 l\u2019inauguration du consulat du pays des Hommes int\u00e8gres \u00e0 Bissau. Entonnant l\u2019hymne national, la trentaine de Burkinab\u00e8 install\u00e9 dans le pays ont mont\u00e9 le drapeau, faisant d\u00e9sormais du<br \/>consulat, la maison du Burkina.<\/p>\n<p>Fra\u00eechement nomm\u00e9e, la consule honoraire, Ma\u00efmouna Boro, a exprim\u00e9 sa gratitude au gouvernement, au ministre Alpha Barry et \u00e0 l\u2019ambassadeur du Burkina Faso r\u00e9sidant au S\u00e9n\u00e9gal, Jacob Ou\u00e9draogo, pour cette marque de confiance. \u00ab Je fais ce travail de rassemblement de mes compatriotes depuis plus de 15 ans. Ma nomination me donne plus de force et de l\u00e9galit\u00e9 pour d\u00e9fendre leurs int\u00e9r\u00eats et leur permettre de se sentir ici comme chez eux \u00bb, a-t-elle fait savoir.<\/p>\n<p>Pour sa part, l\u2019ambassadeur Ou\u00e9draogo, a invit\u00e9 la communaut\u00e9 vivant en Guin\u00e9e-Bissau, \u00e0 faire de cette maison, la leur. \u00ab Ce consulat est le v\u00f4tre. Vous avez d\u00e9sormais un chez vous, un trait d\u2019union entre vous et avec le pays \u00bb, leur a-t-il signifi\u00e9. Par la suite, le ministre d\u2019Etat, ministre en charge des affaires \u00e9trang\u00e8res, Alpha Barry, a \u00e9chang\u00e9 avec les Burkinab\u00e8 vivant dans le pays.<\/p>\n<p>Ainsi, le vice-pr\u00e9sident de leur association, Moussa Barry, a signifi\u00e9 que ses compatriotes sont environ 400, venus de tous les horizons du pays pour \u00ab se chercher \u00bb. \u00ab Nous avons r\u00e9ussi quelque chose d\u2019important. Nous n\u2019avons pas de rancune et de hi\u00e9rarchie. Peu importe que l\u2019on soit de l\u2019Est, du Nord, du Sud, du Centre ou de l\u2019Ouest du Burkina, notre d\u00e9nominateur commun, c\u2019est que nous sommes des Burkinab\u00e8 qui sommes en Guin\u00e9e-Bissau pour r\u00e9ussir \u00bb, a-t-il dit.<\/p>\n<h4>\u00ab Bient\u00f4t \u00bb, une mission consulaire \u00e0 Bissau<\/h4>\n<p>R\u00e9sidant en Guin\u00e9e-Bissau depuis plus de 30 ans, le vice-pr\u00e9sident Barry dit avoir fait de l\u2019ouverture de ce consulat, un combat de sa vie. \u00ab Chaque fois qu\u2019une autorit\u00e9 venait ici, nous lui soumettions le probl\u00e8me en vain. C\u2019est lors de son s\u00e9jour en septembre dernier \u00e0 l\u2019investiture du pr\u00e9sident Umaro Sissoco Embalo que le pr\u00e9sident Roch Marc Christian Kabor\u00e9 nous a promis de le faire et en quelques mois, c\u2019est chose faite.<\/p>\n<p>A partir d\u2019aujourd\u2019hui, si je n\u2019ai pas un endroit o\u00f9 dormir, je dors ici, parce que j\u2019ai une maison avec un drapeau \u00bb, a-t-il t\u00e9moign\u00e9. Exer\u00e7ant dans l\u2019informel en Guin\u00e9e- Bissau depuis 11 ans, Rasman\u00e9 Niki\u00e9ma, a exprim\u00e9 son \u00e9motion de voir le drapeau burkinab\u00e8 flotter dans le ciel bissau-guin\u00e9en, mais a souhait\u00e9 plus de facilit\u00e9 pour la diaspora dans l\u2019\u00e9tablissement de leurs actes administratifs. En r\u00e9ponse, le ministre Alpha Barry a promis l\u2019arriv\u00e9e \u00ab prochaine \u00bb d\u2019une mission consulaire compos\u00e9e de magistrats notamment, pour une op\u00e9ration d\u2019\u00e9tablissement massif de documents.<\/p>\n<p>D\u00e9j\u00e0, il a appel\u00e9 ses compatriotes vivant en Guin\u00e9e-Bissau \u00e0 l\u2019unit\u00e9, \u00e0 la solidarit\u00e9 et au vivre-ensemble pour bien s\u2019int\u00e9grer dans leur communaut\u00e9 d\u2019accueil. \u00ab Partout o\u00f9 le Burkinab\u00e8 vit, on le reconna\u00eet comme travailleur et s\u00e9rieux. Faites tout pour garder ce flambeau afin de p\u00e9renniser ce cr\u00e9dit qu\u2019on accorde \u00e0 notre pays, comme l\u2019a toujours conseill\u00e9 le Pr\u00e9sident du Faso, Roch Marc Christian Kabor\u00e9 \u00bb, a-t-il lanc\u00e9. Le chef de la diplomatie burkinab\u00e8 a aussi salu\u00e9 l\u2019engagement de Mme Boro en faveur de ses compatriotes qui lui a permis d\u2019\u00eatre nomm\u00e9e consule honoraire.<\/p>\n<p class=\"c1\"><strong>Jean-Marie TOE<\/strong><\/p>\n<div class=\"td-a-rec td-a-rec-id-content_bottom tdi_33_cc0 td_block_template_1\">\n<p><img loading=\"lazy\" decoding=\"async\" class=\"aligncenter size-full wp-image-27454\" src=\"https:\/\/www.sidwaya.info\/wp-content\/uploads\/2020\/10\/PUB-Bandeau-paiement-mobile-siteweb.jpg\" alt=\"\" width=\"728\" height=\"90\"\/><\/div>\n<p>Auteur: JK. Sidwaya<br \/>\n<a href=\"https:\/\/www.sidwaya.info\/blog\/2021\/06\/03\/cooperation-bilaterale-le-burkina-ouvre-un-consulat-a-bissau\/\">Cliquez ici pour lire l&rsquo;article depuis sa source.<\/a><\/p>\n","protected":false},"excerpt":{"rendered":"<p>C\u2019est ici que les Burkinab\u00e8 vivant en Guin\u00e9e-Bissau pourront d\u00e9sormais se retrouver. Le ministre d\u2019Etat, ministre des Affaires \u00e9trang\u00e8res, de la Coop\u00e9ration, de l\u2019Int\u00e9gration africaine et des Burkinab\u00e8 de l\u2019ext\u00e9rieur, Alpha Barry, a \u00e9chang\u00e9 avec les Burkinab\u00e8 r\u00e9sidant en Guin\u00e9e-Bissau, le mercredi 2 juin 2021 \u00e0 Bissau.A l\u2019occasion, il a inaugur\u00e9 le consulat du Burkina [&hellip;]<\/p>\n","protected":false},"author":1816,"featured_media":0,"comment_status":"closed","ping_status":"closed","sticky":false,"template":"","format":"standard","meta":{"fifu_image_url":"https:\/\/www.sidwaya.info\/wp-content\/uploads\/2021\/06\/ambassade-696x427.jpg","fifu_image_alt":"Coop\u00e9ration bilat\u00e9rale : Le Burkina ouvre un consulat \u00e0 Bissau","footnotes":""},"categories":[73,81],"tags":[],"class_list":["post-117972","post","type-post","status-publish","format-standard","hentry","category-actualite","category-burkina-faso"],"_links":{"self":[{"href":"https:\/\/linitiative.ca\/International\/wp-json\/wp\/v2\/posts\/117972","targetHints":{"allow":["GET"]}}],"collection":[{"href":"https:\/\/linitiative.ca\/International\/wp-json\/wp\/v2\/posts"}],"about":[{"href":"https:\/\/linitiative.ca\/International\/wp-json\/wp\/v2\/types\/post"}],"author":[{"embeddable":true,"href":"https:\/\/linitiative.ca\/International\/wp-json\/wp\/v2\/users\/1816"}],"replies":[{"embeddable":true,"href":"https:\/\/linitiative.ca\/International\/wp-json\/wp\/v2\/comments?post=117972"}],"version-history":[{"count":0,"href":"https:\/\/linitiative.ca\/International\/wp-json\/wp\/v2\/posts\/117972\/revisions"}],"wp:attachment":[{"href":"https:\/\/linitiative.ca\/International\/wp-json\/wp\/v2\/media?parent=117972"}],"wp:term":[{"taxonomy":"category","embeddable":true,"href":"https:\/\/linitiative.ca\/International\/wp-json\/wp\/v2\/categories?post=117972"},{"taxonomy":"post_tag","embeddable":true,"href":"https:\/\/linitiative.ca\/International\/wp-json\/wp\/v2\/tags?post=117972"}],"curies":[{"name":"wp","href":"https:\/\/api.w.org\/{rel}","templated":true}]}}