{"id":117976,"date":"2021-06-03T15:18:02","date_gmt":"2021-06-03T19:18:02","guid":{"rendered":"https:\/\/linitiative.ca\/International\/ouverture-a-abidjan-de-la-conference-africaine-de-la-societe-deconometrie\/"},"modified":"2021-06-03T15:18:02","modified_gmt":"2021-06-03T19:18:02","slug":"ouverture-a-abidjan-de-la-conference-africaine-de-la-societe-deconometrie","status":"publish","type":"post","link":"https:\/\/linitiative.ca\/International\/ouverture-a-abidjan-de-la-conference-africaine-de-la-societe-deconometrie\/","title":{"rendered":"Ouverture \u00e0 Abidjan de la conf\u00e9rence africaine de la soci\u00e9t\u00e9 d\u2019\u00e9conom\u00e9trie"},"content":{"rendered":"<div readability=\"32\">\n<p>Publi\u00e9 le 03.06.2021 \u00e0 20h18 par APA News<\/p>\n<\/div>\n<div readability=\"98\">\n<p>L\u2019\u00e9dition 2021 de la conf\u00e9rence africaine de la soci\u00e9t\u00e9 d\u2019\u00e9conom\u00e9trie (AFES 2021) s\u2019est ouverte, jeudi, \u00e0 l\u2019Ecole nationale sup\u00e9rieure de statistique et d\u2019\u00e9conomie appliqu\u00e9e (ENSEA) d\u2019Abidjan.<\/p>\n<p>Proc\u00e9dant \u00e0 l\u2019ouverture des travaux de cette conf\u00e9rence sur le th\u00e8me, \u00ab\u00a0Education et d\u00e9veloppement\u00a0\u00bb, Y\u00e9o Nahoua, Directeur de cabinet de la ministre ivoirienne du Plan et du d\u00e9veloppement a relev\u00e9 la pertinence des diff\u00e9rentes th\u00e9matiques qui seront abord\u00e9es au cours de ces assises.<\/p>\n<p>\u00ab Ces th\u00e9matiques correspondent bien aux d\u00e9fis que doivent relever les politiques publiques dans bien de pays \u00bb, a expliqu\u00e9 M. Y\u00e9o qui repr\u00e9sentait la ministre du Plan et du d\u00e9veloppement, Nial\u00e9 Kaba. \u00a0<\/p>\n<p>Des th\u00e9matiques, telles que, \u00abam\u00e9liorer l\u2019enseignement pr\u00e9secondaire en Afrique : principaux d\u00e9fis et solutions pour le d\u00e9veloppement du capital humain \u00bb, \u00abPolitiques \u00e9ducatives pour un succ\u00e8s durable\u00bb et \u00a0\u00abLes performances de l\u2019enseignement secondaire : cas exp\u00e9rimental du Ghana\u00bb sont au menu de cette conf\u00e9rence qui prendra fin le 05 juin prochain. \u00a0<\/p>\n<p>\u00ab L\u2019ENSEA est particuli\u00e8rement heureuse d\u2019abriter l\u2019\u00e9dition 2021 de la conf\u00e9rence africaine d\u2019\u00e9conom\u00e9trie. Ces activit\u00e9s scientifiques majeures s\u2019inscrivent parfaitement dans le cadre de la c\u00e9l\u00e9bration des 60 ans de l\u2019ENSEA \u00bb, a soulign\u00e9 auparavant, le directeur g\u00e9n\u00e9ral de cette \u00e9cole, \u00a0Dr Kouadio Kouassi Hugues.<\/p>\n<p>La conf\u00e9rence africaine de la soci\u00e9t\u00e9 d\u2019\u00e9conom\u00e9trie a pour but de promouvoir \u00e0 travers le continent la culture de l\u2019analyse \u00e9conomique bas\u00e9e sur des m\u00e9thodes quantitatives de pointe fond\u00e9es sur des th\u00e9ories statistiques et \u00e9conom\u00e9triques.<\/p>\n<p>Elle offre un cadre unique de rassemblement de chercheurs et d\u00e9cideurs de toute l\u2019Afrique et de l\u2019occident, tout en favorisant une forte synergie entre chercheurs africains et leurs pairs d\u2019outre-mer.<\/p>\n<p>La soci\u00e9t\u00e9 d\u2019\u00e9conom\u00e9trie est une soci\u00e9t\u00e9 internationale pour l\u2019avancement de la th\u00e9orie \u00e9conomique en relation avec la statistique et les math\u00e9matiques. C\u2019est le plus grand forum mondial d\u2019\u00e9conomistes incluant les universitaires de renomm\u00e9e mondiale en \u00e9conomie et disciplines connexes.<\/p>\n<p>La conf\u00e9rence africaine de la soci\u00e9t\u00e9 d\u2019\u00e9conom\u00e9trie a \u00e9t\u00e9 pr\u00e9c\u00e9d\u00e9e par l\u2019\u00e9dition inaugurale de l\u2019Universit\u00e9 d\u2019\u00e9t\u00e9 africaine d\u2019\u00e9conom\u00e9trie (ASSE) du 26 mai au 02 Juin 2021. Cette universit\u00e9 d\u2019\u00e9t\u00e9 a r\u00e9uni des \u00e9tudiants, jeunes professeurs et professionnels de la recherche de diverses institutions africaines et \u00e9trang\u00e8res.<\/p>\n<p>A ce propos, Isma\u00ebl Mourifi\u00e9, Professeur agr\u00e9g\u00e9e \u00e0 l\u2019Universit\u00e9 de Toronto au Canada, a expliqu\u00e9 que \u00abdans cette toute premi\u00e8re \u00e9cole d\u2019\u00e9t\u00e9 africaine d\u2019\u00e9conomie, nous avons un total de 60 participants, 32 sur place et 28 en ligne, tous originaires de 21 pays diff\u00e9rents\u00bb, se f\u00e9licitant que \u00abce fut une \u00e9cole d\u2019\u00e9t\u00e9 incroyable\u00bb.\u00a0<\/p>\n<\/div>\n<p>Auteur: APA News<br \/>\n<a href=\"https:\/\/www.journalducameroun.com\/ouverture-a-abidjan-de-la-conference-africaine-de-la-societe-deconometrie\/\">Cliquez ici pour lire l&rsquo;article depuis sa source.<\/a><\/p>\n","protected":false},"excerpt":{"rendered":"<p>Publi\u00e9 le 03.06.2021 \u00e0 20h18 par APA News L\u2019\u00e9dition 2021 de la conf\u00e9rence africaine de la soci\u00e9t\u00e9 d\u2019\u00e9conom\u00e9trie (AFES 2021) s\u2019est ouverte, jeudi, \u00e0 l\u2019Ecole nationale sup\u00e9rieure de statistique et d\u2019\u00e9conomie appliqu\u00e9e (ENSEA) d\u2019Abidjan. Proc\u00e9dant \u00e0 l\u2019ouverture des travaux de cette conf\u00e9rence sur le th\u00e8me, \u00ab\u00a0Education et d\u00e9veloppement\u00a0\u00bb, Y\u00e9o Nahoua, Directeur de cabinet de la [&hellip;]<\/p>\n","protected":false},"author":1965,"featured_media":0,"comment_status":"closed","ping_status":"closed","sticky":false,"template":"","format":"standard","meta":{"fifu_image_url":"","fifu_image_alt":"","footnotes":""},"categories":[73,82],"tags":[],"class_list":["post-117976","post","type-post","status-publish","format-standard","hentry","category-actualite","category-cameroun"],"_links":{"self":[{"href":"https:\/\/linitiative.ca\/International\/wp-json\/wp\/v2\/posts\/117976","targetHints":{"allow":["GET"]}}],"collection":[{"href":"https:\/\/linitiative.ca\/International\/wp-json\/wp\/v2\/posts"}],"about":[{"href":"https:\/\/linitiative.ca\/International\/wp-json\/wp\/v2\/types\/post"}],"author":[{"embeddable":true,"href":"https:\/\/linitiative.ca\/International\/wp-json\/wp\/v2\/users\/1965"}],"replies":[{"embeddable":true,"href":"https:\/\/linitiative.ca\/International\/wp-json\/wp\/v2\/comments?post=117976"}],"version-history":[{"count":0,"href":"https:\/\/linitiative.ca\/International\/wp-json\/wp\/v2\/posts\/117976\/revisions"}],"wp:attachment":[{"href":"https:\/\/linitiative.ca\/International\/wp-json\/wp\/v2\/media?parent=117976"}],"wp:term":[{"taxonomy":"category","embeddable":true,"href":"https:\/\/linitiative.ca\/International\/wp-json\/wp\/v2\/categories?post=117976"},{"taxonomy":"post_tag","embeddable":true,"href":"https:\/\/linitiative.ca\/International\/wp-json\/wp\/v2\/tags?post=117976"}],"curies":[{"name":"wp","href":"https:\/\/api.w.org\/{rel}","templated":true}]}}