{"id":117978,"date":"2021-06-03T17:18:03","date_gmt":"2021-06-03T21:18:03","guid":{"rendered":"https:\/\/linitiative.ca\/International\/maroc-prolongation-de-letat-durgence-sanitaire-pour-un-mois-supplementaire\/"},"modified":"2021-06-03T17:18:03","modified_gmt":"2021-06-03T21:18:03","slug":"maroc-prolongation-de-letat-durgence-sanitaire-pour-un-mois-supplementaire","status":"publish","type":"post","link":"https:\/\/linitiative.ca\/International\/maroc-prolongation-de-letat-durgence-sanitaire-pour-un-mois-supplementaire\/","title":{"rendered":"Maroc : prolongation de l\u2019\u00e9tat d\u2019urgence sanitaire pour un mois suppl\u00e9mentaire"},"content":{"rendered":"<div readability=\"32\">\n<p>Publi\u00e9 le 03.06.2021 \u00e0 22h18 par APA News<\/p>\n<\/div>\n<div readability=\"46\">\n<p>Le Conseil de gouvernement, r\u00e9uni jeudi \u00e0 Rabat, a d\u00e9cid\u00e9 de prolonger l\u2019\u00e9tat d\u2019urgence sanitaire sur l\u2019ensemble du territoire national jusqu\u2019au 10 juillet 2021, et ce dans le cadre des efforts de lutte contre la propagation de la du Covid-19.Depuis le d\u00e9but de l\u2019op\u00e9ration de vaccination anti-Covid au Maroc, un total de 8.961.585 de personnes a re\u00e7u la premi\u00e8re dose du vaccin, alors que 5.781.207 personnes se sont vu administrer la deuxi\u00e8me dose du vaccin.<\/p>\n<p>A ce jour, le Royaume a recens\u00e9 395 nouvelles infections en 24 heures, pour un total de 520.423 cas confirm\u00e9s \u00e0 la COVID-19, dont 9.165 d\u00e9c\u00e8s (+5) et 508.210 personnes gu\u00e9ries (+372).<\/p>\n<\/div>\n<p>Auteur: APA News<br \/>\n<a href=\"https:\/\/www.journalducameroun.com\/maroc-prolongation-de-letat-durgence-sanitaire-pour-un-mois-supplementaire\/\">Cliquez ici pour lire l&rsquo;article depuis sa source.<\/a><\/p>\n","protected":false},"excerpt":{"rendered":"<p>Publi\u00e9 le 03.06.2021 \u00e0 22h18 par APA News Le Conseil de gouvernement, r\u00e9uni jeudi \u00e0 Rabat, a d\u00e9cid\u00e9 de prolonger l\u2019\u00e9tat d\u2019urgence sanitaire sur l\u2019ensemble du territoire national jusqu\u2019au 10 juillet 2021, et ce dans le cadre des efforts de lutte contre la propagation de la du Covid-19.Depuis le d\u00e9but de l\u2019op\u00e9ration de vaccination anti-Covid [&hellip;]<\/p>\n","protected":false},"author":1965,"featured_media":0,"comment_status":"closed","ping_status":"closed","sticky":false,"template":"","format":"standard","meta":{"fifu_image_url":"","fifu_image_alt":"","footnotes":""},"categories":[73,82],"tags":[],"class_list":["post-117978","post","type-post","status-publish","format-standard","hentry","category-actualite","category-cameroun"],"_links":{"self":[{"href":"https:\/\/linitiative.ca\/International\/wp-json\/wp\/v2\/posts\/117978","targetHints":{"allow":["GET"]}}],"collection":[{"href":"https:\/\/linitiative.ca\/International\/wp-json\/wp\/v2\/posts"}],"about":[{"href":"https:\/\/linitiative.ca\/International\/wp-json\/wp\/v2\/types\/post"}],"author":[{"embeddable":true,"href":"https:\/\/linitiative.ca\/International\/wp-json\/wp\/v2\/users\/1965"}],"replies":[{"embeddable":true,"href":"https:\/\/linitiative.ca\/International\/wp-json\/wp\/v2\/comments?post=117978"}],"version-history":[{"count":0,"href":"https:\/\/linitiative.ca\/International\/wp-json\/wp\/v2\/posts\/117978\/revisions"}],"wp:attachment":[{"href":"https:\/\/linitiative.ca\/International\/wp-json\/wp\/v2\/media?parent=117978"}],"wp:term":[{"taxonomy":"category","embeddable":true,"href":"https:\/\/linitiative.ca\/International\/wp-json\/wp\/v2\/categories?post=117978"},{"taxonomy":"post_tag","embeddable":true,"href":"https:\/\/linitiative.ca\/International\/wp-json\/wp\/v2\/tags?post=117978"}],"curies":[{"name":"wp","href":"https:\/\/api.w.org\/{rel}","templated":true}]}}