{"id":117979,"date":"2021-06-03T17:18:04","date_gmt":"2021-06-03T21:18:04","guid":{"rendered":"https:\/\/linitiative.ca\/International\/pres-de-48-milliards-fcfa-de-lallemagne-a-la-cote-divoire-en-2021\/"},"modified":"2021-06-03T17:18:04","modified_gmt":"2021-06-03T21:18:04","slug":"pres-de-48-milliards-fcfa-de-lallemagne-a-la-cote-divoire-en-2021","status":"publish","type":"post","link":"https:\/\/linitiative.ca\/International\/pres-de-48-milliards-fcfa-de-lallemagne-a-la-cote-divoire-en-2021\/","title":{"rendered":"Pr\u00e8s de 48 milliards FCFA de l\u2019Allemagne \u00e0 la C\u00f4te d\u2019Ivoire en 2021"},"content":{"rendered":"<div readability=\"32\">\n<p>Publi\u00e9 le 03.06.2021 \u00e0 22h18 par APA News<\/p>\n<\/div>\n<div readability=\"99\">\n<p>La R\u00e9publique f\u00e9d\u00e9rale d\u2019Allemagne annonce 72 910 000 d\u2019euros, soit environ 48 milliards FCFA \u00e0 la C\u00f4te d\u2019Ivoire en 2021, rapporte un communiqu\u00e9 transmis \u00e0 APA, jeudi.<\/p>\n<p>Cette annonce, a \u00e9t\u00e9 faite pendant les n\u00e9gociations intergouvernementales sur la coop\u00e9ration au d\u00e9veloppement entre le gouvernement de la C\u00f4te d\u2019Ivoire et celui de la R\u00e9publique f\u00e9d\u00e9rale d\u2019Allemagne qui se sont d\u00e9roul\u00e9es les 1er et 2 juin 2021 \u00e0 Abidjan, Berlin et Bonn en format semi-virtuel.<\/p>\n<p>Elle vient renforcer le partenariat pour encourager les r\u00e9formes avec la C\u00f4te d\u2019Ivoire et la coop\u00e9ration bilat\u00e9rale de l\u2019Allemagne dans le cadre de l\u2019initiative du G20 \u00ab Compact with Africa \u00bb.<\/p>\n<p>Selon le communiqu\u00e9 transmis \u00e0 APA, avec ce montant, l\u2019Allemagne contribue au Plan national du d\u00e9veloppement (PND) 2021-2025 pour une \u00abC\u00f4te d\u2019Ivoire solidaire\u00bb. Ces fonds sont attribu\u00e9s en fonction des th\u00e8mes qui sous-tendront la Coop\u00e9ration allemande \u00e0 partir de 2021.<\/p>\n<p>Il s\u2019agit notamment la \u00a0\u00abformation et croissance durable pour des emplois de qualit\u00e9 \u00bb, de la \u00abresponsabilit\u00e9 pour notre plan\u00e8te : climat et \u00e9nergie\u00bb et de la \u00abprotection de nos bases existentielles : environnement et ressources naturelles \u00bb.<\/p>\n<p>\u00a0De fa\u00e7on transversale, les questions de la \u00abbonne gouvernance \u00bb ainsi que l\u2019\u00ab\u00e9volution d\u00e9mographique et le planning familial \u00bb seront \u00e9galement abord\u00e9es dans cette coop\u00e9ration.<\/p>\n<p>Selon le communiqu\u00e9, trois nouveaux projets sont concern\u00e9s. Il s\u2019agit de \u00ab\u00e9nergie pour le d\u00e9veloppement durable de l\u2019Est de la C\u00f4te d\u2019Ivoire \u00bb \u00e0 hauteur de 50 910 000,00 d\u2019euros.<\/p>\n<p>Ce projet prend en compte la construction de la centrale solaire de S\u00e9r\u00e9bou, la modernisation de la t\u00e9l\u00e9conduite du r\u00e9seau HTA, de l\u2019extension et du renforcement des r\u00e9seaux dans 15 villes des r\u00e9gions du Iffou (Daoukro), du Moronou (Bongouanou), de la M\u00e9 (Adzop\u00e9) et de l\u2019Ind\u00e9ni\u00e9-Djuablin (Abengourou).<\/p>\n<p>Le deuxi\u00e8me projet est relatif \u00e0 la formation professionnelle pour les secteurs des \u00e9nergies renouvelables et de l\u2019efficacit\u00e9 \u00e9nerg\u00e9tique \u00a0(ProFERE) avec un apport suppl\u00e9mentaire de 2.000.000,00 euros. Il mettra un focus sur l\u2019apprentissage en ligne concernant la formation professionnelle et l\u2019enseignement sup\u00e9rieur, et le conseil en mati\u00e8re de politique climatique dans le secteur de l\u2019\u00e9nergie.<\/p>\n<p>Enfin, le Programme de renforcement des structures centrales de gouvernance sera financ\u00e9 \u00e0 hauteur de 20.000.000,00 d\u2019euros.<\/p>\n<p>La d\u00e9l\u00e9gation de la C\u00f4te d\u2019Ivoire \u00e9tait conduite par l\u2019Ambassadeur Daouda Diabat\u00e9, Secr\u00e9taire g\u00e9n\u00e9ral du minist\u00e8re d\u2019\u00c9tat, minist\u00e8re des affaires \u00e9trang\u00e8res, de l\u2019int\u00e9gration africaine et de la diaspora, tandis que celle de l\u2019Allemagne \u00e9tait conduite par M. Lars Wilke, Directeur Afrique de l\u2019Ouest du Minist\u00e8re f\u00e9d\u00e9ral de la Coop\u00e9ration \u00e9conomique et du d\u00e9veloppement (BMZ), l\u2019interlocuteur politique du gouvernement allemand pour tous les projets de Coop\u00e9ration financi\u00e8re et technique.<\/p>\n<\/div>\n<p>Auteur: APA News<br \/>\n<a href=\"https:\/\/www.journalducameroun.com\/pres-de-48-milliards-fcfa-de-lallemagne-a-la-cote-divoire-en-2021\/\">Cliquez ici pour lire l&rsquo;article depuis sa source.<\/a><\/p>\n","protected":false},"excerpt":{"rendered":"<p>Publi\u00e9 le 03.06.2021 \u00e0 22h18 par APA News La R\u00e9publique f\u00e9d\u00e9rale d\u2019Allemagne annonce 72 910 000 d\u2019euros, soit environ 48 milliards FCFA \u00e0 la C\u00f4te d\u2019Ivoire en 2021, rapporte un communiqu\u00e9 transmis \u00e0 APA, jeudi. Cette annonce, a \u00e9t\u00e9 faite pendant les n\u00e9gociations intergouvernementales sur la coop\u00e9ration au d\u00e9veloppement entre le gouvernement de la C\u00f4te [&hellip;]<\/p>\n","protected":false},"author":1965,"featured_media":0,"comment_status":"closed","ping_status":"closed","sticky":false,"template":"","format":"standard","meta":{"fifu_image_url":"","fifu_image_alt":"","footnotes":""},"categories":[73,82],"tags":[],"class_list":["post-117979","post","type-post","status-publish","format-standard","hentry","category-actualite","category-cameroun"],"_links":{"self":[{"href":"https:\/\/linitiative.ca\/International\/wp-json\/wp\/v2\/posts\/117979","targetHints":{"allow":["GET"]}}],"collection":[{"href":"https:\/\/linitiative.ca\/International\/wp-json\/wp\/v2\/posts"}],"about":[{"href":"https:\/\/linitiative.ca\/International\/wp-json\/wp\/v2\/types\/post"}],"author":[{"embeddable":true,"href":"https:\/\/linitiative.ca\/International\/wp-json\/wp\/v2\/users\/1965"}],"replies":[{"embeddable":true,"href":"https:\/\/linitiative.ca\/International\/wp-json\/wp\/v2\/comments?post=117979"}],"version-history":[{"count":0,"href":"https:\/\/linitiative.ca\/International\/wp-json\/wp\/v2\/posts\/117979\/revisions"}],"wp:attachment":[{"href":"https:\/\/linitiative.ca\/International\/wp-json\/wp\/v2\/media?parent=117979"}],"wp:term":[{"taxonomy":"category","embeddable":true,"href":"https:\/\/linitiative.ca\/International\/wp-json\/wp\/v2\/categories?post=117979"},{"taxonomy":"post_tag","embeddable":true,"href":"https:\/\/linitiative.ca\/International\/wp-json\/wp\/v2\/tags?post=117979"}],"curies":[{"name":"wp","href":"https:\/\/api.w.org\/{rel}","templated":true}]}}