{"id":117983,"date":"2021-06-03T12:57:44","date_gmt":"2021-06-03T16:57:44","guid":{"rendered":"https:\/\/linitiative.ca\/International\/6-mois-de-plus-pour-jean-claude-ngbwa-a-la-tete-de-la-bvmac\/"},"modified":"2021-06-03T12:57:44","modified_gmt":"2021-06-03T16:57:44","slug":"6-mois-de-plus-pour-jean-claude-ngbwa-a-la-tete-de-la-bvmac","status":"publish","type":"post","link":"https:\/\/linitiative.ca\/International\/6-mois-de-plus-pour-jean-claude-ngbwa-a-la-tete-de-la-bvmac\/","title":{"rendered":"6 mois de plus pour Jean-Claude Ngbwa \u00e0 la t\u00eate de la Bvmac"},"content":{"rendered":"<p>Nouveau sursis pour Jean-Claude Ngbwa, le Directeur g\u00e9n\u00e9ral de la Bourse des valeurs mobili\u00e8res d\u2019Afrique centrale (Bvmac). Son mandat a \u00e9t\u00e9 prolong\u00e9 par le conseil d\u2019administration de cette institution financi\u00e8re sous-r\u00e9gionale. Ce dernier b\u00e9n\u00e9ficie d\u2019une nouvelle prorogation de 6 mois apr\u00e8s celle intervenue en d\u00e9cembre 2020, \u00e0 \u00e9choir le 1er juillet 2021. D\u2019apr\u00e8s Henri Claude Oyima, le Pr\u00e9sident du conseil d\u2019administration de la Bvmac, \u00ables administrateurs ont d\u00e9cid\u00e9 de proroger le mandat du Directeur g\u00e9n\u00e9ral jusqu\u2019au 31 d\u00e9cembre 2021, dans la perspective de l\u2019aboutissement\u00a0 du processus en cours du recrutement du nouveau directeur g\u00e9n\u00e9ral\u00bb. Un appel \u00e0 candidature pour le poste de Directeur g\u00e9n\u00e9ral de la Bvmac avait en effet \u00e9t\u00e9 lanc\u00e9 par la soci\u00e9t\u00e9 boursi\u00e8re sous-r\u00e9gionale depuis mars 2021. La cl\u00f4ture des dossiers le 31 mars 2021, laissait de facto pr\u00e9sager la volont\u00e9 du conseil d\u2019administration\u00a0 de la Bvmac d\u2019aller vite dans le choix d\u2019un manager. Il a finalement d\u00e9cid\u00e9 autrement, apprend-on, cons\u00e9cutivement au \u00abcaract\u00e8re infructueux de l\u2019appel \u00e0 candidature de mars 2021\u00bb.\u00a0<\/p>\n<p><strong>Lire aussi<\/strong> : <strong><a href=\"https:\/\/ecomatin.net\/bvmac-le-conseil-dadministration-proroge-de-six-mois-le-mandat-de-jean-claude-ngbwa\/\">Bvmac : le Conseil d\u2019administration proroge de six mois le mandat de Jean-Claude Ngbwa<\/a><\/strong><\/p>\n<p>D\u2019apr\u00e8s le job-description de l\u2019appel \u00e0 candidature de la Bvmac, le\u00a0Directeur g\u00e9n\u00e9ral est investi des pouvoirs les plus \u00e9tendus qu\u2019il exerce dans la limite de l\u2019objet social et sous r\u00e9serve de ceux express\u00e9ment attribu\u00e9s aux assembl\u00e9es g\u00e9n\u00e9rales ou sp\u00e9cialement au Conseil d\u2019administration par les dispositions l\u00e9gales ou statutaires. Plus g\u00e9n\u00e9ralement, il est charg\u00e9 d\u2019assurer la repr\u00e9sentation diplomatique, \u00e9conomique, financi\u00e8re et judiciaire de la Bvmac, de\u00a0mettre en \u0153uvre les d\u00e9cisions et r\u00e9solutions prises par le Conseil d\u2019administration,\u00a0d\u2019\u00e9tablir et d\u2019ex\u00e9cuter les plans pour atteindre les objectifs strat\u00e9giques de la Bvmac conform\u00e9ment aux directives du Conseil d\u2019administration, et assurer\u00a0la gestion administrative, financi\u00e8re et comptable de l\u2019institution. Les missions du directeur g\u00e9n\u00e9ral de la Bvmac, dont le contrat dure 4 ans \u00e9ventuellement renouvelables une fois,\u00a0 s\u2019\u00e9tendent par ailleurs dans la\u00a0promotion du march\u00e9 financier r\u00e9gional aupr\u00e8s des \u00e9metteurs et des investisseurs, de participer avec les autres acteurs \u00e0 l\u2019approfondissement du march\u00e9 financier r\u00e9gional, et\u00a0d\u2019assurer la promotion, la formation, et l\u2019information sur la culture boursi\u00e8re.<\/p>\n<p><strong>Lire aussi<\/strong> : <strong><a href=\"https:\/\/ecomatin.net\/la-bvmac-cherche-un-nouveau-directeur-general\/\">La Bvmac cherche un nouveau Directeur G\u00e9n\u00e9ral<\/a><\/strong><\/p>\n<p>Avec un capital de capital de 6,8 milliards de FCFA, l\u2019exercice 2020 aura \u00e9t\u00e9 difficile pour la Bvmac. Ses r\u00e9sultats ont en effet connu une baisse\u00a0 significative de\u00a014%\u00a0 (-0,26% pour les actions, -14% pour les obligations). Au\u00a031 d\u00e9cembre 2020, la capitalisation de la Bvmac a atteint un plafond de 634,578 milliards de FCFA. Elle \u00e9tait de 735,607 milliards de FCFA en 2019. \u00abCette\u00a0baisse s\u2019explique essentiellement par le rachat partiel de certains titres obligataires et la radiation de certaines valeurs\u00bb, justifiait r\u00e9cemment Jean Claude Ngbwa.\u00a0Depuis la fusion du march\u00e9 financier d\u2019Afrique centrale intervenue le 5 juillet 2019, la Bvmac cote 4 soci\u00e9t\u00e9s sur le march\u00e9 des actions (Semc, Socapalm, Siat Gabon, Safacam).\u00a0Malgr\u00e9 les mesures d\u2019accompagnement des \u00c9tats exprim\u00e9es le 31 octobre 2017 par la Conf\u00e9rence des Chefs d\u2019\u00c9tat de la Communaut\u00e9 \u00e9conomique et mon\u00e9taire de l\u2019Afrique centrale (Cemac) pour une dynamisation du march\u00e9 financier sous-r\u00e9gional, la culture et les pratiques boursi\u00e8res peinent \u00e0 s\u2019installer\u00a0 parmi les acteurs du march\u00e9.<\/p>\n<p><strong>Lire aussi<\/strong> : <a href=\"https:\/\/ecomatin.net\/bvmac-la-capitalisation-boursiere-baisse-de-14-en-2020\/\"><strong>BVMAC : la capitalisation boursi\u00e8re baisse de 14% en 2020<\/strong>\u00a0<\/a><\/p>\n<p>On note n\u00e9anmoins la multiplication par 5 de la quantit\u00e9 des titres \u00e9chang\u00e9es en 2020. Ils sont pass\u00e9s de 3.967.838 en 2019 \u00e0 15.679.041 en 2020, pour une valeur globale \u00e9chang\u00e9e de 79,5 milliards de FCFA en 2020 contre 16,2 milliards de FCFA en 2019.\u00a0Une hausse de 95%, et de 390% pour la valeur globale \u00e9chang\u00e9e.\u00a0A titre de rappel, le conseil d\u2019administration de la Bvmac est compos\u00e9 de Henri Claude Oyima (Pr\u00e9sident, repr\u00e9sentant de Bgfi Capital), Jean-Claude Ngbwa (Directeur g\u00e9n\u00e9ral), Mar\u00e8me Mbaye Ndiaye (repr\u00e9sentant permanent Sgc Cameroun), \u00c9douard C\u00e9lestin Boboua (repr\u00e9sentant permanent Batir Congo), Aline Andze (repr\u00e9sentant permanent Sni Cameroun), C\u00e9lestin Nguela (repr\u00e9sentant permanent Afriland first bank Cameroun), Alfred Moyangar Beingar (repr\u00e9sentant permanent Cbt Tchad), Richard Lariot Ombeny (repr\u00e9sentant permanent Bgd Gabon), Maxwell Ndecham (repr\u00e9sentant permanent Z\u00e9nith Insurance Cameroun) et Olivier Mekulu Mvondo (repr\u00e9sentant permanent de la Cnps Cameroun). C\u2019est officiellement le 1er janvier 2022 que prendra fonction le nouveau directeur g\u00e9n\u00e9ral de la Bvmac au terme de la prorogation intervenue ce 1er juin 2021.<\/p>\n<p>Auteur: Georges Semey<br \/>\n<a href=\"https:\/\/ecomatin.net\/6-mois-de-plus-pour-jean-claude-ngbwa-a-la-tete-de-la-bvmac\/\">Cliquez ici pour lire l&rsquo;article depuis sa source.<\/a><\/p>\n","protected":false},"excerpt":{"rendered":"<p>Nouveau sursis pour Jean-Claude Ngbwa, le Directeur g\u00e9n\u00e9ral de la Bourse des valeurs mobili\u00e8res d\u2019Afrique centrale (Bvmac). Son mandat a \u00e9t\u00e9 prolong\u00e9 par le conseil d\u2019administration de cette institution financi\u00e8re sous-r\u00e9gionale. Ce dernier b\u00e9n\u00e9ficie d\u2019une nouvelle prorogation de 6 mois apr\u00e8s celle intervenue en d\u00e9cembre 2020, \u00e0 \u00e9choir le 1er juillet 2021. D\u2019apr\u00e8s Henri Claude [&hellip;]<\/p>\n","protected":false},"author":1969,"featured_media":0,"comment_status":"closed","ping_status":"closed","sticky":false,"template":"","format":"standard","meta":{"fifu_image_url":"","fifu_image_alt":"","footnotes":""},"categories":[82,78],"tags":[],"class_list":["post-117983","post","type-post","status-publish","format-standard","hentry","category-cameroun","category-economie"],"_links":{"self":[{"href":"https:\/\/linitiative.ca\/International\/wp-json\/wp\/v2\/posts\/117983","targetHints":{"allow":["GET"]}}],"collection":[{"href":"https:\/\/linitiative.ca\/International\/wp-json\/wp\/v2\/posts"}],"about":[{"href":"https:\/\/linitiative.ca\/International\/wp-json\/wp\/v2\/types\/post"}],"author":[{"embeddable":true,"href":"https:\/\/linitiative.ca\/International\/wp-json\/wp\/v2\/users\/1969"}],"replies":[{"embeddable":true,"href":"https:\/\/linitiative.ca\/International\/wp-json\/wp\/v2\/comments?post=117983"}],"version-history":[{"count":0,"href":"https:\/\/linitiative.ca\/International\/wp-json\/wp\/v2\/posts\/117983\/revisions"}],"wp:attachment":[{"href":"https:\/\/linitiative.ca\/International\/wp-json\/wp\/v2\/media?parent=117983"}],"wp:term":[{"taxonomy":"category","embeddable":true,"href":"https:\/\/linitiative.ca\/International\/wp-json\/wp\/v2\/categories?post=117983"},{"taxonomy":"post_tag","embeddable":true,"href":"https:\/\/linitiative.ca\/International\/wp-json\/wp\/v2\/tags?post=117983"}],"curies":[{"name":"wp","href":"https:\/\/api.w.org\/{rel}","templated":true}]}}