{"id":117987,"date":"2021-06-04T09:51:00","date_gmt":"2021-06-04T13:51:00","guid":{"rendered":"https:\/\/linitiative.ca\/International\/operation-de-reduction-des-majorations-et-penalites-cnss-les-souscriptions-des-entreprises-avant-le-1er-juillet\/"},"modified":"2021-06-04T09:51:00","modified_gmt":"2021-06-04T13:51:00","slug":"operation-de-reduction-des-majorations-et-penalites-cnss-les-souscriptions-des-entreprises-avant-le-1er-juillet","status":"publish","type":"post","link":"https:\/\/linitiative.ca\/International\/operation-de-reduction-des-majorations-et-penalites-cnss-les-souscriptions-des-entreprises-avant-le-1er-juillet\/","title":{"rendered":"Op\u00e9ration de r\u00e9duction des majorations et p\u00e9nalit\u00e9s CNSS : Les souscriptions des entreprises avant le 1er juillet"},"content":{"rendered":"<header>\n<\/header>\n<div class=\"entry-content clearfix\" readability=\"51\">\n<figure class=\"post-thumbnail\" itemprop=\"associatedMedia\" itemscope=\"itemscope\" itemtype=\"http:\/\/schema.org\/ImageObject\"><img decoding=\"async\" class=\"post_layout_5_img\" src=\"http:\/\/aujourdhui.ma\/wp-content\/uploads\/2017\/10\/CNSS-Siege.jpg\" alt=\"Op\u00e9ration de r\u00e9duction des majorations et p\u00e9nalit\u00e9s CNSS : Les souscriptions des entreprises avant le 1er juillet\"\/><\/figure>\n<p><span class=\"c6\"><strong>L\u2019op\u00e9ration de r\u00e9duction des majorations et p\u00e9nalit\u00e9s est valable jusqu\u2019au 30 juin.<\/strong><\/span> <span id=\"more-378247\"\/><\/p>\n<p>Les souscriptions des entreprises devront se faire avant le 1er juillet. C\u2019est ce qu\u2019a annonc\u00e9 la Caisse nationale de s\u00e9curit\u00e9 sociale (CNSS) dans un avis \u00e9mis ce vendredi 4 juin.<\/p>\n<p>\u00ab La caisse nationale de s\u00e9curit\u00e9 sociale rappelle \u00e0, l\u2019ensemble de ses affili\u00e9s d\u00e9biteurs qu\u2019ils peuvent en application de la d\u00e9cision minist\u00e9rielle conjointe n\u00b0002\/2020 du 01\/07\/2020 b\u00e9n\u00e9ficier de la remise partielle des majorations de retard, astreintes et frais de recouvrement relatifs aux cr\u00e9ances des exercices 2016 et ant\u00e9rieurs \u00bb, peut-on lire dans ce sens. Et de poursuivre que \u00ab le taux de cette remise varie en fonction de la dur\u00e9e de paiement choisie entre 30% et 90%.<\/p>\n<p>Cette mesure annonc\u00e9e et entr\u00e9e en vigueur en juillet 2020 est valable jusqu\u2019au 30 juin 2021 \u00bb.<\/p>\n<p>Ainsi, les entreprises affect\u00e9es concern\u00e9es, d\u00e9sirant souscrire \u00e0 cette mesure devront effectuer leurs demandes via le portail Damancom \u00e0 travers le lien \u00ab damancom\/recouvrement \u00bb.<\/p>\n<\/div>\n<p>Auteur: ALM<br \/>\n<a href=\"https:\/\/aujourdhui.ma\/actualite\/operation-de-reduction-des-majorations-et-penalites-cnss-les-souscriptions-des-entreprises-avant-le-1er-juillet\">Cliquez ici pour lire l&rsquo;article depuis sa source.<\/a><\/p>\n","protected":false},"excerpt":{"rendered":"<p>L\u2019op\u00e9ration de r\u00e9duction des majorations et p\u00e9nalit\u00e9s est valable jusqu\u2019au 30 juin. Les souscriptions des entreprises devront se faire avant le 1er juillet. C\u2019est ce qu\u2019a annonc\u00e9 la Caisse nationale de s\u00e9curit\u00e9 sociale (CNSS) dans un avis \u00e9mis ce vendredi 4 juin. \u00ab La caisse nationale de s\u00e9curit\u00e9 sociale rappelle \u00e0, l\u2019ensemble de ses affili\u00e9s [&hellip;]<\/p>\n","protected":false},"author":1759,"featured_media":0,"comment_status":"closed","ping_status":"closed","sticky":false,"template":"","format":"standard","meta":{"fifu_image_url":"http:\/\/aujourdhui.ma\/wp-content\/uploads\/2017\/10\/CNSS-Siege.jpg","fifu_image_alt":"Op\u00e9ration de r\u00e9duction des majorations et p\u00e9nalit\u00e9s CNSS : Les souscriptions des entreprises avant le 1er juillet","footnotes":""},"categories":[73,54],"tags":[],"class_list":["post-117987","post","type-post","status-publish","format-standard","hentry","category-actualite","category-maroc"],"_links":{"self":[{"href":"https:\/\/linitiative.ca\/International\/wp-json\/wp\/v2\/posts\/117987","targetHints":{"allow":["GET"]}}],"collection":[{"href":"https:\/\/linitiative.ca\/International\/wp-json\/wp\/v2\/posts"}],"about":[{"href":"https:\/\/linitiative.ca\/International\/wp-json\/wp\/v2\/types\/post"}],"author":[{"embeddable":true,"href":"https:\/\/linitiative.ca\/International\/wp-json\/wp\/v2\/users\/1759"}],"replies":[{"embeddable":true,"href":"https:\/\/linitiative.ca\/International\/wp-json\/wp\/v2\/comments?post=117987"}],"version-history":[{"count":0,"href":"https:\/\/linitiative.ca\/International\/wp-json\/wp\/v2\/posts\/117987\/revisions"}],"wp:attachment":[{"href":"https:\/\/linitiative.ca\/International\/wp-json\/wp\/v2\/media?parent=117987"}],"wp:term":[{"taxonomy":"category","embeddable":true,"href":"https:\/\/linitiative.ca\/International\/wp-json\/wp\/v2\/categories?post=117987"},{"taxonomy":"post_tag","embeddable":true,"href":"https:\/\/linitiative.ca\/International\/wp-json\/wp\/v2\/tags?post=117987"}],"curies":[{"name":"wp","href":"https:\/\/api.w.org\/{rel}","templated":true}]}}