{"id":117988,"date":"2021-06-04T10:15:17","date_gmt":"2021-06-04T14:15:17","guid":{"rendered":"https:\/\/linitiative.ca\/International\/il-a-deja-huit-albums-cheb-rayan-lance-son-nouveau-single-avec-dj-jabato\/"},"modified":"2021-06-04T10:15:17","modified_gmt":"2021-06-04T14:15:17","slug":"il-a-deja-huit-albums-cheb-rayan-lance-son-nouveau-single-avec-dj-jabato","status":"publish","type":"post","link":"https:\/\/linitiative.ca\/International\/il-a-deja-huit-albums-cheb-rayan-lance-son-nouveau-single-avec-dj-jabato\/","title":{"rendered":"Il a d\u00e9j\u00e0 huit albums : Cheb Rayan lance son nouveau single avec Dj Jabato"},"content":{"rendered":"<figure class=\"post-thumbnail\" itemprop=\"associatedMedia\" itemscope=\"itemscope\" itemtype=\"http:\/\/schema.org\/ImageObject\"><img decoding=\"async\" class=\"post_layout_5_img\" src=\"http:\/\/aujourdhui.ma\/wp-content\/uploads\/2021\/06\/Cheb-Rayan-lance-son-nouveau-single-avec-Dj-Jabato.jpg\" alt=\"Il a d\u00e9j\u00e0 huit albums : Cheb Rayan lance son nouveau single avec Dj Jabato\"\/><\/figure>\n<p><span class=\"c6\"><strong>Nouveau. Le jeune chanteur d\u2019origine tang\u00e9roise, Cheb Rayan, lancera, ce dimanche, un nouveau single intitul\u00e9 \u00abAklia (mentalit\u00e9) am\u00e9ricaine\u00bb en featuring avec Dj Jabato. Un morceau qui sera, comme le pr\u00e9cise le manager, Mohamed Moufid Sba\u00ef, en \u00abstyle pop, funk et dance avec une touche ra\u00ef. Ce sera aussi un hit de l\u2019\u00e9t\u00e9\u00bb.<\/strong><\/span><span id=\"more-378255\"\/><br \/>L\u2019agent artistique indique \u00e9galement que les paroles sont con\u00e7ues par le chanteur au moment o\u00f9 la composition et l\u2019arrangement le sont par le Dj. Dans le morceau, l\u2019artiste parle d\u2019une femme qui change de mentalit\u00e9 oscillant entre celle am\u00e9ricaine, espagnole et allemande. La premi\u00e8re \u00e9tant, selon le manager, la meilleure.<br \/>Aussi, la production est assur\u00e9e par Stash &amp; Issy On The Beat et le Dj. Quant \u00e0 la r\u00e9alisation de vid\u00e9o en lyrics, elle est faite par Abdelkhalek Zoubair avec des effets sp\u00e9ciaux d\u2019Abdellah Jarid. Et ce n\u2019est pas tout. \u00abNous travaillerons sur le clip d\u00e8s le retour du chanteur de Belgique\u00bb, avance M. Sba\u00ef en rappelant que Cheb Rayan, de son vrai nom Othman Berroho, a d\u2019autres singles.<br \/>En 2003, il a sorti \u00e0 Bruxelles, o\u00f9 il est install\u00e9 avant un bref s\u00e9jour \u00e0 Copenhague, son premier album \u00abRayan chante Hasni\u00bb. D\u2019ailleurs, cet artiste, n\u00e9 en 1980 et fils de douanier, est passionn\u00e9 pour la musique, notamment celle de Hasni outre celle d\u2019Oum Kalthoum. D\u00e8s son jeune \u00e2ge, le jeune chanteur, cadet d\u2019une famille de 6 enfants, apprend le chant et commence \u00e0 animer des c\u00e9r\u00e9monies. Il a m\u00eame quitt\u00e9 le coll\u00e8ge \u00e0 l\u2019\u00e2ge de quatorze ans pour la musique, son grand amour. Il est \u00e9galement passionn\u00e9 pour le foot. Comme il pratique dans les gymnases. Mieux encore, le chanteur est passionn\u00e9 pour la langue fran\u00e7aise.<br \/>Dans ses tubes, il chante fort l\u2019amour, avec sa voix fluette, pour abonder dans le sens de la fibre du ra\u00ef love initi\u00e9 par Cheb Hasni. Dans ses albums, le jeune artiste, \u00e2g\u00e9 de 26 ans, opte pour diff\u00e9rents arrangements. Entre les rythmes arabes, orientaux et maghr\u00e9bins entre autres, il varie les airs pour toucher, comme il l\u2019indique, les sentiments des m\u00e9lomanes. Le tout en optant pour des techniques d\u2019enregistrement moderne en recourant aux deux langues arabe et fran\u00e7ais dans ses tubes.<br \/>En tout, il compte \u00e0 son actif pas moins de huit albums en trois ans de carri\u00e8re.<br \/>Quant \u00e0 DJ Jabato, qui a une carri\u00e8re de vingt ans, il a la capacit\u00e9 de m\u00e9langer diff\u00e9rents styles. En collaborant avec le chanteur, il contribuera \u00e0 une valeur ajout\u00e9e pour le parcours de ce jeune artiste.<\/p>\n<p>Auteur: Salima Guisser<br \/>\n<a href=\"https:\/\/aujourdhui.ma\/culture\/il-a-deja-huit-albums-cheb-rayan-lance-son-nouveau-single-avec-dj-jabato\">Cliquez ici pour lire l&rsquo;article depuis sa source.<\/a><\/p>\n","protected":false},"excerpt":{"rendered":"<p>Nouveau. Le jeune chanteur d\u2019origine tang\u00e9roise, Cheb Rayan, lancera, ce dimanche, un nouveau single intitul\u00e9 \u00abAklia (mentalit\u00e9) am\u00e9ricaine\u00bb en featuring avec Dj Jabato. Un morceau qui sera, comme le pr\u00e9cise le manager, Mohamed Moufid Sba\u00ef, en \u00abstyle pop, funk et dance avec une touche ra\u00ef. Ce sera aussi un hit de l\u2019\u00e9t\u00e9\u00bb.L\u2019agent artistique indique \u00e9galement [&hellip;]<\/p>\n","protected":false},"author":1759,"featured_media":0,"comment_status":"closed","ping_status":"closed","sticky":false,"template":"","format":"standard","meta":{"fifu_image_url":"http:\/\/aujourdhui.ma\/wp-content\/uploads\/2021\/06\/Cheb-Rayan-lance-son-nouveau-single-avec-Dj-Jabato.jpg","fifu_image_alt":"Il a d\u00e9j\u00e0 huit albums : Cheb Rayan lance son nouveau single avec Dj Jabato","footnotes":""},"categories":[73,54],"tags":[],"class_list":["post-117988","post","type-post","status-publish","format-standard","hentry","category-actualite","category-maroc"],"_links":{"self":[{"href":"https:\/\/linitiative.ca\/International\/wp-json\/wp\/v2\/posts\/117988","targetHints":{"allow":["GET"]}}],"collection":[{"href":"https:\/\/linitiative.ca\/International\/wp-json\/wp\/v2\/posts"}],"about":[{"href":"https:\/\/linitiative.ca\/International\/wp-json\/wp\/v2\/types\/post"}],"author":[{"embeddable":true,"href":"https:\/\/linitiative.ca\/International\/wp-json\/wp\/v2\/users\/1759"}],"replies":[{"embeddable":true,"href":"https:\/\/linitiative.ca\/International\/wp-json\/wp\/v2\/comments?post=117988"}],"version-history":[{"count":0,"href":"https:\/\/linitiative.ca\/International\/wp-json\/wp\/v2\/posts\/117988\/revisions"}],"wp:attachment":[{"href":"https:\/\/linitiative.ca\/International\/wp-json\/wp\/v2\/media?parent=117988"}],"wp:term":[{"taxonomy":"category","embeddable":true,"href":"https:\/\/linitiative.ca\/International\/wp-json\/wp\/v2\/categories?post=117988"},{"taxonomy":"post_tag","embeddable":true,"href":"https:\/\/linitiative.ca\/International\/wp-json\/wp\/v2\/tags?post=117988"}],"curies":[{"name":"wp","href":"https:\/\/api.w.org\/{rel}","templated":true}]}}