{"id":117990,"date":"2021-06-04T11:33:02","date_gmt":"2021-06-04T15:33:02","guid":{"rendered":"https:\/\/linitiative.ca\/International\/migration-la-cea-compte-sur-le-maroc-pour-partager-son-expertise-avec-les-pays-africains\/"},"modified":"2021-06-04T11:33:02","modified_gmt":"2021-06-04T15:33:02","slug":"migration-la-cea-compte-sur-le-maroc-pour-partager-son-expertise-avec-les-pays-africains","status":"publish","type":"post","link":"https:\/\/linitiative.ca\/International\/migration-la-cea-compte-sur-le-maroc-pour-partager-son-expertise-avec-les-pays-africains\/","title":{"rendered":"Migration : La CEA compte sur le Maroc pour partager son expertise avec les pays africains"},"content":{"rendered":"<figure class=\"post-thumbnail\" itemprop=\"associatedMedia\" itemscope=\"itemscope\" itemtype=\"http:\/\/schema.org\/ImageObject\"><img decoding=\"async\" class=\"post_layout_5_img\" src=\"http:\/\/aujourdhui.ma\/wp-content\/uploads\/2021\/06\/Migration-La-CEA-compte-sur-le-Maroc-pour-partager-son-expertise-avec-les-pays-africains.jpg\" alt=\"Migration : La CEA compte sur le Maroc pour partager son expertise avec les pays africains\"\/><\/figure>\n<p><span class=\"c6\"><strong>\u00ab\u00a0Nous comptons sur le Maroc\u00a0\u00bb pour partager son exp\u00e9rience et son expertise avec les autres pays africains en mati\u00e8re de migration, a soulign\u00e9, jeudi \u00e0 Rabat, Khaled Hussein, directeur par int\u00e9rim du Bureau de la Commission \u00e9conomique pour l\u2019Afrique (CEA) en Afrique du Nord.<\/strong><\/span><\/p>\n<p>\u00ab\u00a0Nous comptons sur le Maroc pour partager son exp\u00e9rience et son expertise avec les autres pays africains concern\u00e9s par le projet de renforcement des politiques et programmes nationaux africains pour la migration\u00a0\u00bb, a dit M. Hussein \u00e0 l\u2019ouverture de la rencontre consacr\u00e9e \u00e0 la pr\u00e9sentation du rapport d\u2019analyse des statistiques migratoires, r\u00e9alis\u00e9 par le Bureau de la CEA en Afrique du Nord sur le Maroc. \u00ab\u00a0C\u2019est dans ce sens que nous comptons organiser prochainement une rencontre entre le groupe de travail marocain et les points focaux des cinq autres pays membres du projet \u00e0 Tanger\u00a0\u00bb, a-t-il ajout\u00e9, rapport\u00e9 par un communiqu\u00e9 du Bureau de la CEA en Afrique du Nord.<\/p>\n<p>\u00ab\u00a0Notre but est de faciliter la mise en place par le Maroc, pays pilote de notre programme, d\u2019un syst\u00e8me national harmonis\u00e9 de statistiques migratoires. Pour y parvenir, notre \u00e9quipe a commenc\u00e9 par \u00e9tablir un diagnostic des statistiques migratoires existantes dans le pays\u00a0\u00bb, a-t-il relev\u00e9. \u00ab\u00a0Nous avons \u00e9galement \u00e9valu\u00e9 les syst\u00e8mes utilis\u00e9s par les diff\u00e9rents d\u00e9partements minist\u00e9riels marocains pour la r\u00e9colte et l\u2019analyse de ces donn\u00e9es\u00a0\u00bb, a indiqu\u00e9 M. Hussein, notant que cette d\u00e9marche leur permettra, \u00e0 terme, d\u2019identifier des pistes d\u2019am\u00e9lioration et de proposer un plan de renforcement des capacit\u00e9s adapt\u00e9 aux besoins nationaux. Le Bureau de la CEA en Afrique du Nord a pr\u00e9sent\u00e9 son rapport d\u2019analyse des statistiques migratoires au Maroc, un travail initi\u00e9 dans le cadre de ses efforts de soutien au renforcement des capacit\u00e9s des pays africains \u00e0 \u00e9laborer des politiques et programmes de migration fond\u00e9s sur des donn\u00e9es factuelles, conformes aux protocoles et cadres internationaux et africains.\u00a0 Le projet de renforcement des politiques et programmes nationaux africains pour la migration est un projet men\u00e9 par la CEA avec le soutien du D\u00e9partement des Affaires \u00c9conomiques et Sociales des Nations Unies (UNDESA), de l\u2019Organisation Internationale du Travail (OIT) et de l\u2019Organisation Internationale pour les Migrations (OIM).<\/p>\n<p>Lanc\u00e9 au niveau de six pays africains (Maroc, Afrique du Sud, C\u00f4te d\u2019Ivoire, Mali, S\u00e9n\u00e9gal et Zimbabwe), ce projet est men\u00e9, dans le cas du Maroc, avec le soutien du minist\u00e8re des Affaires \u00e9trang\u00e8res, de la Coop\u00e9ration africaine et des Marocains r\u00e9sidant \u00e0 l\u2019\u00c9tranger, du minist\u00e8re de l\u2019Int\u00e9rieur, du minist\u00e8re de l\u2019\u00c9ducation Nationale, de la Formation Professionnelle, de l\u2019Enseignement Sup\u00e9rieur et de la Recherche Scientifique, du minist\u00e8re de la Sant\u00e9, du minist\u00e8re du Travail et de l\u2019Insertion Professionnelle et du Haut-Commissariat au Plan.<\/p>\n<p>Auteur: ALM<br \/>\n<a href=\"https:\/\/aujourdhui.ma\/actualite\/migration-la-cea-compte-sur-le-maroc-pour-partager-son-expertise-avec-les-pays-africains\">Cliquez ici pour lire l&rsquo;article depuis sa source.<\/a><\/p>\n","protected":false},"excerpt":{"rendered":"<p>\u00ab\u00a0Nous comptons sur le Maroc\u00a0\u00bb pour partager son exp\u00e9rience et son expertise avec les autres pays africains en mati\u00e8re de migration, a soulign\u00e9, jeudi \u00e0 Rabat, Khaled Hussein, directeur par int\u00e9rim du Bureau de la Commission \u00e9conomique pour l\u2019Afrique (CEA) en Afrique du Nord. \u00ab\u00a0Nous comptons sur le Maroc pour partager son exp\u00e9rience et son [&hellip;]<\/p>\n","protected":false},"author":1759,"featured_media":0,"comment_status":"closed","ping_status":"closed","sticky":false,"template":"","format":"standard","meta":{"fifu_image_url":"http:\/\/aujourdhui.ma\/wp-content\/uploads\/2021\/06\/Migration-La-CEA-compte-sur-le-Maroc-pour-partager-son-expertise-avec-les-pays-africains.jpg","fifu_image_alt":"Migration : La CEA compte sur le Maroc pour partager son expertise avec les pays africains","footnotes":""},"categories":[73,54],"tags":[],"class_list":["post-117990","post","type-post","status-publish","format-standard","hentry","category-actualite","category-maroc"],"_links":{"self":[{"href":"https:\/\/linitiative.ca\/International\/wp-json\/wp\/v2\/posts\/117990","targetHints":{"allow":["GET"]}}],"collection":[{"href":"https:\/\/linitiative.ca\/International\/wp-json\/wp\/v2\/posts"}],"about":[{"href":"https:\/\/linitiative.ca\/International\/wp-json\/wp\/v2\/types\/post"}],"author":[{"embeddable":true,"href":"https:\/\/linitiative.ca\/International\/wp-json\/wp\/v2\/users\/1759"}],"replies":[{"embeddable":true,"href":"https:\/\/linitiative.ca\/International\/wp-json\/wp\/v2\/comments?post=117990"}],"version-history":[{"count":0,"href":"https:\/\/linitiative.ca\/International\/wp-json\/wp\/v2\/posts\/117990\/revisions"}],"wp:attachment":[{"href":"https:\/\/linitiative.ca\/International\/wp-json\/wp\/v2\/media?parent=117990"}],"wp:term":[{"taxonomy":"category","embeddable":true,"href":"https:\/\/linitiative.ca\/International\/wp-json\/wp\/v2\/categories?post=117990"},{"taxonomy":"post_tag","embeddable":true,"href":"https:\/\/linitiative.ca\/International\/wp-json\/wp\/v2\/tags?post=117990"}],"curies":[{"name":"wp","href":"https:\/\/api.w.org\/{rel}","templated":true}]}}