{"id":117992,"date":"2021-06-03T14:00:00","date_gmt":"2021-06-03T18:00:00","guid":{"rendered":"https:\/\/linitiative.ca\/International\/pauvre-espagne\/"},"modified":"2021-06-03T14:00:00","modified_gmt":"2021-06-03T18:00:00","slug":"pauvre-espagne","status":"publish","type":"post","link":"https:\/\/linitiative.ca\/International\/pauvre-espagne\/","title":{"rendered":"Pauvre Espagne !"},"content":{"rendered":"<p class=\"has-text-align-left has-vivid-cyan-blue-color has-text-color\"><strong>La sc\u00e8ne tristement jou\u00e9e par de veules acteurs, en compagnie de leurs comparses, s\u2019est \u00e9galement ponctu\u00e9e comme elle eut d\u00e9but\u00e9, en une lugubre singerie. Le gredin s\u00e9paratiste, jouissant des largesses, tel un prince emmitoufl\u00e9 dans les draps soyeux, s\u2019\u00e9clipsait furtivement dans les t\u00e9n\u00e8bres \u00e0 lueurs clandestines du berceau espagnol.<\/strong><\/p>\n<p class=\"has-text-align-left\">Le navet que proposent obscur\u00e9ment les deux com\u00e9diens hispano-alg\u00e9rien s\u2019av\u00e8re d\u2019une bassesse ahurissante, si bien loin de s\u2019identifier \u00e0 une attitude \u00abhumanitaire\u00bb. Miguel Cervantes, l\u2019\u00e9crivain espagnol du classique \u00ab\u00a0Don Quichotte de la Manche\u00a0\u00bb se serait sans doute, remu\u00e9 dans sa tombe si on lui soufflait la m\u00e9diocratie th\u00e9\u00e2trale dans laquelle s\u2019embourbe actuellement la post\u00e9riorit\u00e9 ib\u00e9rique. Sans peut-\u00eatre, s\u2019en rendre compte, l\u2019Espagne aurait donc mis un \u00e9ni\u00e8me clou sur le \u00absarcophage\u00bb de la proximit\u00e9 partenariale avec son voisin du sud, en le sacrifiant de la mani\u00e8re la plus ignoble pour se faire \u00abattendrir\u00bb par une bouffonnerie militariste macabre. Par ces conduites entach\u00e9es de duplicit\u00e9, elle se serait discr\u00e9dit\u00e9e aupr\u00e8s d\u2019un partenaire \u00a0notari\u00e9 qui s\u2019est visc\u00e9ralement fid\u00e9lis\u00e9 au pacte bilat\u00e9ral les liant, depuis des lustres, au service de la r\u00e9ciprocit\u00e9 win win de la r\u00e9gion. Sans pour autant se faire intimider par cette attitude d\u00e9loyale, empreinte de tra\u00eetrise, le Maroc, en stature implacable et en pleine possession de son potentiel, s\u2019\u00e9rige plus que jamais, en nette position d\u2019imperturbabilit\u00e9 av\u00e9r\u00e9e. En effet, c\u2019est bel et bien l\u2019Espagne qui aura besoin de la g\u00e9n\u00e9rosit\u00e9 et de l\u2019engagement marocains sur les dossiers de haute acuit\u00e9 qui hante non seulement la p\u00e9ninsule mais aussi le vieux continent, du moins de sa partie dite m\u00e9diterran\u00e9enne.<\/p>\n<p class=\"has-text-align-left\">En jouant ce vilain jeu, l\u2019ancien colonisateur aura hypoth\u00e9qu\u00e9 les cr\u00e9dits dont elle b\u00e9n\u00e9ficiait avec son alli\u00e9 s\u00e9culaire, en pariant toutes ses cartes sur un r\u00e9gime belliciste, fond\u00e9 sur la menterie et l\u2019opprobre. Pour quelques bouff\u00e9es de produits gaziers, l\u2019Espagne se couvre de ris\u00e9es, au point de se d\u00e9cr\u00e9dibiliser dans l\u2019enceinte universelle et de se souiller de vices d\u2019hypocrisie mesquine. L\u2019auteur de la c\u00e9l\u00e8bre citation de tous les temps \u00ab\u00a0Le style est l\u2019homme\u00a0!\u00a0\u00bb, Leclerc de Buffon disait un jour\u00a0: \u00ab Lorsque l\u2019hypocrisie croit \u00e9chapper \u00e0 tous les yeux, un rayon de la v\u00e9rit\u00e9 luit, perce le nuage, l\u2019illusion se dissipe, le prestige s\u2019\u00e9vanouit, le scandale seul reste et l\u2019on voit \u00e0 nu toutes les difformit\u00e9s du vice grima\u00e7ant la vertu! \u00bb. L\u2019Espagne aura alors beau se dissimuler derri\u00e8re de mi\u00e8vres pr\u00e9textes, elle ne fera que s\u2019abaisser davantage face \u00e0 l\u2019\u00e9quit\u00e9 et la justesse de la cause marocaine. Encore doit-elle avoir honte de se mouiller par des errements odieux, attentatoires aux droits humains, en se prenant pour refuge en faveur du bourreau des tortures et des homicides crapuleux. Pendant ce temps, \u00ab\u00a0le Maroc est bien dans son Sahara\u00a0\u00bb, tel que le martelait si souvent le Souverain dans ses multiples discours et tient \u00e0 y monter ses \u00e9difices, \u00e0 l\u2019instar de toutes les r\u00e9gions du royaume. En dehors de cette action \u00e9difiante, le reste n\u2019est que tohu-bohu fade et indolore\u00a0! \u00a0\u00a0\u00a0\u00a0\u00a0\u00a0\u00a0\u00a0\u00a0\u00a0\u00a0\u00a0 \u00a0\u00a0\u00a0\u00a0\u00a0\u00a0\u00a0\u00a0\u00a0\u00a0\u00a0\u00a0\u00a0\u00a0\u00a0\u00a0\u00a0\u00a0\u00a0\u00a0\u00a0\u00a0\u00a0\u00a0\u00a0\u00a0\u00a0\u00a0\u00a0\u00a0\u00a0<\/p>\n<p>Auteur: M&rsquo;hammed rahal<br \/>\n<a href=\"http:\/\/albayane.press.ma\/pauvre-espagne.html\">Cliquez ici pour lire l&rsquo;article depuis sa source.<\/a><\/p>\n","protected":false},"excerpt":{"rendered":"<p>La sc\u00e8ne tristement jou\u00e9e par de veules acteurs, en compagnie de leurs comparses, s\u2019est \u00e9galement ponctu\u00e9e comme elle eut d\u00e9but\u00e9, en une lugubre singerie. Le gredin s\u00e9paratiste, jouissant des largesses, tel un prince emmitoufl\u00e9 dans les draps soyeux, s\u2019\u00e9clipsait furtivement dans les t\u00e9n\u00e8bres \u00e0 lueurs clandestines du berceau espagnol. Le navet que proposent obscur\u00e9ment les [&hellip;]<\/p>\n","protected":false},"author":1760,"featured_media":0,"comment_status":"closed","ping_status":"closed","sticky":false,"template":"","format":"standard","meta":{"fifu_image_url":"","fifu_image_alt":"","footnotes":""},"categories":[73,54],"tags":[],"class_list":["post-117992","post","type-post","status-publish","format-standard","hentry","category-actualite","category-maroc"],"_links":{"self":[{"href":"https:\/\/linitiative.ca\/International\/wp-json\/wp\/v2\/posts\/117992","targetHints":{"allow":["GET"]}}],"collection":[{"href":"https:\/\/linitiative.ca\/International\/wp-json\/wp\/v2\/posts"}],"about":[{"href":"https:\/\/linitiative.ca\/International\/wp-json\/wp\/v2\/types\/post"}],"author":[{"embeddable":true,"href":"https:\/\/linitiative.ca\/International\/wp-json\/wp\/v2\/users\/1760"}],"replies":[{"embeddable":true,"href":"https:\/\/linitiative.ca\/International\/wp-json\/wp\/v2\/comments?post=117992"}],"version-history":[{"count":0,"href":"https:\/\/linitiative.ca\/International\/wp-json\/wp\/v2\/posts\/117992\/revisions"}],"wp:attachment":[{"href":"https:\/\/linitiative.ca\/International\/wp-json\/wp\/v2\/media?parent=117992"}],"wp:term":[{"taxonomy":"category","embeddable":true,"href":"https:\/\/linitiative.ca\/International\/wp-json\/wp\/v2\/categories?post=117992"},{"taxonomy":"post_tag","embeddable":true,"href":"https:\/\/linitiative.ca\/International\/wp-json\/wp\/v2\/tags?post=117992"}],"curies":[{"name":"wp","href":"https:\/\/api.w.org\/{rel}","templated":true}]}}