{"id":117993,"date":"2021-06-03T14:00:00","date_gmt":"2021-06-03T18:00:00","guid":{"rendered":"https:\/\/linitiative.ca\/International\/bresil-la-rue-reclame-le-depart-du-president-bolsonaro\/"},"modified":"2021-06-03T14:00:00","modified_gmt":"2021-06-03T18:00:00","slug":"bresil-la-rue-reclame-le-depart-du-president-bolsonaro","status":"publish","type":"post","link":"https:\/\/linitiative.ca\/International\/bresil-la-rue-reclame-le-depart-du-president-bolsonaro\/","title":{"rendered":"Br\u00e9sil : La rue r\u00e9clame le d\u00e9part du pr\u00e9sident Bolsonaro"},"content":{"rendered":"<p class=\"has-text-align-center\"><strong>Attendons pour voir\u2026<\/strong><\/p>\n<p><strong>Nabil El Bousaadi<\/strong><\/p>\n<p><strong>C\u2019est sous le mot d\u2019ordre \u00ab\u00a0Fora Bolsonaro\u00a0!\u00a0\u00bb (Bolsonaro, dehors\u00a0!), \u00ab\u00a0Bolsonaro Genocida\u00a0!\u00a0\u00bb (Bolsonaro g\u00e9nocidaire) qu\u2019\u00e0 l\u2019appel des principaux partis de gauche et de diverses organisations estudiantines, des dizaines de milliers de br\u00e9siliens masqu\u00e9s (pand\u00e9mie oblige) et arborant des drapeaux rouges (syndicats de gauche), verts (\u00e9cologistes), violets (f\u00e9ministes) ou noirs (en hommage aux victimes du Covid-19), ont d\u00e9fil\u00e9, ce samedi 29 mai, dans au moins 200 villes du pays.<\/strong><\/p>\n<p>A en croire le site d\u2019information G1, \u00e0 Recife, au nord-ouest du pays, la police a m\u00eame d\u00fb faire usage de bombes lacrymog\u00e8nes et de balles en caoutchouc pour disperser les manifestants.<\/p>\n<p>L\u2019objectif de ce soul\u00e8vement populaire qui intervient apr\u00e8s deux week-ends de manifestations de soutien au gouvernement convoqu\u00e9es par le chef de l\u2019Etat est de protester contre le pr\u00e9sident d\u2019extr\u00eame-droite Jair Bolsonaro qui, d\u00e8s le d\u00e9but de la pand\u00e9mie du nouveau coronavirus qui a \u00f4t\u00e9 la vie \u00e0 pr\u00e8s de 460.000 br\u00e9siliens, avait non seulement qualifi\u00e9 celle-ci de \u00ab\u00a0grippette\u00a0\u00bb mais, \u00e9galement, critiqu\u00e9 les mesures de quarantaine, promu des m\u00e9dicaments sans efficacit\u00e9 prouv\u00e9e et mis en doute celle des vaccins.<\/p>\n<p>Marcelo Queiroga, qui est le quatri\u00e8me ministre de la sant\u00e9 du gouvernement br\u00e9silien depuis le d\u00e9but de la pand\u00e9mie,\u00a0 d\u00e9clare \u00ab\u00a0travailler d\u2019arrache-pied pour \u00e9viter le risque d\u2019une troisi\u00e8me vague\u00a0\u00bb dans le pays\u00a0; tout cela sans trop d\u2019espoirs avec l\u2019apparition du \u00ab\u00a0variant indien\u00a0\u00bb.<\/p>\n<p>Ces manifestations auxquelles a appel\u00e9 la gauche br\u00e9silienne visent, bien entendu, \u00e0 faire tomber un pr\u00e9sident que d\u2019aucuns jugent beaucoup \u00ab\u00a0plus dangereux que le virus\u00a0\u00bb et dont la popularit\u00e9 est en tr\u00e8s forte baisse puisque, d\u2019apr\u00e8s un sondage PodeData qui place l\u2019ancien pr\u00e9sident Lula da Silva, en position de favori pour remporter l\u2019\u00e9lection pr\u00e9sidentielle de 2022, 57% des br\u00e9siliens r\u00e9clament sa destitution car, au-del\u00e0 de sa gestion catastrophique de la pand\u00e9mie, il lui est, \u00e9galement, reproch\u00e9 de promouvoir la d\u00e9forestation de l\u2019Amazonie, la violence et le racisme.<\/p>\n<p>\u00ab\u00a0Personne ne veut \u00eatre dans la rue au milieu d\u2019une pand\u00e9mie mais Bolsonaro ne nous laisse aucune alternative. Nous sommes dans la rue pour d\u00e9fendre des vies\u00a0(car) nous n\u2019allons pas attendre 2022 \u00bb s\u2019est \u00e9cri\u00e9 Guilherme \u00a0Boulos, le leader du Mouvement des travailleurs sans abri (MTST) qui estime que de nombreux d\u00e9c\u00e8s auraient pu \u00eatre \u00e9vit\u00e9s si le gouvernement avait lanc\u00e9 plus t\u00f4t la campagne de vaccination.<\/p>\n<p>A Rio de Janeiro, le lieu de rassemblement des manifestants, respectant les gestes-barri\u00e8res et distribuant des masques et du gel hydro-alcoolique \u00e0 ceux qui en ont besoin et, pour certains, brandissant m\u00eame des portraits de l\u2019ancien pr\u00e9sident de gauche Lula da Silva portant l\u2019\u00e9charpe pr\u00e9sidentielle, n\u2019a pas \u00e9t\u00e9 choisi au hasard puisque les contestataires se sont rencontr\u00e9s au pied de \u00ab\u00a0Balan\u00e7a Mas Nao Cai\u00a0\u00bb (\u00ab\u00a0Tangue mais ne tombe pas\u00a0\u00bb), une gigantesque construction en b\u00e9ton, inaugur\u00e9e en grandes pompes en 1948 et qui, bien que r\u00e9put\u00e9e instable, est encore debout apr\u00e8s sept d\u00e9cennies.<\/p>\n<p>A Macapa, la capitale de l\u2019Etat de l\u2019Amapa, situ\u00e9e sur la rive gauche de l\u2019Amazone et sur la ligne de l\u2019\u00e9quateur, en plus du d\u00e9part du pr\u00e9sident Bolsonaro, les manifestants ont, \u00e9galement, r\u00e9clam\u00e9 le r\u00e9tablissement de l\u2019aide d\u2019urgence de 600 rais, le d\u00e9veloppement de l\u2019\u00e9ducation et de la recherche mais aussi des moyens n\u00e9cessaires \u00e0 une vaccination en masse de la population.<\/p>\n<p>A Sao Paulo, la plus grande ville du Br\u00e9sil, au-dessus des manifestants, volait dans les airs un immense ballon repr\u00e9sentant Jair Bolsonaro en vampire.<\/p>\n<p>Face \u00e0 un tel d\u00e9cha\u00eenement de col\u00e8re, rien ne permet d\u2019affirmer si le pr\u00e9sident d\u2019extr\u00eame-droite va\u00a0 rester aux commandes du Br\u00e9sil jusqu\u2019aux prochaines \u00e9ch\u00e9ances \u00e9lectorales\u00a0ou s\u2019il va \u00eatre contraint de s\u2019\u00e9clipser avant terme. Alors, attendons pour voir\u2026<\/p>\n<p>Auteur: M&rsquo;hammed rahal<br \/>\n<a href=\"http:\/\/albayane.press.ma\/bresil-la-rue-reclame-le-depart-du-president-bolsonaro.html\">Cliquez ici pour lire l&rsquo;article depuis sa source.<\/a><\/p>\n","protected":false},"excerpt":{"rendered":"<p>Attendons pour voir\u2026 Nabil El Bousaadi C\u2019est sous le mot d\u2019ordre \u00ab\u00a0Fora Bolsonaro\u00a0!\u00a0\u00bb (Bolsonaro, dehors\u00a0!), \u00ab\u00a0Bolsonaro Genocida\u00a0!\u00a0\u00bb (Bolsonaro g\u00e9nocidaire) qu\u2019\u00e0 l\u2019appel des principaux partis de gauche et de diverses organisations estudiantines, des dizaines de milliers de br\u00e9siliens masqu\u00e9s (pand\u00e9mie oblige) et arborant des drapeaux rouges (syndicats de gauche), verts (\u00e9cologistes), violets (f\u00e9ministes) ou noirs (en [&hellip;]<\/p>\n","protected":false},"author":1760,"featured_media":0,"comment_status":"closed","ping_status":"closed","sticky":false,"template":"","format":"standard","meta":{"fifu_image_url":"","fifu_image_alt":"","footnotes":""},"categories":[73,54],"tags":[],"class_list":["post-117993","post","type-post","status-publish","format-standard","hentry","category-actualite","category-maroc"],"_links":{"self":[{"href":"https:\/\/linitiative.ca\/International\/wp-json\/wp\/v2\/posts\/117993","targetHints":{"allow":["GET"]}}],"collection":[{"href":"https:\/\/linitiative.ca\/International\/wp-json\/wp\/v2\/posts"}],"about":[{"href":"https:\/\/linitiative.ca\/International\/wp-json\/wp\/v2\/types\/post"}],"author":[{"embeddable":true,"href":"https:\/\/linitiative.ca\/International\/wp-json\/wp\/v2\/users\/1760"}],"replies":[{"embeddable":true,"href":"https:\/\/linitiative.ca\/International\/wp-json\/wp\/v2\/comments?post=117993"}],"version-history":[{"count":0,"href":"https:\/\/linitiative.ca\/International\/wp-json\/wp\/v2\/posts\/117993\/revisions"}],"wp:attachment":[{"href":"https:\/\/linitiative.ca\/International\/wp-json\/wp\/v2\/media?parent=117993"}],"wp:term":[{"taxonomy":"category","embeddable":true,"href":"https:\/\/linitiative.ca\/International\/wp-json\/wp\/v2\/categories?post=117993"},{"taxonomy":"post_tag","embeddable":true,"href":"https:\/\/linitiative.ca\/International\/wp-json\/wp\/v2\/tags?post=117993"}],"curies":[{"name":"wp","href":"https:\/\/api.w.org\/{rel}","templated":true}]}}