{"id":117994,"date":"2021-06-03T14:00:00","date_gmt":"2021-06-03T18:00:00","guid":{"rendered":"https:\/\/linitiative.ca\/International\/la-coalition-anti-netanyahu-en-quete-de-confiance-au-parlement\/"},"modified":"2021-06-03T14:00:00","modified_gmt":"2021-06-03T18:00:00","slug":"la-coalition-anti-netanyahu-en-quete-de-confiance-au-parlement","status":"publish","type":"post","link":"https:\/\/linitiative.ca\/International\/la-coalition-anti-netanyahu-en-quete-de-confiance-au-parlement\/","title":{"rendered":"La coalition anti-Netanyahu en qu\u00eate de confiance au Parlement"},"content":{"rendered":"<p class=\"has-text-align-center has-vivid-cyan-blue-color has-text-color\"><strong>Isra\u00ebl<\/strong><\/p>\n<p><strong>Isra\u00ebl s\u2019approche jeudi de la fin d\u2019une \u00e9poque apr\u00e8s la formation in extremis d\u2019une coalition h\u00e9t\u00e9roclite qui pourrait \u00e9vincer du pouvoir d\u00e8s les prochains jours Benjamin Netanyahu, le Premier ministre le plus p\u00e9renne de l\u2019histoire du pays.<\/strong><\/p>\n<p>Alors que la date de la r\u00e9union du Parlement pour voter la confiance \u00e0 l\u2019\u00e9quipe gouvernementale n\u2019est pas encore connue, M. Netanyahu, maintenant une attitude de d\u00e9fi, a \u00e9crit sur Twitter: \u00ab\u00a0tous les d\u00e9put\u00e9s \u00e9lus gr\u00e2ce au soutien de la droite doivent s\u2019opposer \u00e0 ce dangereux gouvernement de gauche\u00a0\u00bb.<\/p>\n<p>A une quarantaine de minutes de l\u2019\u00e9ch\u00e9ance mercredi soir, le chef de l\u2019opposition Ya\u00efr Lapid a inform\u00e9 le pr\u00e9sident Reuven Rivlin qu\u2019il avait r\u00e9uni la majorit\u00e9 n\u00e9cessaire de 61 d\u00e9put\u00e9s (sur 120) pour un accord de gouvernement cens\u00e9 tirer un trait sur plus de deux ans de crise politique marqu\u00e9e par quatre \u00e9lections et aucun gouvernement stable.<\/p>\n<p>Les tractations ayant conduit \u00e0 l\u2019accord ont dur\u00e9 plusieurs jours, sur fond de rumeurs, de pressions, de tensions, pour une nouvelle tomb\u00e9e \u00e0 23H25 locales mercredi: Ya\u00efr Lapid, chef de la formation centriste Yesh Atid, a annonc\u00e9 avoir \u00ab\u00a0r\u00e9ussi \u00e0 former un gouvernement\u00a0\u00bb.<\/p>\n<p>Mais l\u2019accord formel de coalition ne fait pas encore un gouvernement. Pour y parvenir, cette coalition doit obtenir le vote de confiance d\u2019une majorit\u00e9 d\u2019\u00e9lus \u00e0 la Knesset, le Parlement isra\u00e9lien.<\/p>\n<p>Or la convocation de ce vote est aux mains du pr\u00e9sident du Parlement, Yariv Levin, t\u00e9nor du parti de droite Likoud de Benjamin Netanyahu, qui pourrait \u00eatre tent\u00e9 de temporiser en esp\u00e9rant que certains d\u00e9put\u00e9s sous pression du Premier ministre, fassent d\u00e9fection.<\/p>\n<p>Les Isra\u00e9liens sont enti\u00e8rement polaris\u00e9s, entre ceux qui voient dans cette alliance d\u00e9tonante, une \u00ab\u00a0trahison\u00a0\u00bb des id\u00e9es de la droite aussi bien que de la gauche, et ceux soulag\u00e9s de voir l\u2019ind\u00e9boulonnable Premier ministre sur le d\u00e9part apr\u00e8s plus de 10 ans au pouvoir.<\/p>\n<p>\u00ab\u00a0Nous avions presque perdu espoir et nous esp\u00e9rons qu\u2019apr\u00e8s ces deux ann\u00e9es tr\u00e8s difficiles, nous aurons enfin une nouvelle \u00e8re qui ram\u00e8nera enfin l\u2019espoir en Isra\u00ebl\u00a0\u00bb, a d\u00e9clar\u00e9 Chen Kostukovsky, une habitante de Tel-Aviv rompue aux manifestations contre Benjamin Netanyahu.<\/p>\n<p>Jug\u00e9 pour \u00ab\u00a0corruption\u00a0\u00bb dans trois affaires, M. Netanyahu est le premier chef de gouvernement isra\u00e9lien \u00e0 faire face \u00e0 des poursuites p\u00e9nales en cours de mandat. Il devrait redevenir simple d\u00e9put\u00e9 et ne pourra plus user de son influence pour tenter de faire passer une loi pour le prot\u00e9ger de ses ennuis judiciaires.<\/p>\n<p>L\u2019image de la soir\u00e9e, celle de la signature de l\u2019accord de coalition conclu par les chefs de huit partis -deux de gauche, deux de centre, trois de droite et un arabe- marque aussi un tournant dans l\u2019histoire politique d\u2019Isra\u00ebl.<br \/>La derni\u00e8re fois qu\u2019un parti arabe isra\u00e9lien avait soutenu -sans toutefois y participer- un gouvernement remonte \u00e0 1992 \u00e0 l\u2019\u00e9poque du \u00ab\u00a0gouvernement de la paix\u00a0\u00bb de Yitzhak Rabin.<\/p>\n<p>Cette fois, la formation arabe islamiste Raam dirig\u00e9e par Mansour Abbas a sign\u00e9 l\u2019accord mais ne pr\u00e9voit pas de participer \u00e0 ce gouvernement.<\/p>\n<p>\u00ab\u00a0Ce gouvernement sera au service de tous les citoyens d\u2019Isra\u00ebl incluant ceux qui n\u2019en sont pas membres, respectera ceux qui s\u2019y opposent, et fera tout ce qui est en son pouvoir pour unir les diff\u00e9rentes composantes de la soci\u00e9t\u00e9 isra\u00e9lienne\u00a0\u00bb, a assur\u00e9 M. Lapid mercredi soir.<\/p>\n<p>Les yeux \u00e9taient \u00e9galement tourn\u00e9s vers Naftali Bennett, ancien assistant de M. Netanyahu devenu son rival. Le dirigeant de la droite radicale n\u2019a ralli\u00e9 le bloc anti-Netanyahu qu\u2019au dernier moment apr\u00e8s avoir fait planer le doute pendant des semaines.<\/p>\n<p>Et c\u2019est d\u2019ailleurs M. Bennett, chef de la formation Yamina dont le soutien \u00e9tait essentiel pour atteindre le nombre magique des 61 d\u00e9put\u00e9s, qui sera le premier chef du gouvernement, jusqu\u2019en 2023, avant d\u2019\u00eatre remplac\u00e9 par Yair Lapid jusqu\u2019en 2025, selon les m\u00e9dias isra\u00e9liens.<\/p>\n<p>A moins que cette coalition h\u00e9t\u00e9roclite \u2013 divis\u00e9e sur des questions \u00e9conomiques, de s\u00e9curit\u00e9 et sur la question sensible de la relation entre Etat et la religion \u2013 n\u2019\u00e9clate en vol.<\/p>\n<p>Benny Gantz, le ministre de la D\u00e9fense et ex-concurrent de M. Netanyahu, en route pour Washington o\u00f9 il doit discuter du dossier iranien, a salu\u00e9 sur Twitter une \u00ab\u00a0nuit de grand espoir\u00a0\u00bb.<\/p>\n<p>Les pourparlers pour former ce gouvernement avaient \u00e9t\u00e9 relanc\u00e9s apr\u00e8s la flamb\u00e9e de violences entre manifestants palestiniens et policiers isra\u00e9liens \u00e0 J\u00e9rusalem-Est, les fortes tensions dans des villes jud\u00e9o-arabes d\u2019Isra\u00ebl, et la guerre de 11 jours entre l\u2019arm\u00e9e isra\u00e9lienne et le mouvement islamiste palestinien Hamas au pouvoir \u00e0 Gaza.<\/p>\n<p>Auteur: M&rsquo;hammed rahal<br \/>\n<a href=\"http:\/\/albayane.press.ma\/la-coalition-anti-netanyahu-en-quete-de-confiance-au-parlement.html\">Cliquez ici pour lire l&rsquo;article depuis sa source.<\/a><\/p>\n","protected":false},"excerpt":{"rendered":"<p>Isra\u00ebl Isra\u00ebl s\u2019approche jeudi de la fin d\u2019une \u00e9poque apr\u00e8s la formation in extremis d\u2019une coalition h\u00e9t\u00e9roclite qui pourrait \u00e9vincer du pouvoir d\u00e8s les prochains jours Benjamin Netanyahu, le Premier ministre le plus p\u00e9renne de l\u2019histoire du pays. Alors que la date de la r\u00e9union du Parlement pour voter la confiance \u00e0 l\u2019\u00e9quipe gouvernementale n\u2019est [&hellip;]<\/p>\n","protected":false},"author":1760,"featured_media":0,"comment_status":"closed","ping_status":"closed","sticky":false,"template":"","format":"standard","meta":{"fifu_image_url":"","fifu_image_alt":"","footnotes":""},"categories":[73,54],"tags":[],"class_list":["post-117994","post","type-post","status-publish","format-standard","hentry","category-actualite","category-maroc"],"_links":{"self":[{"href":"https:\/\/linitiative.ca\/International\/wp-json\/wp\/v2\/posts\/117994","targetHints":{"allow":["GET"]}}],"collection":[{"href":"https:\/\/linitiative.ca\/International\/wp-json\/wp\/v2\/posts"}],"about":[{"href":"https:\/\/linitiative.ca\/International\/wp-json\/wp\/v2\/types\/post"}],"author":[{"embeddable":true,"href":"https:\/\/linitiative.ca\/International\/wp-json\/wp\/v2\/users\/1760"}],"replies":[{"embeddable":true,"href":"https:\/\/linitiative.ca\/International\/wp-json\/wp\/v2\/comments?post=117994"}],"version-history":[{"count":0,"href":"https:\/\/linitiative.ca\/International\/wp-json\/wp\/v2\/posts\/117994\/revisions"}],"wp:attachment":[{"href":"https:\/\/linitiative.ca\/International\/wp-json\/wp\/v2\/media?parent=117994"}],"wp:term":[{"taxonomy":"category","embeddable":true,"href":"https:\/\/linitiative.ca\/International\/wp-json\/wp\/v2\/categories?post=117994"},{"taxonomy":"post_tag","embeddable":true,"href":"https:\/\/linitiative.ca\/International\/wp-json\/wp\/v2\/tags?post=117994"}],"curies":[{"name":"wp","href":"https:\/\/api.w.org\/{rel}","templated":true}]}}