{"id":117995,"date":"2021-06-03T14:00:00","date_gmt":"2021-06-03T18:00:00","guid":{"rendered":"https:\/\/linitiative.ca\/International\/une-lueur-despoir-pour-lindustrie-du-7eme-art\/"},"modified":"2021-06-03T14:00:00","modified_gmt":"2021-06-03T18:00:00","slug":"une-lueur-despoir-pour-lindustrie-du-7eme-art","status":"publish","type":"post","link":"https:\/\/linitiative.ca\/International\/une-lueur-despoir-pour-lindustrie-du-7eme-art\/","title":{"rendered":"Une lueur d\u2019espoir pour l\u2019industrie du 7\u00e8me Art"},"content":{"rendered":"<p class=\"has-text-align-center has-vivid-cyan-blue-color has-text-color\"><strong>R\u00e9ouverture des cin\u00e9mas<\/strong><\/p>\n<p class=\"has-text-align-right\"><strong>Par Sofia El Aouni \u2013 MAP<\/strong><\/p>\n<p><strong>Avec l\u2019all\u00e8gement des mesures restrictives, le rideau de la culture se l\u00e8ve, laissant entrevoir une reprise tant escompt\u00e9e du 7\u00e8me Art, avec une r\u00e9ouverture des salles obscures.<\/strong><\/p>\n<p>Cette d\u00e9cision consid\u00e9r\u00e9e comme un succ\u00e8s, applaudie par les acteurs du secteur cin\u00e9matographique et par les cin\u00e9philes, vient soulager une souffrance qui a dur\u00e9 pr\u00e8s de 14 mois, engendr\u00e9e par la crise mondiale du coronavirus.<\/p>\n<p>Cette bonne nouvelle fait partie d\u2019une batterie de mesures dont l\u2019application a \u00e9t\u00e9 d\u00e9cid\u00e9e par le gouvernement, \u00e0 compter du 1er juin, au vu des r\u00e9sultats positifs enregistr\u00e9s dans la courbe des infections \u00e0 la Covid-19 et des avanc\u00e9es importantes r\u00e9alis\u00e9es dans le cadre de la campagne nationale de vaccination contre cette pand\u00e9mie.<\/p>\n<p>Ces mesures concernent, entre autres, l\u2019autorisation d\u2019ouverture des salles de cin\u00e9ma \u00e0 hauteur de 50% de leur capacit\u00e9 dans le respect total et rigoureux de l\u2019ensemble des mesures pr\u00e9ventives.<\/p>\n<p>La r\u00e9action des premiers int\u00e9ress\u00e9s ne s\u2019est pas faite attendre, \u00e0 l\u2019exemple du \u00ab\u00a0Cin\u00e9ma Renaissance\u00a0\u00bb \u00e0 Rabat, qui a exprim\u00e9 son enthousiasme \u00e0 la rencontre du public \u00e0 travers un message sur sa page Facebook : \u00ab\u00a0Chers cin\u00e9philes, le jour tant attendu est enfin l\u00e0. Rendez-vous tr\u00e8s tr\u00e8s vite\u00a0\u00bb.<\/p>\n<p>Sur un ton de l\u00e9g\u00e8ret\u00e9 joyeuse, le \u00ab\u00a0Cin\u00e9atlas\u00a0\u00bb, qui a qualifi\u00e9 cet \u00e9v\u00e9nement de \u00ab\u00a0challenge\u00a0\u00bb, a pr\u00e9cis\u00e9 sur sa page Facebook que la \u00ab\u00a0r\u00e9ouverture qui se fera au plus vite\u00a0\u00bb est anim\u00e9e par \u00ab\u00a0la joie\u00a0\u00bb de retrouver le public. Une joie qui \u00ab\u00a0donne des ailes\u00a0\u00bb.<\/p>\n<p>Se r\u00e9jouissant de l\u2019annonce de la r\u00e9ouverture \u00ab\u00a0partielle\u00a0\u00bb des salles de cin\u00e9ma, le pr\u00e9sident de la Fondation Tayeb Saddiki, Baker Saddiki, a relev\u00e9 que la \u00ab\u00a0revivification de la pratique artistique devrait constituer une opportunit\u00e9 pour repenser la pratique culturelle \u00e0 l\u2019aube post-Covid\u00a0\u00bb.<\/p>\n<p>Avec la r\u00e9ouverture des salles obscures, M. Saddiki a appel\u00e9, dans son article consacr\u00e9 \u00e0 la relance des salles de th\u00e9\u00e2tre et de cin\u00e9ma et publi\u00e9 sur le site d\u2019information \u00ab\u00a0le Collimateur\u00a0\u00bb, \u00e0 d\u00e9clencher une \u00ab\u00a0r\u00e9elle concertation nationale sur la culture de demain, avec pour objectif ambitieux l\u2019\u00e9mergence d\u2019une r\u00e9elle industrie cr\u00e9ative comp\u00e9titive, g\u00e9n\u00e9ratrice de richesses et d\u2019emploi et qui participerait \u00e0 un branding national aux standards internationaux\u00a0\u00bb.<\/p>\n<p>\u00ab\u00a0L\u2019apr\u00e8s-crise doit constituer une opportunit\u00e9 pour repenser notre avenir ; un avenir o\u00f9 la culture et les arts devraient avoir un r\u00f4le \u00e9ducatif, soci\u00e9tal et \u00e9conomique de premier plan\u00a0\u00bb, a-t-il affirm\u00e9.<\/p>\n<p>Pour sa part, l\u2019acteur Malek Akhmiss a estim\u00e9, dans une d\u00e9claration \u00e0 la MAP, que cette r\u00e9ouverture des salles de cin\u00e9ma, m\u00eame partielle, est l\u2019espoir d\u2019un renouveau pour l\u2019industrie cin\u00e9matographique au Maroc, soulignant que l\u2019\u00e9tape post-Covid est une r\u00e9elle opportunit\u00e9 \u00e0 saisir afin de repenser le secteur culturel.<\/p>\n<p>S\u2019agissant des \u0153uvres cin\u00e9matographiques qui n\u2019ont pas pu sortir en salles depuis leur fermeture, M. Akhmiss a cit\u00e9 l\u2019exemple d\u2019\u00a0\u00bbIndigo\u00a0\u00bb de Selma Bargach et \u00ab\u00a0Diad\u00e8me du Moussem\u00a0\u00bb de Mohamed Hassini, deux films dans lesquels il a jou\u00e9.<\/p>\n<p>Touch\u00e9 de plein fouet par la crise du nouveau coronavirus, l\u2019industrie cin\u00e9matographique a bascul\u00e9 dans l\u2019obscurit\u00e9 de ses salles. Cet \u00e9cosyst\u00e8me vertueux, qualifi\u00e9 un certain temps de \u00ab\u00a0non essentiel\u00a0\u00bb, a subi des pertes vertigineuses avec l\u2019arr\u00eat pur et simple de toutes ses activit\u00e9s, dressant ainsi un des tableaux les plus inqui\u00e9tants.<\/p>\n<p>C\u2019est gr\u00e2ce \u00e0 l\u2019ing\u00e9niosit\u00e9 et \u00e0 la cr\u00e9ativit\u00e9 de son milieu que le 7\u00e8me Art n\u2019a cess\u00e9 de se r\u00e9inventer pour survivre face \u00e0 une crise qui a mis \u00e0 mal bien des secteurs, en poursuivant ses projets et en se tournant vers le streaming, comme ultime \u00e9chappatoire.<\/p>\n<p>Auteur: M&rsquo;hammed rahal<br \/>\n<a href=\"http:\/\/albayane.press.ma\/une-lueur-despoir-pour-lindustrie-du-7eme-art.html\">Cliquez ici pour lire l&rsquo;article depuis sa source.<\/a><\/p>\n","protected":false},"excerpt":{"rendered":"<p>R\u00e9ouverture des cin\u00e9mas Par Sofia El Aouni \u2013 MAP Avec l\u2019all\u00e8gement des mesures restrictives, le rideau de la culture se l\u00e8ve, laissant entrevoir une reprise tant escompt\u00e9e du 7\u00e8me Art, avec une r\u00e9ouverture des salles obscures. Cette d\u00e9cision consid\u00e9r\u00e9e comme un succ\u00e8s, applaudie par les acteurs du secteur cin\u00e9matographique et par les cin\u00e9philes, vient soulager [&hellip;]<\/p>\n","protected":false},"author":1760,"featured_media":0,"comment_status":"closed","ping_status":"closed","sticky":false,"template":"","format":"standard","meta":{"fifu_image_url":"","fifu_image_alt":"","footnotes":""},"categories":[73,54],"tags":[],"class_list":["post-117995","post","type-post","status-publish","format-standard","hentry","category-actualite","category-maroc"],"_links":{"self":[{"href":"https:\/\/linitiative.ca\/International\/wp-json\/wp\/v2\/posts\/117995","targetHints":{"allow":["GET"]}}],"collection":[{"href":"https:\/\/linitiative.ca\/International\/wp-json\/wp\/v2\/posts"}],"about":[{"href":"https:\/\/linitiative.ca\/International\/wp-json\/wp\/v2\/types\/post"}],"author":[{"embeddable":true,"href":"https:\/\/linitiative.ca\/International\/wp-json\/wp\/v2\/users\/1760"}],"replies":[{"embeddable":true,"href":"https:\/\/linitiative.ca\/International\/wp-json\/wp\/v2\/comments?post=117995"}],"version-history":[{"count":0,"href":"https:\/\/linitiative.ca\/International\/wp-json\/wp\/v2\/posts\/117995\/revisions"}],"wp:attachment":[{"href":"https:\/\/linitiative.ca\/International\/wp-json\/wp\/v2\/media?parent=117995"}],"wp:term":[{"taxonomy":"category","embeddable":true,"href":"https:\/\/linitiative.ca\/International\/wp-json\/wp\/v2\/categories?post=117995"},{"taxonomy":"post_tag","embeddable":true,"href":"https:\/\/linitiative.ca\/International\/wp-json\/wp\/v2\/tags?post=117995"}],"curies":[{"name":"wp","href":"https:\/\/api.w.org\/{rel}","templated":true}]}}