{"id":118004,"date":"2021-06-04T15:14:06","date_gmt":"2021-06-04T19:14:06","guid":{"rendered":"https:\/\/linitiative.ca\/International\/equipe-dalgerie-belmadi-donne-des-nouvelles-datal-et-encense-feghouli\/"},"modified":"2021-06-04T15:14:06","modified_gmt":"2021-06-04T19:14:06","slug":"equipe-dalgerie-belmadi-donne-des-nouvelles-datal-et-encense-feghouli","status":"publish","type":"post","link":"https:\/\/linitiative.ca\/International\/equipe-dalgerie-belmadi-donne-des-nouvelles-datal-et-encense-feghouli\/","title":{"rendered":"Equipe d&rsquo;Alg\u00e9rie : Belmadi donne des nouvelles d&rsquo;Atal et encense Feghouli"},"content":{"rendered":"<div readability=\"32\">\n<p>Auteur : <span class=\"time\">vendredi 04 juin 2021 08:56<\/span><\/p>\n<\/div>\n<div id=\"post_core\" readability=\"57\">\n<p>Au terme de ce match, Djamel Belmadi a donn\u00e9 des nouvelles rassurantes de Youcef Atal, touch\u00e9 au genou pendant le match mais qui a tout de m\u00eame pu terminer la rencontre. \u00ab\u00a0On \u00e9tait inquiets pour Atal lorsqu\u2019il est rest\u00e9 allong\u00e9 par terre apr\u00e8s avoir re\u00e7u un coup. Il n\u2019y a pas eu de torsion, le genou n\u2019a pas souffert de blessure ligamentaire, il est stable, c\u2019\u00e9tait plut\u00f4t l\u2019impact du coup. Le docteur l\u2019a vu \u00e0 plusieurs reprises pendant le match, on a demand\u00e9 s\u2019il pr\u00e9f\u00e9rait sortir, il a voulu terminer le match. On a vu qu\u2019en fin de match sur ses mont\u00e9es il \u00e9tait \u00e0 100%. Peut-\u00eatre qu\u2019il n\u2019\u00e9tait pas dans l\u2019ensemble confiant apr\u00e8s le coup par rapport aux anciennes blessures, mais il n\u2019y a rien de grave\u00a0\u00bb, a assur\u00e9 Belmadi comme le rapporte Onzemondial.<\/p>\n<p>Enfin, le s\u00e9lectionneur alg\u00e9rien a tenu \u00e0 mettre en avant la grande performance de Sofiane Feghouli, homme du match avec son doubl\u00e9. \u00ab\u00a0Si on parle de performances individuelles, on peut citer le match de Feghouli. Sofiane a fait un gros match, m\u00eame s\u2019il a jou\u00e9 dans un poste qui n\u2019est pas n\u00e9cessairement son meilleur poste. Il est au four et au moulin, il n\u2019est pas pr\u00eat d\u2019arr\u00eater \u00e0 nous faire plaisir, toujours beaucoup de d\u00e9bauche d\u2019\u00e9nergie en plus de \u00e7a il est buteur. Je le f\u00e9licite et je f\u00e9licite tout l\u2019\u00e9quipe, que ce soit les rentrants ou les rempla\u00e7ants franchement chapeau\u00a0\u00bb, a conclu Belmadi.<\/p>\n<p><strong>Publi\u00e9 dans :<\/strong> <span>Feghouli<\/span><\/p>\n<\/div>\n<p>Auteur:<br \/>\n<a href=\"http:\/\/www.lebuteur.com\/article\/detail?titre=belmadi-donne-des-nouvelles-datal-et-encense-feghouli&#038;id=100272&#038;utm_source=feedburner&#038;utm_medium=feed&#038;utm_campaign=Feed%3A+GalerieFArtciles+%28Les+derniers+articles++-+lebuteur.com%29\">Cliquez ici pour lire l&rsquo;article depuis sa source.<\/a><\/p>\n","protected":false},"excerpt":{"rendered":"<p>Auteur : vendredi 04 juin 2021 08:56 Au terme de ce match, Djamel Belmadi a donn\u00e9 des nouvelles rassurantes de Youcef Atal, touch\u00e9 au genou pendant le match mais qui a tout de m\u00eame pu terminer la rencontre. \u00ab\u00a0On \u00e9tait inquiets pour Atal lorsqu\u2019il est rest\u00e9 allong\u00e9 par terre apr\u00e8s avoir re\u00e7u un coup. Il [&hellip;]<\/p>\n","protected":false},"author":1738,"featured_media":0,"comment_status":"closed","ping_status":"closed","sticky":false,"template":"","format":"standard","meta":{"fifu_image_url":"\/\/cdn.lebuteur.com\/data\/images\/article\/thumbs\/large-belmadi-donne-des-nouvelles-datal-et-encense-feghouli-ce2fe.jpg","fifu_image_alt":"Equipe d'Alg\u00e9rie : Belmadi donne des nouvelles d'Atal et encense Feghouli","footnotes":""},"categories":[53,75],"tags":[],"class_list":["post-118004","post","type-post","status-publish","format-standard","hentry","category-algerie","category-sport"],"_links":{"self":[{"href":"https:\/\/linitiative.ca\/International\/wp-json\/wp\/v2\/posts\/118004","targetHints":{"allow":["GET"]}}],"collection":[{"href":"https:\/\/linitiative.ca\/International\/wp-json\/wp\/v2\/posts"}],"about":[{"href":"https:\/\/linitiative.ca\/International\/wp-json\/wp\/v2\/types\/post"}],"author":[{"embeddable":true,"href":"https:\/\/linitiative.ca\/International\/wp-json\/wp\/v2\/users\/1738"}],"replies":[{"embeddable":true,"href":"https:\/\/linitiative.ca\/International\/wp-json\/wp\/v2\/comments?post=118004"}],"version-history":[{"count":0,"href":"https:\/\/linitiative.ca\/International\/wp-json\/wp\/v2\/posts\/118004\/revisions"}],"wp:attachment":[{"href":"https:\/\/linitiative.ca\/International\/wp-json\/wp\/v2\/media?parent=118004"}],"wp:term":[{"taxonomy":"category","embeddable":true,"href":"https:\/\/linitiative.ca\/International\/wp-json\/wp\/v2\/categories?post=118004"},{"taxonomy":"post_tag","embeddable":true,"href":"https:\/\/linitiative.ca\/International\/wp-json\/wp\/v2\/tags?post=118004"}],"curies":[{"name":"wp","href":"https:\/\/api.w.org\/{rel}","templated":true}]}}