{"id":118005,"date":"2021-06-04T15:14:08","date_gmt":"2021-06-04T19:14:08","guid":{"rendered":"https:\/\/linitiative.ca\/International\/equipe-dalgerie-delort-remercie-les-supporters-pour-leur-soutien\/"},"modified":"2021-06-04T15:14:08","modified_gmt":"2021-06-04T19:14:08","slug":"equipe-dalgerie-delort-remercie-les-supporters-pour-leur-soutien","status":"publish","type":"post","link":"https:\/\/linitiative.ca\/International\/equipe-dalgerie-delort-remercie-les-supporters-pour-leur-soutien\/","title":{"rendered":"Equipe d&rsquo;Alg\u00e9rie : Delort remercie les supporters pour leur soutien"},"content":{"rendered":"<div readability=\"32\">\n<p>Auteur : <span class=\"time\">vendredi 04 juin 2021 12:21<\/span><\/p>\n<\/div>\n<div id=\"post_core\" readability=\"45\">\n<p>Champion d&rsquo;Afrique en 2019, l&rsquo;attaquant de 29\u00a0ans a partag\u00e9 sur les r\u00e9seaux sociaux toute sa d\u00e9ception de ne pas participer aux matchs face \u00e0 la Mauritanie, le Mali et la Tunisie :<\/p>\n<p>\u00ab\u00a0<em>D\u00e9go\u00fbt\u00e9 et triste pour les supporters, pour le peuple alg\u00e9rien. Suite \u00e0 un probl\u00e8me musculaire, j\u2019ai d\u00fb d\u00e9clarer forfait pour les 3 rencontres. De tout c\u0153ur avec mes fr\u00e8res. Comptez sur moi pour revenir plus fort.<\/em>\u00a0\u00bb a-t-il ainsi \u00e9crit sur son compte twitter.<\/p>\n<p>Il a \u00e9galement remerci\u00e9 les supporters pour leur soutien : <em>\u00ab\u00a0Le soutien que je re\u00e7ois sur les r\u00e9seaux est \u00e9norme. J\u2019en profite pour vous remercier, \u00e7a me fait chaud au c\u0153ur. Tahia Djaza\u00efr\u00a0\u00bb.<\/em><\/p>\n<p><strong>Publi\u00e9 dans :<\/strong> <span>Delort<\/span><\/p>\n<\/div>\n<p>Auteur:<br \/>\n<a href=\"http:\/\/www.lebuteur.com\/article\/detail?titre=delort-remercie-les-supporters-pour-leur-soutien&#038;id=100273&#038;utm_source=feedburner&#038;utm_medium=feed&#038;utm_campaign=Feed%3A+GalerieFArtciles+%28Les+derniers+articles++-+lebuteur.com%29\">Cliquez ici pour lire l&rsquo;article depuis sa source.<\/a><\/p>\n","protected":false},"excerpt":{"rendered":"<p>Auteur : vendredi 04 juin 2021 12:21 Champion d&rsquo;Afrique en 2019, l&rsquo;attaquant de 29\u00a0ans a partag\u00e9 sur les r\u00e9seaux sociaux toute sa d\u00e9ception de ne pas participer aux matchs face \u00e0 la Mauritanie, le Mali et la Tunisie : \u00ab\u00a0D\u00e9go\u00fbt\u00e9 et triste pour les supporters, pour le peuple alg\u00e9rien. Suite \u00e0 un probl\u00e8me musculaire, j\u2019ai [&hellip;]<\/p>\n","protected":false},"author":1738,"featured_media":0,"comment_status":"closed","ping_status":"closed","sticky":false,"template":"","format":"standard","meta":{"fifu_image_url":"\/\/cdn.lebuteur.com\/data\/images\/article\/thumbs\/large-delort-remercie-les-supporters-pour-leur-soutien-e7980.jpg","fifu_image_alt":"Equipe d'Alg\u00e9rie : Delort remercie les supporters pour leur soutien","footnotes":""},"categories":[53,75],"tags":[],"class_list":["post-118005","post","type-post","status-publish","format-standard","hentry","category-algerie","category-sport"],"_links":{"self":[{"href":"https:\/\/linitiative.ca\/International\/wp-json\/wp\/v2\/posts\/118005","targetHints":{"allow":["GET"]}}],"collection":[{"href":"https:\/\/linitiative.ca\/International\/wp-json\/wp\/v2\/posts"}],"about":[{"href":"https:\/\/linitiative.ca\/International\/wp-json\/wp\/v2\/types\/post"}],"author":[{"embeddable":true,"href":"https:\/\/linitiative.ca\/International\/wp-json\/wp\/v2\/users\/1738"}],"replies":[{"embeddable":true,"href":"https:\/\/linitiative.ca\/International\/wp-json\/wp\/v2\/comments?post=118005"}],"version-history":[{"count":0,"href":"https:\/\/linitiative.ca\/International\/wp-json\/wp\/v2\/posts\/118005\/revisions"}],"wp:attachment":[{"href":"https:\/\/linitiative.ca\/International\/wp-json\/wp\/v2\/media?parent=118005"}],"wp:term":[{"taxonomy":"category","embeddable":true,"href":"https:\/\/linitiative.ca\/International\/wp-json\/wp\/v2\/categories?post=118005"},{"taxonomy":"post_tag","embeddable":true,"href":"https:\/\/linitiative.ca\/International\/wp-json\/wp\/v2\/tags?post=118005"}],"curies":[{"name":"wp","href":"https:\/\/api.w.org\/{rel}","templated":true}]}}