{"id":118007,"date":"2021-06-04T04:51:00","date_gmt":"2021-06-04T08:51:00","guid":{"rendered":"https:\/\/linitiative.ca\/International\/le-retour-de-youssef-chahed\/"},"modified":"2021-06-04T04:51:00","modified_gmt":"2021-06-04T08:51:00","slug":"le-retour-de-youssef-chahed","status":"publish","type":"post","link":"https:\/\/linitiative.ca\/International\/le-retour-de-youssef-chahed\/","title":{"rendered":"Le retour de Youssef Chahed"},"content":{"rendered":"<p>Youssef Chahed pers\u00e9v\u00e8re dans sa strat\u00e9gie de reconqu\u00eate du pouvoir, multipliant les prises de parole. Dans un long entretien conduit par Hakim El Karoui, pour l\u2019Institut Montaigne, il d\u00e9veloppe une s\u00e9rie de nouvelles positions au sujet de l\u2019islam politique, la mont\u00e9e du populisme, la migration, les relations avec l\u2019Europe, l\u2019aide internationale re\u00e7ue et la r\u00e9forme du syst\u00e8me politique. L\u2019ancien chef du gouvernement se d\u00e9clare \u00abpersonnellement contre l\u2019islam politique\u00bb, expliquant les conditions qui avaient conduit en 2014 le pr\u00e9sident B\u00e9ji Ca\u00efd Essebsi \u00e0 choisir \u00abla cohabitation avec les islamistes, loin d\u2019une alliance strat\u00e9gique.\u00bb Chahed a \u00e9t\u00e9 critique \u00e0 l\u2019\u00e9gard de la qualit\u00e9, des montants et de la coordination de l\u2019aide internationale re\u00e7ue, et plaid\u00e9 en faveur de nouvelles relations avec l\u2019Europe ainsi qu\u2019une prise en charge globale de la question migratoire.<\/p>\n<p class=\"c2\"><strong><a href=\"https:\/\/www.leaders.com.tn\/le_mensuel_abonnez_vous\" target=\"_blank\" rel=\"noopener\"><img loading=\"lazy\" decoding=\"async\" src=\"\/uploads\/FCK_files\/Bon-de-commande(3).jpg\" alt=\"\" width=\"500\" vspace=\"5\" hspace=\"5\" height=\"128\" align=\"middle\"\/><\/a><\/strong><\/p>\n<p>Auteur:<br \/>\n<a href=\"https:\/\/www.leaders.com.tn\/article\/31982-le-retour-de-youssef-chahed\">Cliquez ici pour lire l&rsquo;article depuis sa source.<\/a><\/p>\n","protected":false},"excerpt":{"rendered":"<p>Youssef Chahed pers\u00e9v\u00e8re dans sa strat\u00e9gie de reconqu\u00eate du pouvoir, multipliant les prises de parole. Dans un long entretien conduit par Hakim El Karoui, pour l\u2019Institut Montaigne, il d\u00e9veloppe une s\u00e9rie de nouvelles positions au sujet de l\u2019islam politique, la mont\u00e9e du populisme, la migration, les relations avec l\u2019Europe, l\u2019aide internationale re\u00e7ue et la r\u00e9forme [&hellip;]<\/p>\n","protected":false},"author":1772,"featured_media":0,"comment_status":"closed","ping_status":"closed","sticky":false,"template":"","format":"standard","meta":{"fifu_image_url":"\/uploads\/FCK_files\/Bon-de-commande(3).jpg","fifu_image_alt":"Le retour de Youssef Chahed","footnotes":""},"categories":[73,55],"tags":[],"class_list":["post-118007","post","type-post","status-publish","format-standard","hentry","category-actualite","category-tunisie"],"_links":{"self":[{"href":"https:\/\/linitiative.ca\/International\/wp-json\/wp\/v2\/posts\/118007","targetHints":{"allow":["GET"]}}],"collection":[{"href":"https:\/\/linitiative.ca\/International\/wp-json\/wp\/v2\/posts"}],"about":[{"href":"https:\/\/linitiative.ca\/International\/wp-json\/wp\/v2\/types\/post"}],"author":[{"embeddable":true,"href":"https:\/\/linitiative.ca\/International\/wp-json\/wp\/v2\/users\/1772"}],"replies":[{"embeddable":true,"href":"https:\/\/linitiative.ca\/International\/wp-json\/wp\/v2\/comments?post=118007"}],"version-history":[{"count":0,"href":"https:\/\/linitiative.ca\/International\/wp-json\/wp\/v2\/posts\/118007\/revisions"}],"wp:attachment":[{"href":"https:\/\/linitiative.ca\/International\/wp-json\/wp\/v2\/media?parent=118007"}],"wp:term":[{"taxonomy":"category","embeddable":true,"href":"https:\/\/linitiative.ca\/International\/wp-json\/wp\/v2\/categories?post=118007"},{"taxonomy":"post_tag","embeddable":true,"href":"https:\/\/linitiative.ca\/International\/wp-json\/wp\/v2\/tags?post=118007"}],"curies":[{"name":"wp","href":"https:\/\/api.w.org\/{rel}","templated":true}]}}