{"id":118008,"date":"2021-06-04T05:01:00","date_gmt":"2021-06-04T09:01:00","guid":{"rendered":"https:\/\/linitiative.ca\/International\/inauguration-officielle-du-lycee-du-groupe-scolaire-rene-descartes-par-lambassadeur-de-france-en-tunisie\/"},"modified":"2021-06-04T05:01:00","modified_gmt":"2021-06-04T09:01:00","slug":"inauguration-officielle-du-lycee-du-groupe-scolaire-rene-descartes-par-lambassadeur-de-france-en-tunisie","status":"publish","type":"post","link":"https:\/\/linitiative.ca\/International\/inauguration-officielle-du-lycee-du-groupe-scolaire-rene-descartes-par-lambassadeur-de-france-en-tunisie\/","title":{"rendered":"Inauguration officielle du lyc\u00e9e du Groupe Scolaire Ren\u00e9 Descartes par l\u2019Ambassadeur de France en Tunisie"},"content":{"rendered":"<p>Le Groupe Scolaire Ren\u00e9 Descartes (GSRD), groupe d\u2019\u00e9tablissements d\u2019enseignement priv\u00e9 \u00e0 programme fran\u00e7ais, homologu\u00e9 par l\u2019AEFE (Agence pour l\u2019enseignement fran\u00e7ais \u00e0 l\u2019\u00e9tranger), \u00e0 Tunis, a officiellement inaugur\u00e9 le 2 juin 2021 son lyc\u00e9e, situ\u00e9 dans le quartier d\u2019Ennasr 2 \u00e0 Tunis, et principalement sa nouvelle extension entr\u00e9e en fonction au d\u00e9but de l\u2019ann\u00e9e scolaire.<\/p>\n<p>Cette inauguration s\u2019est faite en pr\u00e9sence de l\u2019Ambassadeur de France en Tunisie, M. Andr\u00e9 Parant, qui conduisait une importante d\u00e9l\u00e9gation venue visiter les installations de l\u2019\u00e9tablissement, notamment ses \u00e9quipements sportifs et artistiques et \u00e9galement la nouvelle web radio lanc\u00e9e par les \u00e9l\u00e8ves du lyc\u00e9e.<\/p>\n<p class=\"c2\"><img decoding=\"async\" src=\"\/uploads\/FCK_files\/M_-Parant,-Mme-Sellaoui-et-M.jpg\" alt=\"\" width=\"100%\" vspace=\"5\" hspace=\"5\" align=\"middle\"\/><\/p>\n<p>M. Parant s\u2019est dit \u00ab impressionn\u00e9 par ces espaces p\u00e9dagogiques et de vie scolaire de tr\u00e8s haute qualit\u00e9 qui sont mises \u00e0 disposition des lyc\u00e9ens et des lyc\u00e9ennes et de leurs enseignants \u00bb, estimant que \u00ab le groupe scolaire Ren\u00e9 Descartes est devenu aujourd\u2019hui une r\u00e9f\u00e9rence pour tous ceux et celles qui ambitionnent rejoindre le r\u00e9seau homologu\u00e9 en Tunisie \u00bb.<\/p>\n<p>Evoquant le plan de d\u00e9veloppement de l\u2019enseignement fran\u00e7ais \u00e0 l\u2019\u00e9tranger lanc\u00e9 en 2018, il a d\u00e9clar\u00e9 que la Tunisie est le seul pays o\u00f9 les objectifs seront atteints d\u2019ici 2030 gr\u00e2ce aux partenaires locaux.<br \/>L\u2019ambassadeur \u00e9tait accompagn\u00e9 notamment de la Consule g\u00e9n\u00e9rale de France en Tunisie, Isabelle Fradin-Thirode, de la directrice de l\u2019Institut fran\u00e7ais de Tunisie, Sophie Renaud et du Conseiller pour l\u2019enseignement scolaire AEFE en Tunisie, Dominique Maillard.<\/p>\n<p class=\"c2\"><img decoding=\"async\" src=\"\/uploads\/FCK_files\/aJF1A7821.jpg\" alt=\"\" width=\"100%\" vspace=\"5\" hspace=\"5\" align=\"middle\"\/><\/p>\n<p>A l\u2019occasion de cette inauguration, Mme Dhouha Sellaoui, Pr\u00e9sidente-directrice g\u00e9n\u00e9rale du Groupe Scolaire Ren\u00e9 Descartes, a rappel\u00e9 que \u00ab l\u2019inauguration du lyc\u00e9e marquait une nouvelle \u00e9tape apr\u00e8s l\u2019homologation de tous ses \u00e9tablissements sur l\u2019ensemble des cycles scolaires \u00e0 partir de l\u2019ann\u00e9e scolaire 2020-2021 \u00bb.<\/p>\n<p>Cette homologation atteste de la conformit\u00e9 aux principes, aux programmes et \u00e0 l&rsquo;organisation p\u00e9dagogique du syst\u00e8me \u00e9ducatif fran\u00e7ais.<\/p>\n<p>Depuis sa fondation en 1993, sous la houlette de Mme Hayet Smida, le Groupe s\u2019est fix\u00e9 de hauts niveaux d\u2019exigences et s\u2019applique \u00e0 former et \u00e0 responsabiliser les futurs citoyens dans l\u2019application au quotidien des valeurs humanistes et universelles.<\/p>\n<p>Actuellement, 2400 \u00e9l\u00e8ves sont inscrits dans les \u00e9tablissements du Groupe, r\u00e9partis sur 4 sites (\u00e0 Ennasr 2 et aux Berges du Lac 2), qui comptent plus de 150 enseignants et 331 employ\u00e9s.<br \/>Il est \u00e0 rappeler que le taux de r\u00e9ussite au Brevet a \u00e9t\u00e9 de 95% lors de la derni\u00e8re session et celui du Baccalaur\u00e9at de 99% avec plus de 70% de mentions dont 26% de \u00ab tr\u00e8s bien \u00bb.<br \/>\u00a0<\/p>\n<p>Auteur:<br \/>\n<a href=\"https:\/\/www.leaders.com.tn\/article\/31983-inauguration-officielle-du-lycee-du-groupe-scolaire-rene-descartes-par-l-ambassadeur-de-france-en-tunisie\">Cliquez ici pour lire l&rsquo;article depuis sa source.<\/a><\/p>\n","protected":false},"excerpt":{"rendered":"<p>Le Groupe Scolaire Ren\u00e9 Descartes (GSRD), groupe d\u2019\u00e9tablissements d\u2019enseignement priv\u00e9 \u00e0 programme fran\u00e7ais, homologu\u00e9 par l\u2019AEFE (Agence pour l\u2019enseignement fran\u00e7ais \u00e0 l\u2019\u00e9tranger), \u00e0 Tunis, a officiellement inaugur\u00e9 le 2 juin 2021 son lyc\u00e9e, situ\u00e9 dans le quartier d\u2019Ennasr 2 \u00e0 Tunis, et principalement sa nouvelle extension entr\u00e9e en fonction au d\u00e9but de l\u2019ann\u00e9e scolaire. Cette [&hellip;]<\/p>\n","protected":false},"author":1772,"featured_media":0,"comment_status":"closed","ping_status":"closed","sticky":false,"template":"","format":"standard","meta":{"fifu_image_url":"\/uploads\/FCK_files\/M_-Parant,-Mme-Sellaoui-et-M.jpg","fifu_image_alt":"Inauguration officielle du lyc\u00e9e du Groupe Scolaire Ren\u00e9 Descartes par l\u2019Ambassadeur de France en Tunisie","footnotes":""},"categories":[73,55],"tags":[],"class_list":["post-118008","post","type-post","status-publish","format-standard","hentry","category-actualite","category-tunisie"],"_links":{"self":[{"href":"https:\/\/linitiative.ca\/International\/wp-json\/wp\/v2\/posts\/118008","targetHints":{"allow":["GET"]}}],"collection":[{"href":"https:\/\/linitiative.ca\/International\/wp-json\/wp\/v2\/posts"}],"about":[{"href":"https:\/\/linitiative.ca\/International\/wp-json\/wp\/v2\/types\/post"}],"author":[{"embeddable":true,"href":"https:\/\/linitiative.ca\/International\/wp-json\/wp\/v2\/users\/1772"}],"replies":[{"embeddable":true,"href":"https:\/\/linitiative.ca\/International\/wp-json\/wp\/v2\/comments?post=118008"}],"version-history":[{"count":0,"href":"https:\/\/linitiative.ca\/International\/wp-json\/wp\/v2\/posts\/118008\/revisions"}],"wp:attachment":[{"href":"https:\/\/linitiative.ca\/International\/wp-json\/wp\/v2\/media?parent=118008"}],"wp:term":[{"taxonomy":"category","embeddable":true,"href":"https:\/\/linitiative.ca\/International\/wp-json\/wp\/v2\/categories?post=118008"},{"taxonomy":"post_tag","embeddable":true,"href":"https:\/\/linitiative.ca\/International\/wp-json\/wp\/v2\/tags?post=118008"}],"curies":[{"name":"wp","href":"https:\/\/api.w.org\/{rel}","templated":true}]}}