{"id":118012,"date":"2021-06-04T11:06:11","date_gmt":"2021-06-04T15:06:11","guid":{"rendered":"https:\/\/linitiative.ca\/International\/conseil-de-gouvernement-abdelaziz-babqiqi-nomme-directeur-de-lompic\/"},"modified":"2021-06-04T11:06:11","modified_gmt":"2021-06-04T15:06:11","slug":"conseil-de-gouvernement-abdelaziz-babqiqi-nomme-directeur-de-lompic","status":"publish","type":"post","link":"https:\/\/linitiative.ca\/International\/conseil-de-gouvernement-abdelaziz-babqiqi-nomme-directeur-de-lompic\/","title":{"rendered":"Conseil de gouvernement :  Abdelaziz Babqiqi nomm\u00e9 Directeur de l\u2019OMPIC"},"content":{"rendered":"<p><strong>Abdelaziz Babqiqi est le nouveau Directeur de l\u2019OMPIC. Il a \u00e9t\u00e9 nomm\u00e9 \u00e0 ce poste en conseil de Gouvernement le 3 juin 2021. Rompu \u00e0 la t\u00e2che, il aura la mission de poursuivre la strat\u00e9gie de l\u2019office.<\/strong><\/p>\n<div class=\"c10\">\n<\/div>\n<p>Abdelaziz Babqiqi prend les commandes de <a href=\"http:\/\/www.ompic.org.ma\/fr\">l\u2019Office marocain de la propri\u00e9t\u00e9 industrielle et commerciale (OMPIC)<\/a>. Il a en effet \u00e9t\u00e9 nomm\u00e9 en Conseil de gouvernement le 3 juin 2021. Il succ\u00e8de ainsi au brillant Larbi Benrazouk. Le nouveau Directeur aura donc la mission de poursuivre la strat\u00e9gie de l\u2019OMPIC. Rompu \u00e0 la t\u00e2che, Abdelaziz Babqiqi a occup\u00e9 plusieurs fonctions de grande importance, avant cette nomination. Il a, entre autres, occup\u00e9 le poste de Directeur des statistiques, des \u00e9tudes, de la veille et de l\u2019\u00e9valuation au Minist\u00e8re de l\u2019Industrie, du Commerce, de\u00a0l\u2019\u00c9conomie verte et num\u00e9rique.<\/p>\n<p><strong>Lire aussi | <a href=\"https:\/\/www.challenge.ma\/le-conflit-entre-lespagne-et-le-maroc-met-en-danger-le-retour-de-plus-de-12-600-travailleurs-saisonniers-187023\/\">Le conflit entre l\u2019Espagne et le Maroc met en danger le retour de plus de 12 600 travailleurs saisonniers<\/a><\/strong><\/p>\n<p>Pour rappel, Abdelaziz Babqiqi a commenc\u00e9 sa carri\u00e8re dans la fonction publique en novembre 2006 en tant qu\u2019Ing\u00e9nieur d\u2019Etat charg\u00e9 du dossier des changements climatiques \u00e0 la Direction de la M\u00e9t\u00e9orologie Nationale. Il est laur\u00e9at de l\u2019Ecole \u00a0Hassania \u00a0des Travaux Publics, et est titulaire d\u2019un dipl\u00f4me d\u2019Ing\u00e9nieur M\u00e9t\u00e9orologiste et d\u2019un Doctorat en \u00ab Sciences de l\u2019Environnement\u00a0\u00bb.<\/p>\n<p>Partenaire incontournable de l\u2019entreprise, l\u2019OMPIC intervient dans la protection de la propri\u00e9t\u00e9 industrielle (marques, brevets d\u2019invention, dessins et mod\u00e8les industriels) et tient les registres nationaux des titres de propri\u00e9t\u00e9 industrielle. Il assure aussi la tenue du Registre central du commerce sur lequel sont inscrites les entreprises qui exercent une activit\u00e9 commerciale sur le territoire national. Il a \u00e9galement pour r\u00f4le de diffuser l\u2019information se rapportant \u00e0 l\u2019entreprise : extraits de registre de propri\u00e9t\u00e9 industrielle et commerciale, statuts, bilans.<\/p>\n<p><strong>Lire aussi | <a href=\"https:\/\/www.challenge.ma\/casablanca-la-crise-du-covid-19-aggrave-la-situation-danfa-place-186051\/\">Casablanca : la crise du Covid-19 aggrave la situation d\u2019Anfa Place<\/a><\/strong><\/p>\n<p>Auteur: challenge<br \/>\n<a href=\"https:\/\/www.challenge.ma\/conseil-de-gouvernement-abdelaziz-babqiqi-nomme-directeur-de-lompic-187059\/\">Cliquez ici pour lire l&rsquo;article depuis sa source.<\/a><\/p>\n","protected":false},"excerpt":{"rendered":"<p>Abdelaziz Babqiqi est le nouveau Directeur de l\u2019OMPIC. Il a \u00e9t\u00e9 nomm\u00e9 \u00e0 ce poste en conseil de Gouvernement le 3 juin 2021. Rompu \u00e0 la t\u00e2che, il aura la mission de poursuivre la strat\u00e9gie de l\u2019office. Abdelaziz Babqiqi prend les commandes de l\u2019Office marocain de la propri\u00e9t\u00e9 industrielle et commerciale (OMPIC). Il a en [&hellip;]<\/p>\n","protected":false},"author":1787,"featured_media":0,"comment_status":"closed","ping_status":"closed","sticky":false,"template":"","format":"standard","meta":{"fifu_image_url":"","fifu_image_alt":"","footnotes":""},"categories":[78,54],"tags":[],"class_list":["post-118012","post","type-post","status-publish","format-standard","hentry","category-economie","category-maroc"],"_links":{"self":[{"href":"https:\/\/linitiative.ca\/International\/wp-json\/wp\/v2\/posts\/118012","targetHints":{"allow":["GET"]}}],"collection":[{"href":"https:\/\/linitiative.ca\/International\/wp-json\/wp\/v2\/posts"}],"about":[{"href":"https:\/\/linitiative.ca\/International\/wp-json\/wp\/v2\/types\/post"}],"author":[{"embeddable":true,"href":"https:\/\/linitiative.ca\/International\/wp-json\/wp\/v2\/users\/1787"}],"replies":[{"embeddable":true,"href":"https:\/\/linitiative.ca\/International\/wp-json\/wp\/v2\/comments?post=118012"}],"version-history":[{"count":0,"href":"https:\/\/linitiative.ca\/International\/wp-json\/wp\/v2\/posts\/118012\/revisions"}],"wp:attachment":[{"href":"https:\/\/linitiative.ca\/International\/wp-json\/wp\/v2\/media?parent=118012"}],"wp:term":[{"taxonomy":"category","embeddable":true,"href":"https:\/\/linitiative.ca\/International\/wp-json\/wp\/v2\/categories?post=118012"},{"taxonomy":"post_tag","embeddable":true,"href":"https:\/\/linitiative.ca\/International\/wp-json\/wp\/v2\/tags?post=118012"}],"curies":[{"name":"wp","href":"https:\/\/api.w.org\/{rel}","templated":true}]}}