{"id":118014,"date":"2021-06-04T11:48:10","date_gmt":"2021-06-04T15:48:10","guid":{"rendered":"https:\/\/linitiative.ca\/International\/le-renseignement-militaire-espagnol-avait-alerte-pedro-sanchez-que-le-sahara-est-un-casus-belli-pour-le-maroc-rapport\/"},"modified":"2021-06-04T11:48:10","modified_gmt":"2021-06-04T15:48:10","slug":"le-renseignement-militaire-espagnol-avait-alerte-pedro-sanchez-que-le-sahara-est-un-casus-belli-pour-le-maroc-rapport","status":"publish","type":"post","link":"https:\/\/linitiative.ca\/International\/le-renseignement-militaire-espagnol-avait-alerte-pedro-sanchez-que-le-sahara-est-un-casus-belli-pour-le-maroc-rapport\/","title":{"rendered":"Le renseignement militaire espagnol avait alert\u00e9 Pedro Sanchez que le Sahara est un \u00abcasus belli\u00bb pour le Maroc [Rapport]"},"content":{"rendered":"<p><strong>Suite au d\u00e9veloppement des diff\u00e9rentes p\u00e9rip\u00e9ties dans la crise diplomatique liant l\u2019Espagne et le Maroc, le gouvernement de Pedro S\u00e1nchez ne peut pr\u00e9tendre qu\u2019il ignorait les cons\u00e9quences de l\u2019accueil de Brahim Ghali, leader du Front Polisario. En juin 2018, alors que Pedro S\u00e1nchez \u00e9tait \u00e9lu \u00e0 la t\u00eate du gouvernement, un rapport pr\u00e9par\u00e9 par un colonel analyste du renseignement militaire espagnol avait soulign\u00e9 que le Maroc consid\u00e9rait le Sahara comme \u00e9tant pratiquement une question sacr\u00e9e.<\/strong><\/p>\n<div class=\"c10\">\n<\/div>\n<p><strong>Il s\u2019agit d \u00ab\u00a0un territoire qu\u2019il revendique comme une province et une affaire qu\u2019il consid\u00e8re comme casus belli\u00a0\u00bb. En d\u2019autres termes, Rabat consid\u00e8re tout affront li\u00e9 au Sahara comme une raison de d\u00e9clencher une guerre avec ses voisins. Les exemples dans ce sens \u00e9taient nombreux et le plus r\u00e9cent avant l\u2019Espagne n\u2019est autre que le diff\u00e9rend maroco-allemand.<\/strong><\/p>\n<p>Le rapport en question ci-dessus, \u00ab\u00a0document de recherche 13\/2018\u00a0\u00bb, s\u2019intitule Maghreb Security Scenario 2040 et porte le cachet du Centre des hautes \u00e9tudes de d\u00e9fense nationale (CESEDEN) et de l\u2019Institut espagnol d\u2019\u00e9tudes strat\u00e9giques (IEEE). Tous deux sont des centres d\u2019analyse d\u00e9pendant du minist\u00e8re de la d\u00e9fense.<\/p>\n<p>Son auteur est le colonel Fernando Caballero Echevarr\u00eda, qui signe le rapport de 20 pages en tant que \u00ab\u00a0chef de l\u2019organe de coordination de la sous-direction du soutien au renseignement de l\u2019\u00e9tat-major g\u00e9n\u00e9ral\/centre de renseignement des forces arm\u00e9es\u00a0\u00bb. Le colonel Caballero est un expert des affaires marocaines et l\u2019auteur de l\u2019essai Annual : los factores que llevaron al desastre : an\u00e1lisis del intervencionismo espa\u00f1ol en Marruecos entre 1898 y 1928 (ndlr : Annuel : les facteurs qui ont conduit au d\u00e9sastre : analyse de l\u2019interventionnisme espagnol au Maroc entre 1898 et 1928).<\/p>\n<p><strong>Lire aussi| <a href=\"https:\/\/www.challenge.ma\/le-conflit-entre-lespagne-et-le-maroc-met-en-danger-le-retour-de-plus-de-12-600-travailleurs-saisonniers-187023\/\">Le conflit entre l\u2019Espagne et le Maroc met en danger le retour de plus de 12 600 travailleurs saisonniers<\/a><\/strong><\/p>\n<p>Le rapport analyse les \u00ab\u00a0divergences manifestes entre les principales puissances de la r\u00e9gion (Maroc et Alg\u00e9rie)\u00a0\u00bb, qui \u00ab\u00a0g\u00e9n\u00e8rent des barri\u00e8res, aujourd\u2019hui insurmontables, pour faire face aux d\u00e9fis s\u00e9curitaires de la rive sud de la M\u00e9diterran\u00e9e\u00a0\u00bb. Il analyse et traite \u00e9galement des menaces qui guettent l\u2019Europe \u00e0 sa porte. L\u2019auteur d\u00e9cortique les principales cl\u00e9s des relations entre les deux pays, en analysant le sc\u00e9nario possible dans lequel cette zone pourrait se trouver \u00e0 l\u2019horizon 2040. Et l\u2019une des questions qui ressort est celle du Sahara, \u00ab\u00a0un territoire qu\u2019il revendique comme une province et une question qu\u2019il consid\u00e8re comme un casus belli\u00a0\u00bb.<\/p>\n<p>Le colonel Echevarria explique que ce sont ces revendications de souverainet\u00e9 sur le Sahara qui provoquent la plus grande m\u00e9fiance avec les pays voisins. \u00ab\u00a0Le Maroc, isol\u00e9 physiquement par le \u00ab\u00a0mur sahraoui\u00a0\u00bb, mise sur la m\u00e9fiance de ses voisins, en particulier l\u2019Alg\u00e9rie [l\u2019auteur ne cite pas express\u00e9ment l\u2019Espagne], avec laquelle il entretient un conflit actif au Sahara occidental\u00a0\u00bb, indique le rapport.<\/p>\n<p><strong>Lire aussi| <a href=\"https:\/\/www.challenge.ma\/casablanca-la-crise-du-covid-19-aggrave-la-situation-danfa-place-186051\/\">Casablanca : la crise du Covid-19 aggrave la situation d\u2019Anfa Place<\/a><\/strong><\/p>\n<p>Le rapport avait pr\u00e9cis\u00e9 que \u00ab\u00a0les forces arm\u00e9es et de s\u00e9curit\u00e9 marocaines, fortes de 250 000 hommes, sont orient\u00e9es pour contrebalancer toute menace alg\u00e9rienne et surveiller le Front Polisario, une organisation militaire qualifi\u00e9e de terroriste par le Maroc.<\/p>\n<p>Le rapport du colonel des renseignements militaires note que \u00ab\u00a0la question du Sahara (\u2026) est le n\u0153ud gordien du sc\u00e9nario Maghreb 2040\u2033. Une question gel\u00e9e qui emp\u00eache le rapprochement entre les deux puissances, le Maroc et l\u2019Alg\u00e9rie, et freine le d\u00e9veloppement d\u2019initiatives cr\u00e9dibles\u00a0\u00bb. Le Sahara, est un \u00ab\u00a0probl\u00e8me pour lequel il n\u2019y a aucune solution en vue pour les deux prochaines d\u00e9cennies\u00a0\u00bb. Et il conclut : \u00ab\u00a0Le sc\u00e9nario du Maghreb 2040 n\u2019est pas du tout flatteur\u00a0\u00bb.<\/p>\n<p>Pour rappel, les avertissements des analystes sur les risques pour l\u2019Espagne de toute d\u00e9cision sur le Sahara sont nombreux et remontent \u00e0 l\u2019\u00e9poque du gouvernement de Jos\u00e9 Luis Rodr\u00edguez Zapatero. En effet, et comme le rapporte OKDIARIO, un autre rapport du minist\u00e8re de la D\u00e9fense, dat\u00e9 de septembre 2011\u00a0:\u00a0\u00bb Le risque sur Ceuta et Melilla est permanent. S\u2019il n\u2019est pas g\u00e9r\u00e9 correctement depuis le niveau politique, il risque de d\u00e9g\u00e9n\u00e9rer en guerre et conflit \u00ab\u00a0. Aujourd\u2019hui, le Maroc est arriv\u00e9 au stade o\u00f9 une potentielle rupture des relations diplomatiques avec l\u2019Espagne est envisageable.<\/p>\n<p>Auteur: Amine Messaoudi<br \/>\n<a href=\"https:\/\/www.challenge.ma\/le-renseignement-militaire-espagnol-avait-alerte-pedro-sanchez-que-le-sahara-est-un-casus-belli-pour-le-maroc-187083\/\">Cliquez ici pour lire l&rsquo;article depuis sa source.<\/a><\/p>\n","protected":false},"excerpt":{"rendered":"<p>Suite au d\u00e9veloppement des diff\u00e9rentes p\u00e9rip\u00e9ties dans la crise diplomatique liant l\u2019Espagne et le Maroc, le gouvernement de Pedro S\u00e1nchez ne peut pr\u00e9tendre qu\u2019il ignorait les cons\u00e9quences de l\u2019accueil de Brahim Ghali, leader du Front Polisario. En juin 2018, alors que Pedro S\u00e1nchez \u00e9tait \u00e9lu \u00e0 la t\u00eate du gouvernement, un rapport pr\u00e9par\u00e9 par un [&hellip;]<\/p>\n","protected":false},"author":1787,"featured_media":0,"comment_status":"closed","ping_status":"closed","sticky":false,"template":"","format":"standard","meta":{"fifu_image_url":"","fifu_image_alt":"","footnotes":""},"categories":[78,54],"tags":[],"class_list":["post-118014","post","type-post","status-publish","format-standard","hentry","category-economie","category-maroc"],"_links":{"self":[{"href":"https:\/\/linitiative.ca\/International\/wp-json\/wp\/v2\/posts\/118014","targetHints":{"allow":["GET"]}}],"collection":[{"href":"https:\/\/linitiative.ca\/International\/wp-json\/wp\/v2\/posts"}],"about":[{"href":"https:\/\/linitiative.ca\/International\/wp-json\/wp\/v2\/types\/post"}],"author":[{"embeddable":true,"href":"https:\/\/linitiative.ca\/International\/wp-json\/wp\/v2\/users\/1787"}],"replies":[{"embeddable":true,"href":"https:\/\/linitiative.ca\/International\/wp-json\/wp\/v2\/comments?post=118014"}],"version-history":[{"count":0,"href":"https:\/\/linitiative.ca\/International\/wp-json\/wp\/v2\/posts\/118014\/revisions"}],"wp:attachment":[{"href":"https:\/\/linitiative.ca\/International\/wp-json\/wp\/v2\/media?parent=118014"}],"wp:term":[{"taxonomy":"category","embeddable":true,"href":"https:\/\/linitiative.ca\/International\/wp-json\/wp\/v2\/categories?post=118014"},{"taxonomy":"post_tag","embeddable":true,"href":"https:\/\/linitiative.ca\/International\/wp-json\/wp\/v2\/tags?post=118014"}],"curies":[{"name":"wp","href":"https:\/\/api.w.org\/{rel}","templated":true}]}}