{"id":118015,"date":"2021-06-04T13:05:54","date_gmt":"2021-06-04T17:05:54","guid":{"rendered":"https:\/\/linitiative.ca\/International\/quarantaine-obligatoire-meme-pour-les-marocains-vaccines-au-retour-dun-voyage-autorise-a-letranger\/"},"modified":"2021-06-04T13:05:54","modified_gmt":"2021-06-04T17:05:54","slug":"quarantaine-obligatoire-meme-pour-les-marocains-vaccines-au-retour-dun-voyage-autorise-a-letranger","status":"publish","type":"post","link":"https:\/\/linitiative.ca\/International\/quarantaine-obligatoire-meme-pour-les-marocains-vaccines-au-retour-dun-voyage-autorise-a-letranger\/","title":{"rendered":"Quarantaine obligatoire m\u00eame pour les Marocains vaccin\u00e9s au retour d\u2019un voyage autoris\u00e9 \u00e0 l\u2019\u00e9tranger"},"content":{"rendered":"<p><strong>Le Maroc impose-t-il une quarantaine aux Marocains vaccin\u00e9s de retour de l\u2019\u00e9tranger apr\u00e8s un voyage autoris\u00e9 (motif imp\u00e9rieux) ? La quarantaine est exig\u00e9e lors de votre retour dans le pays. Explication.<\/strong><\/p>\n<div class=\"c10\">\n<\/div>\n<p>Depuis le samedi 8 mai dernier, les passagers marocains disposant d\u2019une d\u00e9claration sur l\u2019honneur, d\u2019un test PCR n\u00e9gatif de moins de 48 heures, d\u2019une autorisation de sortie du territoire national marocain d\u00e9livr\u00e9e par le minist\u00e8re de l\u2019Int\u00e9rieur (pr\u00e9fecture ou province) et d\u2019un justificatif d\u2019une r\u00e9servation confirm\u00e9e (quittance de paiement) dans l\u2019un des 6 h\u00f4tels d\u00e9sign\u00e9s par les autorit\u00e9s marocaines, peuvent rentrer au Maroc. Quid des passagers marocains d\u00e9j\u00e0 vaccin\u00e9s contre la covid-19\u00a0?<\/p>\n<p>Selon une source a\u00e9roportuaire, que le passager marocain soit vaccin\u00e9 ou pas, il doit\u00a0non seulement pr\u00e9senter tous ces documents \u00e0 son arriv\u00e9e au Maroc, mais il lui est aussi exig\u00e9 d\u2019observer une quarantaine de dix jours dans l\u2019une des structures h\u00f4teli\u00e8res d\u00e9sign\u00e9es par les pouvoirs publics qui sont : h\u00f4tel Atlas (Nouaceur), h\u00f4tels Onomo (Boulevard Al Massira ou Nouaceur), h\u00f4tels Ibis (Casa port, boulevard Abdelmoumen), h\u00f4tel Delta Atlas (boulevard Mohammed V). Force est de pr\u00e9ciser que cles h\u00f4tels pr\u00e9cit\u00e9s concernent les vols atterrissant \u00e0 Casablanca.<\/p>\n<p><strong>Lire aussi| <a href=\"https:\/\/www.challenge.ma\/le-renseignement-militaire-espagnol-avait-alerte-pedro-sanchez-que-le-sahara-est-un-casus-belli-pour-le-maroc-187083\/\">Le renseignement militaire espagnol avait alert\u00e9 Pedro Sanchez que le Sahara est un \u00abcasus belli\u00bb pour le Maroc [Rapport]<\/a><\/strong><\/p>\n<p>Cependant, notre source tient \u00e0 pr\u00e9ciser que ces dispositions ne concernent pas les passagers marocains en provenance des pays avec lesquels le Maroc n\u2019a pas suspendu les vols tels que le S\u00e9n\u00e9gal, C\u00f4te d\u2019Ivoire, Mauritanie, Etats-Unis, Qatar, Duba\u00ef, le Canada, Arabie saoudite,\u2026<\/p>\n<p>Seuls les passagers marocains en provenance des pays avec lesquels le Maroc avait d\u00e9cid\u00e9 de suspendre les vols, et transitant par un des pays avec lesquels les vols ont \u00e9t\u00e9 maintenus, sont concern\u00e9s par ces dispositions, ajoute notre source qui estime le nombre de pays, dans ce cas, \u00e0 une cinquantaine, dont la France, l\u2019Espagne, l\u2019Italie, la Turquie, l\u2019Afrique du Sud.<\/p>\n<p>A noter que la suspension des vols directs avec ces pays est officiellement maintenue, du moins jusqu\u2019au 10 juin prochain.\u00a0 Le dernier Notam (message destin\u00e9 aux navigants a\u00e9riens) de la Direction g\u00e9n\u00e9rale de l\u2019aviation civile (DGAC) avait fix\u00e9 le 10 juin comme date th\u00e9orique pour la reprise du trafic a\u00e9rien de passagers.\u00a0\u00a0 Apr\u00e8s la prolongation de l\u2019\u00e9tat d\u2019urgence sanitaire jusqu\u2019au 10 juillet par le gouvernement, nombreux sont ceux qui se demandent si la suspension du trafic a\u00e9rien va \u00eatre lev\u00e9e.<\/p>\n<p>Si pour l\u2019instant, la DGAC n\u2019a pas encore communiqu\u00e9 sur la question, le Maroc pourrait rouvrir ses fronti\u00e8res et autoriser de nouveau les vols d\u00e8s le vendredi 11 juin 2021. Sur les r\u00e9seaux sociaux et notamment sur Twitter, plusieurs compagnies a\u00e9riennes dont Transavia et Royal Air Maroc ont r\u00e9pondu aux questions des voyageurs concernant la reprise des vols. La compagnie a\u00e9rienne nationale a ainsi affirm\u00e9 que \u00ab\u00a0les vols \u00e0 partir du 11 juin sont confirm\u00e9s sous r\u00e9serve de la r\u00e9ouverture de l\u2019espace a\u00e9rien\u00a0\u00bb.<\/p>\n<p><strong>Lire aussi| <a href=\"https:\/\/www.challenge.ma\/conseil-de-gouvernement-abdelaziz-babqiqi-nomme-directeur-de-lompic-187059\/\">Conseil de gouvernement : Abdelaziz Babqiqi nomm\u00e9 Directeur de l\u2019OMPIC<\/a><\/strong><\/p>\n<p>Auteur: Adama Sylla<br \/>\n<a href=\"https:\/\/www.challenge.ma\/quarantaine-obligatoire-meme-pour-les-marocains-vaccines-au-retour-dun-voyage-autorise-a-letranger-187115\/\">Cliquez ici pour lire l&rsquo;article depuis sa source.<\/a><\/p>\n","protected":false},"excerpt":{"rendered":"<p>Le Maroc impose-t-il une quarantaine aux Marocains vaccin\u00e9s de retour de l\u2019\u00e9tranger apr\u00e8s un voyage autoris\u00e9 (motif imp\u00e9rieux) ? La quarantaine est exig\u00e9e lors de votre retour dans le pays. Explication. Depuis le samedi 8 mai dernier, les passagers marocains disposant d\u2019une d\u00e9claration sur l\u2019honneur, d\u2019un test PCR n\u00e9gatif de moins de 48 heures, d\u2019une [&hellip;]<\/p>\n","protected":false},"author":1787,"featured_media":0,"comment_status":"closed","ping_status":"closed","sticky":false,"template":"","format":"standard","meta":{"fifu_image_url":"","fifu_image_alt":"","footnotes":""},"categories":[78,54],"tags":[],"class_list":["post-118015","post","type-post","status-publish","format-standard","hentry","category-economie","category-maroc"],"_links":{"self":[{"href":"https:\/\/linitiative.ca\/International\/wp-json\/wp\/v2\/posts\/118015","targetHints":{"allow":["GET"]}}],"collection":[{"href":"https:\/\/linitiative.ca\/International\/wp-json\/wp\/v2\/posts"}],"about":[{"href":"https:\/\/linitiative.ca\/International\/wp-json\/wp\/v2\/types\/post"}],"author":[{"embeddable":true,"href":"https:\/\/linitiative.ca\/International\/wp-json\/wp\/v2\/users\/1787"}],"replies":[{"embeddable":true,"href":"https:\/\/linitiative.ca\/International\/wp-json\/wp\/v2\/comments?post=118015"}],"version-history":[{"count":0,"href":"https:\/\/linitiative.ca\/International\/wp-json\/wp\/v2\/posts\/118015\/revisions"}],"wp:attachment":[{"href":"https:\/\/linitiative.ca\/International\/wp-json\/wp\/v2\/media?parent=118015"}],"wp:term":[{"taxonomy":"category","embeddable":true,"href":"https:\/\/linitiative.ca\/International\/wp-json\/wp\/v2\/categories?post=118015"},{"taxonomy":"post_tag","embeddable":true,"href":"https:\/\/linitiative.ca\/International\/wp-json\/wp\/v2\/tags?post=118015"}],"curies":[{"name":"wp","href":"https:\/\/api.w.org\/{rel}","templated":true}]}}