{"id":118018,"date":"2021-06-04T16:57:54","date_gmt":"2021-06-04T20:57:54","guid":{"rendered":"https:\/\/linitiative.ca\/International\/la-dynamique-de-la-bourse-de-tunis-largement-impactee-par-la-conjoncture-critique-des-finances-publiques\/"},"modified":"2021-06-04T16:57:54","modified_gmt":"2021-06-04T20:57:54","slug":"la-dynamique-de-la-bourse-de-tunis-largement-impactee-par-la-conjoncture-critique-des-finances-publiques","status":"publish","type":"post","link":"https:\/\/linitiative.ca\/International\/la-dynamique-de-la-bourse-de-tunis-largement-impactee-par-la-conjoncture-critique-des-finances-publiques\/","title":{"rendered":"La dynamique de la Bourse de Tunis largement impact\u00e9e par la conjoncture critique des finances publiques"},"content":{"rendered":"<div id=\"content-main\" class=\"left relative left relative\">\n<div class=\"post-info-out\">\n<div class=\"post-info-img left relative\"><img decoding=\"async\" alt=\"\" src=\"https:\/\/secure.gravatar.com\/avatar\/b658f27b24160a89d557421a966e5ca1?s=50&amp;d=mm&amp;r=g\" srcset=\"https:\/\/secure.gravatar.com\/avatar\/b658f27b24160a89d557421a966e5ca1?s=100&amp;d=mm&amp;r=g 2x\" class=\"avatar avatar-50 photo\" height=\"50\" width=\"50\" loading=\"lazy\"\/><\/div>\n<div class=\"post-info-in\">\n<div class=\"post-info-right left relative post-info-name left relative\"><span><span class=\"post-info-text\">Par<\/span> <span class=\"author-name vcard fn author\"><a href=\"https:\/\/www.tunisienumerique.com\/author\/htb\/\" title=\"Articles par Mohamed Ben Abderrazek\" rel=\"author\">Mohamed Ben Abderrazek<\/a><\/span><\/span> <span class=\"post-date updated\"><time class=\"post-date updated\" datetime=\"2021-06-04\">\u00a0| Il y a 18 secondes<\/time><\/span><br \/>\n<meta itemprop=\"dateModified\" content=\"2021-06-04\"\/><\/div>\n<\/div>\n<\/div>\n<div class=\"code-block code-block-1 c4\">\n <ins class=\"adsbygoogle c3\" data-ad-layout=\"in-article\" data-ad-format=\"fluid\" data-ad-client=\"ca-pub-2102118777505746\" data-ad-slot=\"7301775417\"\/>\n<\/div>\n<p><strong>Comportement du march\u00e9<\/strong><\/p>\n<p>L\u2019indice de r\u00e9f\u00e9rence du march\u00e9 boursier a cl\u00f4tur\u00e9 cette semaine en baisse malgr\u00e9 une certaine profondeur des flux transactionnels correspondant g\u00e9n\u00e9ralement \u00e0 des \u00e9changes en bloc dont la valeur avoisine 10,5 millions de dinars (MD).<\/p>\n<p>Le Tunindex a perdu, \u00e0 cet effet, 0,9% pour se situer \u00e0 7371,08 limitant ainsi sa performance annuelle \u00e0 7%.<\/p>\n<p><strong>Valeurs<\/strong><\/p>\n<p>Le titre BTE s\u2019est retrouv\u00e9 en haut du podium en termes des hausses en d\u00e9pit de sa mobilisation de flux presque nuls, Il a avanc\u00e9 sur la semaine tout de m\u00eame de 10,7% \u00e0 7,970 dinars (D). Le cours de la valeur est pratiquement stable sur l\u2019ann\u00e9e.<\/p>\n<p>SITS s\u2019est appr\u00e9ci\u00e9e, \u00e0 son tour, de 7,6% \u00e0 2,400 D, en drainant un volume qui est modeste de capitaux et \u00e9valu\u00e9 \u00e0 10 mille dinars. La valeur a l\u00e9g\u00e8rement \u00e9volu\u00e9 de 1,7% sur l\u2019exercice.<\/p>\n<p>A l\u2019oppos\u00e9, SIPHAT a \u00e9t\u00e9 l\u2019action la plus perdante e se d\u00e9lestant de 11,3% \u00e0 5,500 D sans mobiliser des flux significatifs.<\/p>\n<p>OTH a \u00e9t\u00e9 la valeur la plus transig\u00e9e sur la semaine, elle a mobilis\u00e9 des capitaux d\u2019environ 14,5 MD.<\/p>\n<p><strong>Actualit\u00e9s<\/strong><\/p>\n<p>Le Conseil d\u2019Administration de la Banque Centrale de Tunisie (BCT) a rendu public mercredi 3 juin 2021 un communiqu\u00e9 \u00e0 propos de la tenue de sa r\u00e9union p\u00e9riodique qui s\u2019est d\u00e9roul\u00e9e \u00e0 distance et a d\u00e9battu des diff\u00e9rents points inscrits \u00e0 son ordre du jour, passant en revue les d\u00e9veloppements r\u00e9cents sur les plans \u00e9conomique, mon\u00e9taire et financier, en particulier les derni\u00e8res donn\u00e9es relatives \u00e0 la croissance \u00e9conomique au premier trimestre de l\u2019ann\u00e9e en cours, qui a connu une baisse de l\u2019ordre de 3% en glissement annuel et une quasi-stagnation (0,1%) comparativement au trimestre pr\u00e9c\u00e9dent.<\/p>\n<p>Cette baisse est due, d\u2019apr\u00e8s le Conseil d\u2019Administration de la BCT, \u00e0 la r\u00e9gression de la valeur ajout\u00e9e du secteur agricole et des industries agroalimentaires en relation avec le fl\u00e9chissement notable de la r\u00e9colte d\u2019olive et \u00e0 la poursuite des effets de la crise sanitaire sur le secteur des services, notamment le tourisme et le transport a\u00e9rien, outre les perturbations au niveau de l\u2019activit\u00e9 du phosphate et d\u00e9riv\u00e9s.<\/p>\n<p>En ce qui concerne l\u2019\u00e9volution des prix, le Conseil a constat\u00e9 une hausse du taux d\u2019inflation pour atteindre 5% en glissement annuel en avril 2021, contre 4,8% le mois pr\u00e9c\u00e9dent et 6,3% au cours du m\u00eame mois de l\u2019ann\u00e9e \u00e9coul\u00e9e. Ceci est principalement attribuable \u00e0 la hausse du rythme d\u2019accroissement des prix des produits alimentaires (+4,9%) et manufacturiers (+5,1%) contre respectivement, +4,1% et +4,8% en mars 2021.<\/p>\n<p>En revanche, le Conseil a soulign\u00e9 la r\u00e9gression du d\u00e9ficit de la balance courante durant les quatre premiers mois de l\u2019ann\u00e9e 2021 pour revenir \u00e0 -2.744 MDT ou 2,3% du PIB, contre 2,7% au cours de la m\u00eame p\u00e9riode de l\u2019ann\u00e9e pr\u00e9c\u00e9dente. Ce r\u00e9sultat est imputable principalement \u00e0 la contraction du d\u00e9ficit commercial (FOB \/ CAF) de 8,7%, conjugu\u00e9e \u00e0 la poursuite de la consolidation des revenus du travail (+16,8%), alors que les recettes touristiques ont diminu\u00e9 de 55% en relation avec la persistance des r\u00e9percussions de la crise du COVID \u2013 19.<\/p>\n<p><strong>Portefeuille TN :<\/strong><\/p>\n<p>AIR LIQUDE (117,80 D \/ 51,32%)<\/p>\n<p>BIAT (62,01 D \/ 42,66%)<\/p>\n<p>LAND OR (9,30 D \/ 31,54%)<\/p>\n<p>POULINA GRP HOLD (12,65 D \/ 21,75%)<\/p>\n<p>SIPHAT (5,50 D \/ 43,23%)<\/p>\n<p>CITY CARS (10,60 D \/ 28,48%)<\/p>\n<p>CIL (17,94 D \/ 21,82%)<\/p>\n<p>BH (10,00 D \/ 15,73%)<\/p>\n<p>AMEN BANK (21,50 D \/ 9,45%)<\/p>\n<p>TUNINDEX 7,01%<\/p>\n<div class=\"swp_social_panel swp_horizontal_panel swp_flat_fresh swp_default_full_color swp_individual_full_color swp_other_full_color scale-100 scale-\" data-min-width=\"1100\" data-float-color=\"#ffffff\" data-float=\"bottom\" data-float-mobile=\"bottom\" data-transition=\"slide\">\n<div class=\"nc_tweetContainer swp_share_button total_shares total_sharesalt\"><span class=\"swp_count\">0 <span class=\"swp_label\">Partages<\/span><\/span><\/div>\n<\/div>\n<p><strong>Que se passe-t-il en Tunisie?<\/strong><br \/>Nous expliquons sur notre <a href=\"https:\/\/www.youtube.com\/channel\/UCRzypVq0B_yBad5eGrwBx0Q?sub_confirmation=1\" target=\"_blank\" rel=\"noopener\">cha\u00eene YouTube<\/a> . <a href=\"https:\/\/www.youtube.com\/channel\/UCRzypVq0B_yBad5eGrwBx0Q?sub_confirmation=1\" target=\"_blank\" rel=\"noopener\">Abonnez-vous!<\/a><\/p>\n<div class=\"mvp-org-wrap\" itemprop=\"publisher\">\n<div class=\"mvp-org-logo\" itemprop=\"logo\"><img decoding=\"async\" src=\"https:\/\/www.tunisienumerique.com\/wp-content\/uploads\/2017\/02\/logo_tunisie_numerique.png\"\/><br \/>\n<meta itemprop=\"url\" content=\"https:\/\/www.tunisienumerique.com\/wp-content\/uploads\/2017\/02\/logo_tunisie_numerique.png\"\/><\/div>\n<p><meta content=\"Tunisie\"\/><\/div>\n<div class=\"post-tags\"><span class=\"post-tags-header\">Sujets Connexes:<\/span><\/div>\n<div id=\"article-ad\">\n <ins class=\"adsbygoogle c5\" data-ad-client=\"ca-pub-2102118777505746\" data-ad-slot=\"6513972734\" data-ad-format=\"auto\" data-full-width-responsive=\"true\"\/>\n<\/div>\n<\/div>\n<div id=\"post-sidebar-wrap\">\n <ins class=\"adsbygoogle c5\" data-ad-client=\"ca-pub-2102118777505746\" data-ad-slot=\"6168283410\" data-ad-format=\"auto\" data-full-width-responsive=\"true\"\/>\n<\/div>\n<p>Auteur: Mohamed Ben Abderrazek<br \/>\n<a href=\"https:\/\/www.tunisienumerique.com\/la-dynamique-de-la-bourse-de-tunis-largement-impactee-par-la-conjoncture-critique-des-finances-publiques\/\">Cliquez ici pour lire l&rsquo;article depuis sa source.<\/a><\/p>\n","protected":false},"excerpt":{"rendered":"<p>Par Mohamed Ben Abderrazek \u00a0| Il y a 18 secondes Comportement du march\u00e9 L\u2019indice de r\u00e9f\u00e9rence du march\u00e9 boursier a cl\u00f4tur\u00e9 cette semaine en baisse malgr\u00e9 une certaine profondeur des flux transactionnels correspondant g\u00e9n\u00e9ralement \u00e0 des \u00e9changes en bloc dont la valeur avoisine 10,5 millions de dinars (MD). Le Tunindex a perdu, \u00e0 cet effet, [&hellip;]<\/p>\n","protected":false},"author":1789,"featured_media":0,"comment_status":"closed","ping_status":"closed","sticky":false,"template":"","format":"standard","meta":{"fifu_image_url":"https:\/\/secure.gravatar.com\/avatar\/b658f27b24160a89d557421a966e5ca1?s=50&d=mm&r=g","fifu_image_alt":"La dynamique de la Bourse de Tunis largement impact\u00e9e par la conjoncture critique des finances publiques","footnotes":""},"categories":[73,55],"tags":[],"class_list":["post-118018","post","type-post","status-publish","format-standard","hentry","category-actualite","category-tunisie"],"_links":{"self":[{"href":"https:\/\/linitiative.ca\/International\/wp-json\/wp\/v2\/posts\/118018","targetHints":{"allow":["GET"]}}],"collection":[{"href":"https:\/\/linitiative.ca\/International\/wp-json\/wp\/v2\/posts"}],"about":[{"href":"https:\/\/linitiative.ca\/International\/wp-json\/wp\/v2\/types\/post"}],"author":[{"embeddable":true,"href":"https:\/\/linitiative.ca\/International\/wp-json\/wp\/v2\/users\/1789"}],"replies":[{"embeddable":true,"href":"https:\/\/linitiative.ca\/International\/wp-json\/wp\/v2\/comments?post=118018"}],"version-history":[{"count":0,"href":"https:\/\/linitiative.ca\/International\/wp-json\/wp\/v2\/posts\/118018\/revisions"}],"wp:attachment":[{"href":"https:\/\/linitiative.ca\/International\/wp-json\/wp\/v2\/media?parent=118018"}],"wp:term":[{"taxonomy":"category","embeddable":true,"href":"https:\/\/linitiative.ca\/International\/wp-json\/wp\/v2\/categories?post=118018"},{"taxonomy":"post_tag","embeddable":true,"href":"https:\/\/linitiative.ca\/International\/wp-json\/wp\/v2\/tags?post=118018"}],"curies":[{"name":"wp","href":"https:\/\/api.w.org\/{rel}","templated":true}]}}