{"id":118019,"date":"2021-06-04T16:58:00","date_gmt":"2021-06-04T20:58:00","guid":{"rendered":"https:\/\/linitiative.ca\/International\/tunisie-photos-le-gouverneur-de-mahdia-recoit-lequipe-sportive-el-makarem-de-mahdia\/"},"modified":"2021-06-04T16:58:00","modified_gmt":"2021-06-04T20:58:00","slug":"tunisie-photos-le-gouverneur-de-mahdia-recoit-lequipe-sportive-el-makarem-de-mahdia","status":"publish","type":"post","link":"https:\/\/linitiative.ca\/International\/tunisie-photos-le-gouverneur-de-mahdia-recoit-lequipe-sportive-el-makarem-de-mahdia\/","title":{"rendered":"Tunisie [PHOTOS] : Le Gouverneur de Mahdia re\u00e7oit l\u2019\u00e9quipe sportive El Makarem de Mahdia"},"content":{"rendered":"<div id=\"content-main\" class=\"left relative left relative\">\n<div class=\"post-info-out\">\n<div class=\"post-info-img left relative\"><img decoding=\"async\" alt=\"\" src=\"https:\/\/secure.gravatar.com\/avatar\/ea481d7287ad38ca1787f44b5bb1b70e?s=50&amp;d=mm&amp;r=g\" srcset=\"https:\/\/secure.gravatar.com\/avatar\/ea481d7287ad38ca1787f44b5bb1b70e?s=100&amp;d=mm&amp;r=g 2x\" class=\"avatar avatar-50 photo\" height=\"50\" width=\"50\" loading=\"lazy\"\/><\/div>\n<div class=\"post-info-in\">\n<div class=\"post-info-right left relative post-info-name left relative\"><span><span class=\"post-info-text\">Par<\/span> <span class=\"author-name vcard fn author\"><a href=\"https:\/\/www.tunisienumerique.com\/author\/rania-ben-slimane\/\" title=\"Articles par rania ben slimane\" rel=\"author\">rania ben slimane<\/a><\/span><\/span> <span class=\"post-date updated\"><time class=\"post-date updated\" datetime=\"2021-06-04\">\u00a0| Il y a 10 secondes<\/time><\/span><br \/>\n<meta itemprop=\"dateModified\" content=\"2021-06-04\"\/><\/div>\n<\/div>\n<\/div>\n<div class=\"code-block code-block-1 c4\">\n <ins class=\"adsbygoogle c3\" data-ad-layout=\"in-article\" data-ad-format=\"fluid\" data-ad-client=\"ca-pub-2102118777505746\" data-ad-slot=\"7301775417\"\/>\n<\/div>\n<p>Le Gouverneur de Mahdia, Abdelfatteh Chakchouk a re\u00e7u ce vendredi soir 04 juin 2021, le pr\u00e9sident et les membres de l\u2019Association El Makarem de Mahdia en pr\u00e9sence du d\u00e9l\u00e9gu\u00e9 charg\u00e9 des affaires sociales et du d\u00e9l\u00e9gu\u00e9 r\u00e9gional de la jeunesse et sportives.<\/p>\n<p>Au cours de la r\u00e9union, M. Chakchouk a renouvel\u00e9 ses f\u00e9licitations \u00e0 l\u2019occasion de l\u2019ascension de l\u2019\u00e9quipe en deuxi\u00e8me Ligue de football professionnel, exprimant ses remerciements et sa gratitude aux dirigeants de l\u2019\u00e9quipe, le personnel, les joueurs, les supporters et les proches, pour leurs efforts et leur pers\u00e9v\u00e9rance, en esp\u00e9rant que ce sera le meilleur d\u00e9part pour l\u2019\u00e9quipe et figurer parmi les meilleures \u00e9quipes aux championnats nationaux.<\/p>\n<p>En outre, il a exprim\u00e9 sa fiert\u00e9 des victoires remport\u00e9es par les associations sportives de Mahdia en g\u00e9n\u00e9ral, saluant leur grand esprit de victoire, appelant \u00e0 continuer de travailler avec le m\u00eame esprit et les m\u00eames efforts pour remporter les championnats et les titres nationaux.<\/p>\n<p><img decoding=\"async\" loading=\"lazy\" class=\"size-medium wp-image-668875 aligncenter\" src=\"https:\/\/www.tunisienumerique.com\/wp-content\/uploads\/2021\/06\/chakchouk1.jpg\" alt=\"\" width=\"593\" height=\"395\"\/><\/p>\n<p><img decoding=\"async\" loading=\"lazy\" class=\"size-medium wp-image-668876 aligncenter\" src=\"https:\/\/www.tunisienumerique.com\/wp-content\/uploads\/2021\/06\/chakchouk2.jpg\" alt=\"\" width=\"593\" height=\"395\"\/> <img decoding=\"async\" loading=\"lazy\" class=\"size-medium wp-image-668877 aligncenter\" src=\"https:\/\/www.tunisienumerique.com\/wp-content\/uploads\/2021\/06\/chakchouk3.jpg\" alt=\"\" width=\"593\" height=\"395\"\/><\/p>\n<div class=\"swp_social_panel swp_horizontal_panel swp_flat_fresh swp_default_full_color swp_individual_full_color swp_other_full_color scale-100 scale-\" data-min-width=\"1100\" data-float-color=\"#ffffff\" data-float=\"bottom\" data-float-mobile=\"bottom\" data-transition=\"slide\">\n<div class=\"nc_tweetContainer swp_share_button total_shares total_sharesalt\"><span class=\"swp_count\">0 <span class=\"swp_label\">Partages<\/span><\/span><\/div>\n<\/div>\n<p><strong>Que se passe-t-il en Tunisie?<\/strong><br \/>Nous expliquons sur notre <a href=\"https:\/\/www.youtube.com\/channel\/UCRzypVq0B_yBad5eGrwBx0Q?sub_confirmation=1\" target=\"_blank\" rel=\"noopener\">cha\u00eene YouTube<\/a> . <a href=\"https:\/\/www.youtube.com\/channel\/UCRzypVq0B_yBad5eGrwBx0Q?sub_confirmation=1\" target=\"_blank\" rel=\"noopener\">Abonnez-vous!<\/a><\/p>\n<div class=\"mvp-org-wrap\" itemprop=\"publisher\">\n<div class=\"mvp-org-logo\" itemprop=\"logo\"><img decoding=\"async\" src=\"https:\/\/www.tunisienumerique.com\/wp-content\/uploads\/2017\/02\/logo_tunisie_numerique.png\"\/><br \/>\n<meta itemprop=\"url\" content=\"https:\/\/www.tunisienumerique.com\/wp-content\/uploads\/2017\/02\/logo_tunisie_numerique.png\"\/><\/div>\n<p><meta content=\"Tunisie\"\/><\/div>\n<div class=\"mvp-related-posts left relative\">\n<h4 class=\"post-header\"><span class=\"post-header\">Lire aussi<\/span><\/h4>\n<\/div>\n<div id=\"article-ad\">\n <ins class=\"adsbygoogle c5\" data-ad-client=\"ca-pub-2102118777505746\" data-ad-slot=\"6513972734\" data-ad-format=\"auto\" data-full-width-responsive=\"true\"\/>\n<\/div>\n<\/div>\n<div id=\"post-sidebar-wrap\">\n <ins class=\"adsbygoogle c5\" data-ad-client=\"ca-pub-2102118777505746\" data-ad-slot=\"6168283410\" data-ad-format=\"auto\" data-full-width-responsive=\"true\"\/>\n<\/div>\n<p>Auteur: rania ben slimane<br \/>\n<a href=\"https:\/\/www.tunisienumerique.com\/tunisie-photos-le-gouverneur-de-mahdia-recoit-lequipe-sportive-el-makarem-de-mahdia\/\">Cliquez ici pour lire l&rsquo;article depuis sa source.<\/a><\/p>\n","protected":false},"excerpt":{"rendered":"<p>Par rania ben slimane \u00a0| Il y a 10 secondes Le Gouverneur de Mahdia, Abdelfatteh Chakchouk a re\u00e7u ce vendredi soir 04 juin 2021, le pr\u00e9sident et les membres de l\u2019Association El Makarem de Mahdia en pr\u00e9sence du d\u00e9l\u00e9gu\u00e9 charg\u00e9 des affaires sociales et du d\u00e9l\u00e9gu\u00e9 r\u00e9gional de la jeunesse et sportives. Au cours de [&hellip;]<\/p>\n","protected":false},"author":1789,"featured_media":0,"comment_status":"closed","ping_status":"closed","sticky":false,"template":"","format":"standard","meta":{"fifu_image_url":"https:\/\/secure.gravatar.com\/avatar\/ea481d7287ad38ca1787f44b5bb1b70e?s=50&d=mm&r=g","fifu_image_alt":"Tunisie [PHOTOS] : Le Gouverneur de Mahdia re\u00e7oit l\u2019\u00e9quipe sportive El Makarem de Mahdia","footnotes":""},"categories":[73,55],"tags":[],"class_list":["post-118019","post","type-post","status-publish","format-standard","hentry","category-actualite","category-tunisie"],"_links":{"self":[{"href":"https:\/\/linitiative.ca\/International\/wp-json\/wp\/v2\/posts\/118019","targetHints":{"allow":["GET"]}}],"collection":[{"href":"https:\/\/linitiative.ca\/International\/wp-json\/wp\/v2\/posts"}],"about":[{"href":"https:\/\/linitiative.ca\/International\/wp-json\/wp\/v2\/types\/post"}],"author":[{"embeddable":true,"href":"https:\/\/linitiative.ca\/International\/wp-json\/wp\/v2\/users\/1789"}],"replies":[{"embeddable":true,"href":"https:\/\/linitiative.ca\/International\/wp-json\/wp\/v2\/comments?post=118019"}],"version-history":[{"count":0,"href":"https:\/\/linitiative.ca\/International\/wp-json\/wp\/v2\/posts\/118019\/revisions"}],"wp:attachment":[{"href":"https:\/\/linitiative.ca\/International\/wp-json\/wp\/v2\/media?parent=118019"}],"wp:term":[{"taxonomy":"category","embeddable":true,"href":"https:\/\/linitiative.ca\/International\/wp-json\/wp\/v2\/categories?post=118019"},{"taxonomy":"post_tag","embeddable":true,"href":"https:\/\/linitiative.ca\/International\/wp-json\/wp\/v2\/tags?post=118019"}],"curies":[{"name":"wp","href":"https:\/\/api.w.org\/{rel}","templated":true}]}}