{"id":118023,"date":"2021-06-04T14:40:12","date_gmt":"2021-06-04T18:40:12","guid":{"rendered":"https:\/\/linitiative.ca\/International\/accusations-contre-appolinaire-compaore\/"},"modified":"2021-06-04T14:40:12","modified_gmt":"2021-06-04T18:40:12","slug":"accusations-contre-appolinaire-compaore","status":"publish","type":"post","link":"https:\/\/linitiative.ca\/International\/accusations-contre-appolinaire-compaore\/","title":{"rendered":"ACCUSATIONS CONTRE APPOLINAIRE COMPAORE"},"content":{"rendered":"<p class=\"c4\"><strong><em>L\u2019Union des jeunes op\u00e9rateurs \u00e9conomiques du Burkina (UJOEB) \u00e9tait face \u00e0 la presse le 3 juin dernier \u00e0 Ouagadougou. Au menu des \u00e9changes, l\u2019affaire de ce qu\u2019ils appellent de \u00ab\u00a0fausses all\u00e9gations\u00a0\u00bb contre Appolinaire Compaor\u00e9 pour trafic illicite et complicit\u00e9 avec des groupes terroristes dans le Sahel. Le pr\u00e9sident de l\u2019UJOEB, Moumouni Kabor\u00e9, et ses camarades ont mis en garde l\u2019\u00e9ventuel commanditaire qui serait derri\u00e8re cette affaire. Ils ont, \u00e0 cette occasion, appel\u00e9 l\u2019ensemble des commer\u00e7ants, ainsi que tous ceux qui \u0153uvrent dans le domaine, \u00e0 se tenir mobiliser contre cette histoire qu\u2019ils estiment \u00ab\u00a0mont\u00e9e de toute pi\u00e8ce\u00a0\u00bb.<\/em><\/strong><\/p>\n<p class=\"c4\"><em>\u00a0<\/em><\/p>\n<p class=\"c4\"><em>\u00a0<\/em><\/p>\n<p class=\"c4\"><em>La tension \u00e9tait forte le jeudi 3 juin dernier dans les rangs des jeunes op\u00e9rateurs \u00e9conomiques dans \u00ab\u00a0cette affaire Appolinaire Compaor\u00e9\u00a0\u00bb. En effet, l\u2019Union des jeunes op\u00e9rateurs \u00e9conomiques d\u00e9nonce une manigance contre le patron du patronat burkinab\u00e8. Accus\u00e9 d\u2019\u00eatre impliqu\u00e9 dans une affaire de trafic illicite et d\u2019\u00eatre de connivence avec des groupes terroristes dans le Sahel, une information que les Syndicats et associations des commer\u00e7ants avaient d\u00e9mentie, sans preuve, lors de leur conf\u00e9rence de presse le 20 mai dernier. Aujourd\u2019hui, c\u2019est au tour de l\u2019Union des jeunes op\u00e9rateurs \u00e9conomiques de monter au cr\u00e9neau. Selon l\u2019UJOEB, Appolinaire Compaor\u00e9 les a rassur\u00e9s de sa bonne foi \u00e0 ce que la lumi\u00e8re soit faite sur cette affaire le concernant. A l\u2019en croire, M. Compaor\u00e9 a m\u00eame demand\u00e9 un droit de r\u00e9ponse. Elle a, en outre, r\u00e9affirm\u00e9 son soutien au pr\u00e9sident du patronat burkinab\u00e8. Les conf\u00e9renciers ont affirm\u00e9 que cette accusation est mal fond\u00e9e et que selon Hamed Kodjo, journaliste ivoirien r\u00e9sidant \u00e0 Duba\u00ef, \u00ab\u00a0cette affaire n\u2019est qu\u2019une manipulation de la pire esp\u00e8ce car cela a \u00e9t\u00e9 mont\u00e9 par un op\u00e9rateur \u00e9conomique burkinab\u00e8 qui cherche \u00e0 nuire \u00e0 la r\u00e9putation du patron des patrons burkinab\u00e8\u00a0\u00bb.<\/em> <em>A la question de savoir qui est cet op\u00e9rateur \u00e9conomique en question, les conf\u00e9renciers affirment que la source de cette information n\u2019est pas assez tangible. Toutefois, elle rassure l\u2019ensemble des citoyens que des actions sont en cours, et que t\u00f4t ou tard, la v\u00e9rit\u00e9 triomphera. \u00ab\u00a0Nous vous rassurons que nous allons le d\u00e9masquer dans les jours \u00e0 venir\u00a0\u00bb, a-t-il rassur\u00e9. Pour les conf\u00e9renciers, apr\u00e8s des \u00e9changes avec Appolinaire Compaor\u00e9, ce dernier a dit qu\u2019il ne se reconnaissait pas dans les accusations port\u00e9es contre lui.<\/em> <em>\u00ab\u00a0Nous demandons simplement aux gens qui font de la propagande sur les r\u00e9seaux sociaux sans la moindre preuve, de savoir raison garder et d\u2019attendre que des voix plus autoris\u00e9es fassent la lumi\u00e8re sur cette affaire\u00a0\u00bb, a-t-il souhait\u00e9. L\u2019UJOEB a en outre indiqu\u00e9 que M. Compaor\u00e9 s\u2019est battu pour devenir ce qu\u2019il est aujourd\u2019hui. Et c\u2019est pourquoi elle dit ne pas pouvoir permettre que des opportunistes salissent son image aux yeux de ses partenaires qui le soutiennent dans ses activit\u00e9s.\u00a0<\/em> <em>Moumouni Kabor\u00e9 et ses camarades ont lanc\u00e9 \u00e9galement un appel aux commer\u00e7ants, ainsi qu\u2019\u00e0 ceux qui \u0153uvrent dans le domaine du commerce, \u00e0 se mobiliser afin que dans l\u2019union, ils puissent faire barri\u00e8re aux imposteurs dans cette affaire qui n\u2019honore pas les commer\u00e7ants. \u00ab\u00a0Aujourd\u2019hui, c\u2019est Appolinaire Compaor\u00e9. A qui le tour demain\u00a0?\u00a0\u00bb, s\u2019est interrog\u00e9 M. Kabor\u00e9.\u00a0<\/em> <em>Concernant la visite du pr\u00e9sident du patronat au m\u00e9diateur du Faso, le pr\u00e9sident de l\u2019UJOEB a pr\u00e9cis\u00e9 qu\u2019il n\u2019est pas all\u00e9 de son gr\u00e9 rencontrer Saran S\u00e9r\u00e9m\u00e9 \u00ab\u00a0comme le pr\u00e9tendent certains m\u00e9dias de la place\u00a0\u00bb.<\/em> <em>Quid du silence du pr\u00e9sident du patronat burkinab\u00e8\u00a0? Les jeunes op\u00e9rateurs \u00e9conomiques disent \u00eatre pr\u00eats \u00e0 nouer le contact avec Appolinaire \u00a0Compaor\u00e9 pour quiconque voudrait investiguer sur l\u2019affaire ou l\u2019interviewer.<\/em><\/p>\n<p class=\"c4\"><em>\u00a0<\/em><\/p>\n<p class=\"c6\"><strong><em>Ben Issa TRAORE<\/em><\/strong><\/p>\n<p><strong>\u00a0<\/strong><\/p>\n<p><strong>\u00a0<\/strong><\/p>\n<p>Auteur: Editions LEPAYS<br \/>\n<a href=\"https:\/\/lepays.bf\/accusations-contre-appolinaire-compaore\/\">Cliquez ici pour lire l&rsquo;article depuis sa source.<\/a><\/p>\n","protected":false},"excerpt":{"rendered":"<p>L\u2019Union des jeunes op\u00e9rateurs \u00e9conomiques du Burkina (UJOEB) \u00e9tait face \u00e0 la presse le 3 juin dernier \u00e0 Ouagadougou. Au menu des \u00e9changes, l\u2019affaire de ce qu\u2019ils appellent de \u00ab\u00a0fausses all\u00e9gations\u00a0\u00bb contre Appolinaire Compaor\u00e9 pour trafic illicite et complicit\u00e9 avec des groupes terroristes dans le Sahel. Le pr\u00e9sident de l\u2019UJOEB, Moumouni Kabor\u00e9, et ses camarades [&hellip;]<\/p>\n","protected":false},"author":1813,"featured_media":0,"comment_status":"closed","ping_status":"closed","sticky":false,"template":"","format":"standard","meta":{"fifu_image_url":"","fifu_image_alt":"","footnotes":""},"categories":[73,81],"tags":[],"class_list":["post-118023","post","type-post","status-publish","format-standard","hentry","category-actualite","category-burkina-faso"],"_links":{"self":[{"href":"https:\/\/linitiative.ca\/International\/wp-json\/wp\/v2\/posts\/118023","targetHints":{"allow":["GET"]}}],"collection":[{"href":"https:\/\/linitiative.ca\/International\/wp-json\/wp\/v2\/posts"}],"about":[{"href":"https:\/\/linitiative.ca\/International\/wp-json\/wp\/v2\/types\/post"}],"author":[{"embeddable":true,"href":"https:\/\/linitiative.ca\/International\/wp-json\/wp\/v2\/users\/1813"}],"replies":[{"embeddable":true,"href":"https:\/\/linitiative.ca\/International\/wp-json\/wp\/v2\/comments?post=118023"}],"version-history":[{"count":0,"href":"https:\/\/linitiative.ca\/International\/wp-json\/wp\/v2\/posts\/118023\/revisions"}],"wp:attachment":[{"href":"https:\/\/linitiative.ca\/International\/wp-json\/wp\/v2\/media?parent=118023"}],"wp:term":[{"taxonomy":"category","embeddable":true,"href":"https:\/\/linitiative.ca\/International\/wp-json\/wp\/v2\/categories?post=118023"},{"taxonomy":"post_tag","embeddable":true,"href":"https:\/\/linitiative.ca\/International\/wp-json\/wp\/v2\/tags?post=118023"}],"curies":[{"name":"wp","href":"https:\/\/api.w.org\/{rel}","templated":true}]}}