{"id":118024,"date":"2021-06-04T14:43:46","date_gmt":"2021-06-04T18:43:46","guid":{"rendered":"https:\/\/linitiative.ca\/International\/pr-albert-ouedraogo-enseignant-chercheur\/"},"modified":"2021-06-04T14:43:46","modified_gmt":"2021-06-04T18:43:46","slug":"pr-albert-ouedraogo-enseignant-chercheur","status":"publish","type":"post","link":"https:\/\/linitiative.ca\/International\/pr-albert-ouedraogo-enseignant-chercheur\/","title":{"rendered":"Pr ALBERT OUEDRAOGO, ENSEIGNANT-CHERCHEUR  \u00a0"},"content":{"rendered":"<p class=\"c4\"><strong><em>Le Centre pour la gouvernance d\u00e9mocratique (CGD), en partenariat avec l\u2019association Racines, a organis\u00e9 une conf\u00e9rence portant sur l\u2019ancrage d\u00e9mocratique au Burkina Faso. C\u2019\u00e9tait le mardi dernier, au Conseil burkinab\u00e8 des chargeurs (CBC). Ladite conf\u00e9rence de presse a \u00e9t\u00e9 anim\u00e9e par d\u2019\u00e9minentes personnalit\u00e9s du monde universitaire, \u00e0 savoir le professeur Albert Ou\u00e9draogo, le Dr Luc Marius Ibriga, le professeur Serge Th\u00e9ophile Balima et le Dr Abdoul Karim Sango.<\/em><\/strong><\/p>\n<p class=\"c4\"><em>\u00a0<\/em><\/p>\n<p class=\"c4\"><em>\u00a02 juin 1991-2 juin 2021. La Constitution du Burkina Faso a 30 ann\u00e9es d\u2019existence. Que retenir de cette loi fondamentale, gage de l\u2019expression d\u2019une volont\u00e9 populaire depuis sa promulgation le 11 juin 1991 ? C\u2019est toute l\u2019interrogation qui a drain\u00e9 du monde dans l\u2019apr\u00e8s-midi du mardi 2 juin 2021 dans la salle de conf\u00e9rences du CBC. \u00ab Trente ans apr\u00e8s le renouveau d\u00e9mocratique\u00a0: comment repenser les institutions \u00e0 partir de nos valeurs culturelles\u00a0?\u00a0\u00bb Voil\u00e0 le th\u00e8me central que les conf\u00e9renciers du jour \u00e9taient appel\u00e9s \u00e0 d\u00e9cortiquer au grand bonheur des Burkinab\u00e8. A cet effet, le Pr Serge Th\u00e9ophile Balima, mod\u00e9rateur du jour, d\u00e8s l\u2019entame de la conf\u00e9rence, s\u2019est r\u00e9joui de cette initiative du CGD et de l\u2019association Racines. Apr\u00e8s cette br\u00e8ve intervention, il a donn\u00e9 la parole au Pr Albert Ou\u00e9draogo qui a \u00e9clair\u00e9 la lanterne du public sur comment arrimer les valeurs culturelles aux lois centrales, c\u2019est-\u00e0-dire la Constitution. Le professeur a tout d\u2019abord relev\u00e9 que la Constitution du Burkina Faso \u00e9tait calqu\u00e9e sur des aspirations exog\u00e8nes, autrement, cette Constitution ne prend pas en compte toutes les sensibilit\u00e9s du Burkina Faso. Il a laiss\u00e9 entendre que \u00ab\u00a0nulle part dans la Constitution, le r\u00f4le de la chefferie coutumi\u00e8re n\u2019est d\u00e9fini. La d\u00e9mocratie burkinab\u00e8 court alors un grand danger avec la marginalisation de la chefferie coutumi\u00e8re \u00bb. Et pour Albert Ou\u00e9draogo, il urge que le Burkina Faso aille vers une constitutionnalisation de la chefferie coutumi\u00e8re \u00e0 l\u2019instar d\u2019autres pays de la sous-r\u00e9gion comme la C\u00f4te d\u2019Ivoire, le Ghana, car, pr\u00e9vient-il, les conflits de chefferie menacent la stabilit\u00e9 de nos r\u00e9gions.\u00a0 Quant au Dr Ibriga, autoris\u00e9 \u00e0 se prononcer sur la pratique constitutionnelle au Burkina Faso, il a rappel\u00e9 que la Constitution du Burkina Faso a connu sept r\u00e9visions. Pour Ibriga, on note un usage respectueux de la Constitution \u00e0 travers la prise en compte de certaines mesures proc\u00e9durales comme la nomination du Premier ministre et le respect du calendrier \u00e9lectoral. Cependant, les gouvernants croient plus \u00e0 la th\u00e9orie de l\u2019instrumentalisation du citoyen plut\u00f4t qu\u2019\u00e0 sa soumission aux lois de la R\u00e9publique. Quant aux citoyens, ils ne ma\u00eetrisent que leurs droits mais ignorent leurs devoirs. Par ailleurs, il a confi\u00e9 que dans le processus de mise sur pied de la 5<sup>e<\/sup> R\u00e9publique qui devait prendre en compte les aspirations de plus de la soixantaine d\u2019ethnies existant \u00a0au Burkina Faso, les chefs coutumiers ont d\u00e9clin\u00e9 l\u2019offre de se faire constitutionnaliser. Le Dr Abdoul Karim Sango, nouveau pr\u00e9sident du Parti pour la renaissance nationale (PAREN), a ax\u00e9 son intervention sur les forces et les faiblesses de la d\u00e9mocratie au Burkina Faso. Le pr\u00e9sident du PAREN a soulign\u00e9 que dans les d\u00e9mocraties lib\u00e9rales, la d\u00e9mocratie se d\u00e9finit et s\u2019applique selon la posture d\u2019Abraham Lincoln, c\u2019est-\u00e0-dire\u00a0\u00ab le pouvoir du peuple, pour le peuple et par le peuple\u00a0\u00bb. Et pour lui, une v\u00e9ritable d\u00e9mocratie se mesure \u00e0 l\u2019aune de plusieurs indicateurs, notamment la d\u00e9signation des dirigeants par voie \u00e9lectorale, la s\u00e9paration des pouvoirs, le pluralisme politique, la libert\u00e9 de la presse et l\u2019alternance du pouvoir.\u00a0\u00ab\u00a0Il faut noter que ces crit\u00e8res sont cumulatifs\u00a0\u00bb, a-t-il insist\u00e9. Pour ce qui est de la d\u00e9mocratie au Burkina Fao, M. Sango exhume quelques anomalies telles la fr\u00e9quence de la manipulation des lois, la faiblesse des gouvernants, le balbutiement du pouvoir judiciaire. M\u00eame si l\u2019on note des progr\u00e8s dans le processus d\u2019une d\u00e9mocratie v\u00e9ritable, surtout avec une ind\u00e9pendance plus formelle de la justice et une presse de plus en plus libre, du chemin reste \u00e0 parcourir. Dans cette optique, M. Sango propose l\u2019\u00e9lection du pr\u00e9sident du Faso par le suffrage universel indirect, la suppression de certaines institutions comme le m\u00e9diateur du Faso et le Conseil \u00e9conomique et social. M. Sango a termin\u00e9 son allocution en plaidant pour l\u2019institutionnalisation de la chefferie, la cr\u00e9ation d\u2019une seconde Chambre, le S\u00e9nat et des lois visant \u00e0 un meilleur ancrage culturel.<\/em><\/p>\n<p class=\"c6\"><strong><em>Ben Issa TRAORE<\/em><\/strong><\/p>\n<p class=\"c6\"><strong><em>\u00a0<\/em><\/strong><\/p>\n<p>Auteur: Editions LEPAYS<br \/>\n<a href=\"https:\/\/lepays.bf\/pr-albert-ouedraogo-enseignant-chercheur\/\">Cliquez ici pour lire l&rsquo;article depuis sa source.<\/a><\/p>\n","protected":false},"excerpt":{"rendered":"<p>Le Centre pour la gouvernance d\u00e9mocratique (CGD), en partenariat avec l\u2019association Racines, a organis\u00e9 une conf\u00e9rence portant sur l\u2019ancrage d\u00e9mocratique au Burkina Faso. C\u2019\u00e9tait le mardi dernier, au Conseil burkinab\u00e8 des chargeurs (CBC). Ladite conf\u00e9rence de presse a \u00e9t\u00e9 anim\u00e9e par d\u2019\u00e9minentes personnalit\u00e9s du monde universitaire, \u00e0 savoir le professeur Albert Ou\u00e9draogo, le Dr Luc [&hellip;]<\/p>\n","protected":false},"author":1813,"featured_media":0,"comment_status":"closed","ping_status":"closed","sticky":false,"template":"","format":"standard","meta":{"fifu_image_url":"","fifu_image_alt":"","footnotes":""},"categories":[73,81],"tags":[],"class_list":["post-118024","post","type-post","status-publish","format-standard","hentry","category-actualite","category-burkina-faso"],"_links":{"self":[{"href":"https:\/\/linitiative.ca\/International\/wp-json\/wp\/v2\/posts\/118024","targetHints":{"allow":["GET"]}}],"collection":[{"href":"https:\/\/linitiative.ca\/International\/wp-json\/wp\/v2\/posts"}],"about":[{"href":"https:\/\/linitiative.ca\/International\/wp-json\/wp\/v2\/types\/post"}],"author":[{"embeddable":true,"href":"https:\/\/linitiative.ca\/International\/wp-json\/wp\/v2\/users\/1813"}],"replies":[{"embeddable":true,"href":"https:\/\/linitiative.ca\/International\/wp-json\/wp\/v2\/comments?post=118024"}],"version-history":[{"count":0,"href":"https:\/\/linitiative.ca\/International\/wp-json\/wp\/v2\/posts\/118024\/revisions"}],"wp:attachment":[{"href":"https:\/\/linitiative.ca\/International\/wp-json\/wp\/v2\/media?parent=118024"}],"wp:term":[{"taxonomy":"category","embeddable":true,"href":"https:\/\/linitiative.ca\/International\/wp-json\/wp\/v2\/categories?post=118024"},{"taxonomy":"post_tag","embeddable":true,"href":"https:\/\/linitiative.ca\/International\/wp-json\/wp\/v2\/tags?post=118024"}],"curies":[{"name":"wp","href":"https:\/\/api.w.org\/{rel}","templated":true}]}}