{"id":118025,"date":"2021-06-03T18:50:14","date_gmt":"2021-06-03T22:50:14","guid":{"rendered":"https:\/\/linitiative.ca\/International\/caisse-des-depots-et-des-consignations-les-nouveaux-membres-de-la-commission-de-surveillance-installes\/"},"modified":"2021-06-03T18:50:14","modified_gmt":"2021-06-03T22:50:14","slug":"caisse-des-depots-et-des-consignations-les-nouveaux-membres-de-la-commission-de-surveillance-installes","status":"publish","type":"post","link":"https:\/\/linitiative.ca\/International\/caisse-des-depots-et-des-consignations-les-nouveaux-membres-de-la-commission-de-surveillance-installes\/","title":{"rendered":"Caisse des d\u00e9p\u00f4ts et des consignations : Les nouveaux membres de la Commission de surveillance install\u00e9s"},"content":{"rendered":"<div class=\"td-post-featured-image\">\n<figure><a href=\"https:\/\/www.sidwaya.info\/wp-content\/uploads\/2021\/06\/caisse.jpg\" data-caption=\"Le Premier ministre, Christophe Joseph Marie Dabir\u00e9, a rappel\u00e9 aux membres de la commission qu\u2019ils ont la lourde charge de travailler \u00e0 garantir l\u2019autonomie de la CDC-BF\"><img loading=\"lazy\" decoding=\"async\" width=\"696\" height=\"551\" class=\"entry-thumb td-modal-image\" src=\"https:\/\/www.sidwaya.info\/wp-content\/uploads\/2021\/06\/caisse-696x551.jpg\" srcset=\"https:\/\/www.sidwaya.info\/wp-content\/uploads\/2021\/06\/caisse-696x551.jpg 696w, https:\/\/www.sidwaya.info\/wp-content\/uploads\/2021\/06\/caisse-300x238.jpg 300w, https:\/\/www.sidwaya.info\/wp-content\/uploads\/2021\/06\/caisse-768x608.jpg 768w, https:\/\/www.sidwaya.info\/wp-content\/uploads\/2021\/06\/caisse-150x119.jpg 150w, https:\/\/www.sidwaya.info\/wp-content\/uploads\/2021\/06\/caisse-530x420.jpg 530w, https:\/\/www.sidwaya.info\/wp-content\/uploads\/2021\/06\/caisse.jpg 780w\" sizes=\"auto, (max-width: 696px) 100vw, 696px\" alt=\"\" title=\"caisse\"\/><\/a><figcaption class=\"wp-caption-text\">Le Premier ministre, Christophe Joseph Marie Dabir\u00e9, a rappel\u00e9 aux membres de la commission qu\u2019ils ont la lourde charge de travailler \u00e0 garantir l\u2019autonomie de la CDC-BF<\/figcaption><\/figure>\n<\/div>\n<p><strong>Le Premier ministre, Christophe Joseph Marie Dabir\u00e9, a install\u00e9 le jeudi 3 juin 2021 en fin de matin\u00e9e, les membres de la Commission de surveillance de la Caisse des D\u00e9p\u00f4ts et des Consignations du Burkina Faso (CDC-BF). Etablissement \u00e0 caract\u00e8re sp\u00e9cial, cette structure a \u00e9t\u00e9 cr\u00e9\u00e9e pour r\u00e9pondre au besoin sp\u00e9cifiquement li\u00e9 au financement du d\u00e9veloppement de notre pays.<\/strong><\/p>\n<p>Au nombre de 11, les membres de la CDC-BF se composent de cinq d\u00e9put\u00e9s, dont trois de la majorit\u00e9 pr\u00e9sidentielle et deux de l\u2019opposition. Un repr\u00e9sentant de la Cour des comptes, trois du minist\u00e8re en charge des finances et deux personnes-ressources reconnues pour leur comp\u00e9tence et choisies par le pr\u00e9sident de l\u2019Assembl\u00e9e nationale. Ces membres sont nomm\u00e9s par d\u00e9cret pr\u00e9sidentiel simple.<br \/>Juste apr\u00e8s leur installation, les membres du Comit\u00e9 de surveillance ont tenu leur toute premi\u00e8re session, pr\u00e9sid\u00e9e par le plus \u00e2g\u00e9 d\u2019entre eux, le d\u00e9put\u00e9 Yahaya Zoungrana.<\/p>\n<p>L\u2019ordre du jour de cette session \u00e9tait relatif \u00e0 la d\u00e9signation du pr\u00e9sident de la Commission de surveillance et une proposition de date pour leur deuxi\u00e8me session.<br \/>A l\u2019issue de leurs travaux, les membres ont \u00e0 l\u2019unanimit\u00e9, port\u00e9 leur choix sur le d\u00e9put\u00e9 Idrissa Doamba comme leur pr\u00e9sident. Tous ont un mandat dont la dur\u00e9e est de trois ans et non renouvelable. Au nom du pr\u00e9sident du Faso et en son nom personnel, le Premier ministre, Christophe Joseph Marie Dabir\u00e9, a f\u00e9licit\u00e9 les nouveaux membres et leur a rappel\u00e9 qu\u2019ils ont la lourde charge de travailler \u00e0 garantir l\u2019autonomie de la CDC-BF, mais aussi d\u2019exercer le contr\u00f4le de ses op\u00e9rations.<\/p>\n<p>En outre, il les a exhort\u00e9s \u00e0 prendre diligemment les dispositions pour l\u2019adoption des statuts de cette structure, ainsi que des diff\u00e9rents documents strat\u00e9giques et essentiels pour son fonctionnement. \u00ab Je vous exhorte \u00e9galement \u00e0 mettre en place, dans les meilleurs d\u00e9lais, les comit\u00e9s sp\u00e9cialis\u00e9s pr\u00e9vus par la loi, afin d\u2019\u00eatre efficaces dans vos missions \u00bb, a souhait\u00e9 le chef du gouvernement. Quant au pr\u00e9sident nouvellement \u00e9lu de la Commission, Idrissa Doamba, il s\u2019est dit anim\u00e9 par un sentiment de fiert\u00e9, pour avoir \u00e9t\u00e9 d\u00e9sign\u00e9 par ses pairs. Il a t\u00e9moign\u00e9 sa reconnaissance vis-\u00e0-vis du pr\u00e9sident de l\u2019Assembl\u00e9e nationale, pour avoir eu confiance en eux, en les d\u00e9signant.<\/p>\n<p>Et de poursuivre : \u00ab Nous allons travailler \u00e0 m\u00e9riter cette confiance et relever tous les d\u00e9fis li\u00e9s au financement des projets \u00e0 l\u2019interne, pour booster le d\u00e9veloppement du pays \u00bb. \u00ab Le Burkina \u00e9tant un pays en voie de d\u00e9veloppement, a n\u00e9cessairement besoin des institutions financi\u00e8res fortes et adapt\u00e9es au financement des projets et autres programmes de d\u00e9veloppement \u00bb, a soutenu le pr\u00e9sident de la CDC-BF.<br \/>A l\u2019en croire, c\u2019est cette vision du chef de l\u2019Etat, son Excellence Roch Marc Christian Kabor\u00e9 qui a sous-tendu la cr\u00e9ation de la Caisse des D\u00e9p\u00f4ts et des Consignations.<\/p>\n<p class=\"c1\"><strong>DCRP\/Primature<\/strong><\/p>\n<div class=\"td-a-rec td-a-rec-id-content_bottom tdi_33_d0e td_block_template_1\">\n<p><img loading=\"lazy\" decoding=\"async\" class=\"aligncenter size-full wp-image-27454\" src=\"https:\/\/www.sidwaya.info\/wp-content\/uploads\/2020\/10\/PUB-Bandeau-paiement-mobile-siteweb.jpg\" alt=\"\" width=\"728\" height=\"90\"\/><\/div>\n<p>Auteur: JK. Sidwaya<br \/>\n<a href=\"https:\/\/www.sidwaya.info\/blog\/2021\/06\/03\/caisse-des-depots-et-des-consignations-les-nouveaux-membres-de-la-commission-de-surveillance-installes\/\">Cliquez ici pour lire l&rsquo;article depuis sa source.<\/a><\/p>\n","protected":false},"excerpt":{"rendered":"<p>Le Premier ministre, Christophe Joseph Marie Dabir\u00e9, a rappel\u00e9 aux membres de la commission qu\u2019ils ont la lourde charge de travailler \u00e0 garantir l\u2019autonomie de la CDC-BF Le Premier ministre, Christophe Joseph Marie Dabir\u00e9, a install\u00e9 le jeudi 3 juin 2021 en fin de matin\u00e9e, les membres de la Commission de surveillance de la Caisse [&hellip;]<\/p>\n","protected":false},"author":1816,"featured_media":0,"comment_status":"closed","ping_status":"closed","sticky":false,"template":"","format":"standard","meta":{"fifu_image_url":"https:\/\/www.sidwaya.info\/wp-content\/uploads\/2021\/06\/caisse-696x551.jpg","fifu_image_alt":"Caisse des d\u00e9p\u00f4ts et des consignations : Les nouveaux membres de la Commission de surveillance install\u00e9s","footnotes":""},"categories":[73,81],"tags":[],"class_list":["post-118025","post","type-post","status-publish","format-standard","hentry","category-actualite","category-burkina-faso"],"_links":{"self":[{"href":"https:\/\/linitiative.ca\/International\/wp-json\/wp\/v2\/posts\/118025","targetHints":{"allow":["GET"]}}],"collection":[{"href":"https:\/\/linitiative.ca\/International\/wp-json\/wp\/v2\/posts"}],"about":[{"href":"https:\/\/linitiative.ca\/International\/wp-json\/wp\/v2\/types\/post"}],"author":[{"embeddable":true,"href":"https:\/\/linitiative.ca\/International\/wp-json\/wp\/v2\/users\/1816"}],"replies":[{"embeddable":true,"href":"https:\/\/linitiative.ca\/International\/wp-json\/wp\/v2\/comments?post=118025"}],"version-history":[{"count":0,"href":"https:\/\/linitiative.ca\/International\/wp-json\/wp\/v2\/posts\/118025\/revisions"}],"wp:attachment":[{"href":"https:\/\/linitiative.ca\/International\/wp-json\/wp\/v2\/media?parent=118025"}],"wp:term":[{"taxonomy":"category","embeddable":true,"href":"https:\/\/linitiative.ca\/International\/wp-json\/wp\/v2\/categories?post=118025"},{"taxonomy":"post_tag","embeddable":true,"href":"https:\/\/linitiative.ca\/International\/wp-json\/wp\/v2\/tags?post=118025"}],"curies":[{"name":"wp","href":"https:\/\/api.w.org\/{rel}","templated":true}]}}