{"id":118026,"date":"2021-06-03T19:51:45","date_gmt":"2021-06-03T23:51:45","guid":{"rendered":"https:\/\/linitiative.ca\/International\/match-amical-cote-divoireburkina-gros-test-pour-les-etalons\/"},"modified":"2021-06-03T19:51:45","modified_gmt":"2021-06-03T23:51:45","slug":"match-amical-cote-divoireburkina-gros-test-pour-les-etalons","status":"publish","type":"post","link":"https:\/\/linitiative.ca\/International\/match-amical-cote-divoireburkina-gros-test-pour-les-etalons\/","title":{"rendered":"Match amical \/ C\u00f4te d\u2019Ivoire#Burkina : Gros test pour les Etalons"},"content":{"rendered":"<div class=\"td-post-featured-image\">\n<figure><a href=\"https:\/\/www.sidwaya.info\/wp-content\/uploads\/2021\/06\/sport1.jpg\" data-caption=\"Pour le s\u00e9lectionneur, Kamou Malo, certains jeunes auront leur chance \u00e0 Abidjan\"><img loading=\"lazy\" decoding=\"async\" width=\"696\" height=\"523\" class=\"entry-thumb td-modal-image\" src=\"https:\/\/www.sidwaya.info\/wp-content\/uploads\/2021\/06\/sport1-696x523.jpg\" srcset=\"https:\/\/www.sidwaya.info\/wp-content\/uploads\/2021\/06\/sport1-696x523.jpg 696w, https:\/\/www.sidwaya.info\/wp-content\/uploads\/2021\/06\/sport1-300x225.jpg 300w, https:\/\/www.sidwaya.info\/wp-content\/uploads\/2021\/06\/sport1-768x577.jpg 768w, https:\/\/www.sidwaya.info\/wp-content\/uploads\/2021\/06\/sport1-150x113.jpg 150w, https:\/\/www.sidwaya.info\/wp-content\/uploads\/2021\/06\/sport1-559x420.jpg 559w, https:\/\/www.sidwaya.info\/wp-content\/uploads\/2021\/06\/sport1-80x60.jpg 80w, https:\/\/www.sidwaya.info\/wp-content\/uploads\/2021\/06\/sport1-265x198.jpg 265w, https:\/\/www.sidwaya.info\/wp-content\/uploads\/2021\/06\/sport1.jpg 787w\" sizes=\"auto, (max-width: 696px) 100vw, 696px\" alt=\"\" title=\"sport1\"\/><\/a><figcaption class=\"wp-caption-text\">Pour le s\u00e9lectionneur, Kamou Malo, certains jeunes auront leur chance \u00e0 Abidjan<\/figcaption><\/figure>\n<\/div>\n<p><strong>Les Etalons disputent ce samedi 5 juin \u00e0 Abidjan, en C\u00f4te d\u2019Ivoire, un match amical face aux \u00c9l\u00e9phants. Cette rencontre constitue une occasion pour les deux s\u00e9lectionneurs de r\u00e9p\u00e9ter leur gamme en vue des \u00e9liminatoires de la Coupe du monde, report\u00e9s en septembre prochain.<\/strong><\/p>\n<p>Le s\u00e9lectionneur des Etalons, Kamou Malo et ses poulains entament leur pr\u00e9paration pour les \u00e9liminatoires de la Coupe du monde, Qatar 2022, par deux matchs amicaux : le 5 juin face \u00e0 la C\u00f4te d\u2019Ivoire et le 12 juin contre le Maroc. Le match face au voisin ivoirien pr\u00e9vu, ce samedi au stade d\u2019Ebimp\u00e9 \u00e0 17h GMT, constitue un gros test pour les Etalons. 31 joueurs ont quitt\u00e9 Ouagadougou, dans l\u2019apr\u00e8s-midi du 3 juin, pour Abidjan. Burkinab\u00e8 et Ivoiriens ne se sont plus rencontr\u00e9s en amical depuis d\u00e9cembre 1999.<\/p>\n<p>Tout porte \u00e0 croire que Kamou Malo, le s\u00e9lectionneur national, compte mettre \u00e0 profit, ce match et celui face au Maroc, pour tester plusieurs jeunes. \u00ab Nous avons saisi l\u2019occasion pour rappeler certains jeunes pour voir ce qu\u2019ils peuvent faire pour l\u2019\u00e9quipe national \u00bb, avait-il indiqu\u00e9 lors de sa conf\u00e9rence de presse, le 19 mai dernier \u00e0 Ouagadougou.<\/p>\n<p>En effet, des joueurs comme Gustavo Sangar\u00e9 (Queville Rouen\/France), Dramane Salou (FC Pyunik\/Arm\u00e9nie), Arnaud Sibiri Sanou (Coton Sport de Garoua), Yacouba Songn\u00e9 (Young Africans de Tanzanie), Dramane Salou (Fc Pyunik\/Arm\u00e9nie) ont \u00e9t\u00e9 convoqu\u00e9s pour la premi\u00e8re fois avec les Etalons. Aussi, de jeunes locaux tr\u00e9pignent d\u2019impatience et pourraient avoir leur chance \u00e0 Abidjan. L\u2019infatigable milieu de terrain de l\u2019AS Douanes, Ismahila Ou\u00e9draogo dit N\u2019Golo Kant\u00e9 a d\u00e9j\u00e0 fait tr\u00e8s bonne impression lors du dernier match des \u00e9liminatoires de la CAN 2021 en mars dernier face au Soudan du Sud.<\/p>\n<h3>Un secteur m\u00e9dian en chantier<\/h3>\n<p>Mohamed Lamine Ouattara, le meilleur buteur du Faso foot et Herman Niki\u00e9ma, plusieurs fois convoqu\u00e9s et qui n\u2019ont pas encore jou\u00e9, ne cracheraient certainement pas sur quelques minutes de jeu. Cependant, c\u2019est dans l\u2019entrejeu, le compartiment \u00e0 rajeunir, selon Kamou Malo, qu\u2019il y aura de nombreux essais. La convocation de l\u2019exp\u00e9riment\u00e9 capitaine Charles Kabor\u00e9 et du milieu offensif Abdou Razack Traor\u00e9 visent, a-t-il ajout\u00e9, \u00e0 accompagner ces jeunes.<\/p>\n<p>Les deux matchs amicaux, surtout celui de la C\u00f4te d\u2019Ivoire, constituent donc un test majeur pour les Etalons et leur s\u00e9lectionneur. Car plusieurs \u00e9ch\u00e9ances importantes pointent \u00e0 l\u2019horizon comme le d\u00e9but des \u00e9liminatoires de la Coupe du monde 2022 en septembre prochain et les phases finales de la CAN en janvier. Charles Kabor\u00e9 et ses co\u00e9quipiers auront fort \u00e0 faire ce 5 mai face \u00e0 une \u00e9quipe tr\u00e8s exp\u00e9riment\u00e9e des El\u00e9phants de la C\u00f4te d\u2019Ivoire. Le coach ivoirien, Patrice Beaumelle, comptera sur les d\u00e9fenseurs Serge Aurier de Tottenham, Eric Bailly de Manchester United, les milieux Serey Die de FC Sion et Franck K\u00e9ssi\u00e9 du Milan AC sans oublier l\u2019exp\u00e9riment\u00e9 attaquant du Sivasspor, Max Gradel.<\/p>\n<p>M\u00eame s\u2019il s\u2019agit d\u2019une rencontre amicale, les Etalons devront hausser leur niveau de jeu pour pouvoir toiser ces \u00e9l\u00e9phants. Ils ne seront pas seuls au stade d\u2019Ebimp\u00e9, car \u00e0 moins d\u2019un changement de derni\u00e8re minute, la rencontre est annonc\u00e9e ouverte au public. A coup s\u00fbr, la tr\u00e8s forte communaut\u00e9 burkinab\u00e8 r\u00e9sidente en Eburnie effectuera le d\u00e9placement pour encourager des Etalons qui n\u2019ont vaincu qu\u2019une seule fois leur adversaire (en amical en d\u00e9cembre 1997) en une quinzaine de confrontations depuis 1976.<\/p>\n<p class=\"c1\"><strong>Si\u00e9 Simplice HIEN<\/strong><\/p>\n<hr\/>\n<p><strong>Propos<\/strong><\/p>\n<p><strong>Charles Kabor\u00e9, capitaine des Etalons<\/strong><br \/><strong>\u00ab \u00c7a reste un match amical \u00bb<\/strong><\/p>\n<p>Le match contre la C\u00f4te d\u2019Ivoire sera un bon test et c\u2019est la premi\u00e8re fois qu\u2019on joue un match amical contre eux depuis que je suis l\u00e0. C\u2019est bien pour le groupe afin qu\u2019il puisse jauger ses qualit\u00e9s avant les phases \u00e9liminatoires de la Coupe du monde en septembre. Nous respectons beaucoup la C\u00f4te d\u2019Ivoire parce qu\u2019elle a de tr\u00e8s grands joueurs. C\u2019est une \u00e9quipe contre laquelle il faut jouer parce c\u2019est une bonne exp\u00e9rience. Cependant, \u00e7a reste un match amical, surtout que nous sommes voisins. Il y a beaucoup de familiarit\u00e9 entre nous. Ce match constituera une bonne exp\u00e9rience pour nous, surtout pour ceux qui n\u2019ont pas eu la chance de disputer les \u00e9liminatoires de la CAN. Ce sera une occasion pour eux de se montrer, de s\u2019exprimer sur le terrain. La collaboration est bonne avec ces jeunes parce qu\u2019ils sont respectueux, ils ont de l\u2019envie, de la qualit\u00e9. Et c\u2019est une bonne chose pour l\u2019avenir du Burkina Faso. J\u2019esp\u00e8re que les jeunes pourront faire un bon match contre la C\u00f4te d\u2019Ivoire et le Maroc afin de montrer au coach qu\u2019ils m\u00e9ritent d\u2019\u00eatre l\u00e0. Pour nous, il s\u2019agit d\u2019un match amical et c\u2019est une opportunit\u00e9 pour donner du temps de jeu \u00e0 ceux qui jouent moins ou pas du tout. Beaucoup m\u00e9ritent de disputer cette rencontre et j\u2019esp\u00e8re qu\u2019on fera un bon match.<\/p>\n<hr\/>\n<p><strong>Kamou Malo, s\u00e9lectionneur national<\/strong><br \/><strong>\u00ab J\u2019attends que les jeunes me donnent satisfaction\u2026 \u00bb<\/strong><br \/>Le match contre la C\u00f4te d\u2019Ivoire est plein de symbole dans la mesure o\u00f9 les deux pays sont amis et fr\u00e8res et se connaissent de longue date. Nous avons une diaspora assez \u00e9norme en C\u00f4te d\u2019Ivoire, je sais que nous ne serons pas orphelins en en ce qui concerne le soutien du public. J\u2019attends de ce match que les jeunes que nous avons convoqu\u00e9s, certains pour la premi\u00e8re fois d\u2019autre c\u2019est un retour, qu\u2019ils montrent que nous avons eu raison de leur faire confiance en leur donnant une convocation. Il n\u2019y a pas meilleure opportunit\u00e9 qu\u2019un match amical pour tester les gar\u00e7ons et retrouver les graines rares, voir ceux qui peuvent int\u00e9grer le groupe en vue de la pr\u00e9paration des \u00e9liminatoires du mondial et surtout la phase finale de la CAN qui arrive bient\u00f4t.<\/p>\n<p>Le temps qui nous s\u00e9pare de la CAN n\u2019exc\u00e8de pas 6 mois. Nous sommes en plein chantier, nous sommes conscients des limites de notre \u00e9quipe. Nous connaissons les secteurs qu\u2019il faut toucher et c\u2019est surtout \u00e0 ce niveau que nous avons convoqu\u00e9 assez de jeunes afin d\u2019injecter du sang neuf dans l\u2019\u00e9quipe. Sinon dans l\u2019\u00e9quipe, les compartiments comme la d\u00e9fense et l\u2019attaque, nous disposons de jeunes talents. Notre probl\u00e8me c\u2019est peut-\u00eatre le milieu de terrain o\u00f9 nous avons int\u00e9r\u00eat \u00e0 rechercher de jeunes gar\u00e7ons pour injecter du sang neuf dans l\u2019\u00e9quipe. J\u2019attends que ces jeunes me donnent satisfaction dans ces matchs amicaux.<\/p>\n<p class=\"c1\"><strong>Propos recueillis par SSH<\/strong><\/p>\n<div class=\"td-a-rec td-a-rec-id-content_bottom tdi_33_b6e td_block_template_1\">\n<p><img loading=\"lazy\" decoding=\"async\" class=\"aligncenter size-full wp-image-27454\" src=\"https:\/\/www.sidwaya.info\/wp-content\/uploads\/2020\/10\/PUB-Bandeau-paiement-mobile-siteweb.jpg\" alt=\"\" width=\"728\" height=\"90\"\/><\/div>\n<p>Auteur: JK. Sidwaya<br \/>\n<a href=\"https:\/\/www.sidwaya.info\/blog\/2021\/06\/03\/match-amical-cote-divoireburkina-gros-test-pour-les-etalons\/\">Cliquez ici pour lire l&rsquo;article depuis sa source.<\/a><\/p>\n","protected":false},"excerpt":{"rendered":"<p>Pour le s\u00e9lectionneur, Kamou Malo, certains jeunes auront leur chance \u00e0 Abidjan Les Etalons disputent ce samedi 5 juin \u00e0 Abidjan, en C\u00f4te d\u2019Ivoire, un match amical face aux \u00c9l\u00e9phants. Cette rencontre constitue une occasion pour les deux s\u00e9lectionneurs de r\u00e9p\u00e9ter leur gamme en vue des \u00e9liminatoires de la Coupe du monde, report\u00e9s en septembre [&hellip;]<\/p>\n","protected":false},"author":1816,"featured_media":0,"comment_status":"closed","ping_status":"closed","sticky":false,"template":"","format":"standard","meta":{"fifu_image_url":"https:\/\/www.sidwaya.info\/wp-content\/uploads\/2021\/06\/sport1-696x523.jpg","fifu_image_alt":"Match amical \/ C\u00f4te d\u2019Ivoire#Burkina : Gros test pour les Etalons","footnotes":""},"categories":[73,81],"tags":[],"class_list":["post-118026","post","type-post","status-publish","format-standard","hentry","category-actualite","category-burkina-faso"],"_links":{"self":[{"href":"https:\/\/linitiative.ca\/International\/wp-json\/wp\/v2\/posts\/118026","targetHints":{"allow":["GET"]}}],"collection":[{"href":"https:\/\/linitiative.ca\/International\/wp-json\/wp\/v2\/posts"}],"about":[{"href":"https:\/\/linitiative.ca\/International\/wp-json\/wp\/v2\/types\/post"}],"author":[{"embeddable":true,"href":"https:\/\/linitiative.ca\/International\/wp-json\/wp\/v2\/users\/1816"}],"replies":[{"embeddable":true,"href":"https:\/\/linitiative.ca\/International\/wp-json\/wp\/v2\/comments?post=118026"}],"version-history":[{"count":0,"href":"https:\/\/linitiative.ca\/International\/wp-json\/wp\/v2\/posts\/118026\/revisions"}],"wp:attachment":[{"href":"https:\/\/linitiative.ca\/International\/wp-json\/wp\/v2\/media?parent=118026"}],"wp:term":[{"taxonomy":"category","embeddable":true,"href":"https:\/\/linitiative.ca\/International\/wp-json\/wp\/v2\/categories?post=118026"},{"taxonomy":"post_tag","embeddable":true,"href":"https:\/\/linitiative.ca\/International\/wp-json\/wp\/v2\/tags?post=118026"}],"curies":[{"name":"wp","href":"https:\/\/api.w.org\/{rel}","templated":true}]}}