{"id":118027,"date":"2021-06-04T11:04:04","date_gmt":"2021-06-04T15:04:04","guid":{"rendered":"https:\/\/linitiative.ca\/International\/reconciliation-nationale-la-demarche-devoilee-aux-acteurs-du-sahel-centre-nord-et-plateau-central\/"},"modified":"2021-06-04T11:04:04","modified_gmt":"2021-06-04T15:04:04","slug":"reconciliation-nationale-la-demarche-devoilee-aux-acteurs-du-sahel-centre-nord-et-plateau-central","status":"publish","type":"post","link":"https:\/\/linitiative.ca\/International\/reconciliation-nationale-la-demarche-devoilee-aux-acteurs-du-sahel-centre-nord-et-plateau-central\/","title":{"rendered":"R\u00e9conciliation nationale\u00a0: La d\u00e9marche d\u00e9voil\u00e9e aux acteurs du Sahel, Centre-Nord et Plateau Central"},"content":{"rendered":"<div class=\"td-post-featured-image\"><a href=\"https:\/\/www.sidwaya.info\/wp-content\/uploads\/2021\/06\/2-3.jpg\" data-caption=\"\"><img loading=\"lazy\" decoding=\"async\" width=\"696\" height=\"696\" class=\"entry-thumb td-modal-image\" src=\"https:\/\/www.sidwaya.info\/wp-content\/uploads\/2021\/06\/2-3-696x696.jpg\" srcset=\"https:\/\/www.sidwaya.info\/wp-content\/uploads\/2021\/06\/2-3-696x696.jpg 696w, https:\/\/www.sidwaya.info\/wp-content\/uploads\/2021\/06\/2-3-300x300.jpg 300w, https:\/\/www.sidwaya.info\/wp-content\/uploads\/2021\/06\/2-3-150x150.jpg 150w, https:\/\/www.sidwaya.info\/wp-content\/uploads\/2021\/06\/2-3-768x768.jpg 768w, https:\/\/www.sidwaya.info\/wp-content\/uploads\/2021\/06\/2-3-420x420.jpg 420w, https:\/\/www.sidwaya.info\/wp-content\/uploads\/2021\/06\/2-3.jpg 962w\" sizes=\"auto, (max-width: 696px) 100vw, 696px\" alt=\"\" title=\"2 (3)\"\/><\/a><\/div>\n<p><strong>Le ministre d\u2019Etat, ministre de la R\u00e9conciliation nationale et de la Coh\u00e9sion sociale, Z\u00e9pherin Diabr\u00e9 a pr\u00e9sid\u00e9, le jeudi 3 juin 2021 \u00e0 Kaya, un atelier de renforcement des capacit\u00e9s des autorit\u00e9s locales et des points focaux des r\u00e9gions du Sahel, du Centre-Nord et du Plateau-Central sur, entre autres, la vision et la d\u00e9marche de la r\u00e9conciliation, le pacte de vivre-ensemble et les outils de collecte des donn\u00e9es.<\/strong><\/p>\n<p>Le minist\u00e8re de la R\u00e9conciliation nationale et de la Coh\u00e9sion sociale (MRNCS) poursuit ses ateliers r\u00e9gionaux de formation au profit de ses points focaux et des autorit\u00e9s locales. Le jeudi 3 juin 2021 \u00e0 Kaya, c\u2019est au tour des acteurs de la r\u00e9conciliation nationale des r\u00e9gions du Plateau Central, du Sahel et du Centre-Nord d\u2019\u00eatre outill\u00e9s. Pr\u00e9sid\u00e9 par le chef du d\u00e9partement en charge de la Coh\u00e9sion sociale, Z\u00e9pherin Diabr\u00e9, l\u2019atelier de renforcement des capacit\u00e9s a port\u00e9 sur la vision de r\u00e9conciliation du Chef de l\u2019Etat, Roch Marc Christian Kabor\u00e9, la mission du MRNCS, le processus d\u2019\u00e9laboration de la Strat\u00e9gie nationale de r\u00e9conciliation et du Pacte du Vivre-ensemble et les outils de collectes des donn\u00e9es.<\/p>\n<p><em>\u00abL\u2019objectif de cette rencontre est de clarifier le r\u00f4le et la contribution de chacun des acteurs que nous sommes dans la conduite du processus de r\u00e9conciliation nationale. De m\u00eame, la collecte de donn\u00e9es est primordiale pour la prise en compte de tous les besoins de r\u00e9conciliation entre fils et filles du Burkina Faso\u00bb,<\/em> a d\u00e9clar\u00e9 M. Diabr\u00e9.<\/p>\n<p><img decoding=\"async\" loading=\"lazy\" class=\"alignnone wp-image-36066\" src=\"https:\/\/www.sidwaya.info\/wp-content\/uploads\/2021\/06\/1-3-1-300x200.jpg\" alt=\"\" width=\"414\" height=\"276\" srcset=\"https:\/\/www.sidwaya.info\/wp-content\/uploads\/2021\/06\/1-3-1-300x200.jpg 300w, https:\/\/www.sidwaya.info\/wp-content\/uploads\/2021\/06\/1-3-1-768x512.jpg 768w, https:\/\/www.sidwaya.info\/wp-content\/uploads\/2021\/06\/1-3-1-150x100.jpg 150w, https:\/\/www.sidwaya.info\/wp-content\/uploads\/2021\/06\/1-3-1-696x464.jpg 696w, https:\/\/www.sidwaya.info\/wp-content\/uploads\/2021\/06\/1-3-1-630x420.jpg 630w, https:\/\/www.sidwaya.info\/wp-content\/uploads\/2021\/06\/1-3-1.jpg 900w\" sizes=\"auto, (max-width: 414px) 100vw, 414px\"\/>Il a traduit sa gratitude \u00e0 l\u2019endroit des autorit\u00e9s locales des trois r\u00e9gions pour les efforts consentis dans la pr\u00e9s\u00e9lection des points focaux qui sont charg\u00e9s de la collecte des donn\u00e9es. <em>\u00abJe vous invite d\u00e8s lors \u00e0 engager votre patriotisme et votre int\u00e9grit\u00e9 dans la noble mission qui est la v\u00f4tre, \u00e0 savoir collecter les donn\u00e9es qui serviront de base \u00e0 la r\u00e9conciliation nationale aupr\u00e8s des personnes ressources de vos communes respectives\u00bb,<\/em> a souhait\u00e9 le ministre en charge de la R\u00e9conciliation nationale.<\/p>\n<p>A l\u2019entendre, les autorit\u00e9s locales auront, quant \u00e0 elles, pour t\u00e2che d\u2019organiser des concertations communales en vue d\u2019une participation populaire et de l\u2019obtention d\u2019un consensus autour de la synth\u00e8se des donn\u00e9es collect\u00e9es. M. Diabr\u00e9 a \u00e9galement remerci\u00e9 le Programme des Nations unies pour le d\u00e9veloppement (PNUD) pour son accompagnement financier dans ce processus de r\u00e9conciliation nationale et de coh\u00e9sion sociale. <em>\u00abLes efforts du PNUD comme partenaire de la r\u00e9conciliation au Burkina Faso sont constants depuis la cr\u00e9ation du Haut conseil pour la r\u00e9conciliation et l\u2019unit\u00e9 nationale (HCRUN) jusqu\u2019\u00e0 nos jours et m\u00e9ritent d\u2019\u00eatre salu\u00e9s\u00bb,<\/em> s\u2019est-il r\u00e9joui.<\/p>\n<p><strong>Emil Abdoul Razak SEGDA<\/strong><\/p>\n<p><strong>Issouf OUEDRAOGO (Stagiaire)<\/strong><\/p>\n<div class=\"td-a-rec td-a-rec-id-content_bottom tdi_33_455 td_block_template_1\">\n<p><img loading=\"lazy\" decoding=\"async\" class=\"aligncenter size-full wp-image-27454\" src=\"https:\/\/www.sidwaya.info\/wp-content\/uploads\/2020\/10\/PUB-Bandeau-paiement-mobile-siteweb.jpg\" alt=\"\" width=\"728\" height=\"90\"\/><\/div>\n<p>Auteur: Wamini SIDWAYA<br \/>\n<a href=\"https:\/\/www.sidwaya.info\/blog\/2021\/06\/04\/reconciliation-nationale-la-demarche-devoilee-aux-acteurs-du-sahel-centre-nord-et-plateau-central\/\">Cliquez ici pour lire l&rsquo;article depuis sa source.<\/a><\/p>\n","protected":false},"excerpt":{"rendered":"<p>Le ministre d\u2019Etat, ministre de la R\u00e9conciliation nationale et de la Coh\u00e9sion sociale, Z\u00e9pherin Diabr\u00e9 a pr\u00e9sid\u00e9, le jeudi 3 juin 2021 \u00e0 Kaya, un atelier de renforcement des capacit\u00e9s des autorit\u00e9s locales et des points focaux des r\u00e9gions du Sahel, du Centre-Nord et du Plateau-Central sur, entre autres, la vision et la d\u00e9marche de [&hellip;]<\/p>\n","protected":false},"author":1816,"featured_media":0,"comment_status":"closed","ping_status":"closed","sticky":false,"template":"","format":"standard","meta":{"fifu_image_url":"https:\/\/www.sidwaya.info\/wp-content\/uploads\/2021\/06\/2-3-696x696.jpg","fifu_image_alt":"R\u00e9conciliation nationale\u00a0: La d\u00e9marche d\u00e9voil\u00e9e aux acteurs du Sahel, Centre-Nord et Plateau Central","footnotes":""},"categories":[73,81],"tags":[],"class_list":["post-118027","post","type-post","status-publish","format-standard","hentry","category-actualite","category-burkina-faso"],"_links":{"self":[{"href":"https:\/\/linitiative.ca\/International\/wp-json\/wp\/v2\/posts\/118027","targetHints":{"allow":["GET"]}}],"collection":[{"href":"https:\/\/linitiative.ca\/International\/wp-json\/wp\/v2\/posts"}],"about":[{"href":"https:\/\/linitiative.ca\/International\/wp-json\/wp\/v2\/types\/post"}],"author":[{"embeddable":true,"href":"https:\/\/linitiative.ca\/International\/wp-json\/wp\/v2\/users\/1816"}],"replies":[{"embeddable":true,"href":"https:\/\/linitiative.ca\/International\/wp-json\/wp\/v2\/comments?post=118027"}],"version-history":[{"count":0,"href":"https:\/\/linitiative.ca\/International\/wp-json\/wp\/v2\/posts\/118027\/revisions"}],"wp:attachment":[{"href":"https:\/\/linitiative.ca\/International\/wp-json\/wp\/v2\/media?parent=118027"}],"wp:term":[{"taxonomy":"category","embeddable":true,"href":"https:\/\/linitiative.ca\/International\/wp-json\/wp\/v2\/categories?post=118027"},{"taxonomy":"post_tag","embeddable":true,"href":"https:\/\/linitiative.ca\/International\/wp-json\/wp\/v2\/tags?post=118027"}],"curies":[{"name":"wp","href":"https:\/\/api.w.org\/{rel}","templated":true}]}}