{"id":118028,"date":"2021-06-04T14:18:02","date_gmt":"2021-06-04T18:18:02","guid":{"rendered":"https:\/\/linitiative.ca\/International\/cote-divoire-citoyens-et-entreprises-appeles-a-adopter-la-pensee-verte\/"},"modified":"2021-06-04T14:18:02","modified_gmt":"2021-06-04T18:18:02","slug":"cote-divoire-citoyens-et-entreprises-appeles-a-adopter-la-pensee-verte","status":"publish","type":"post","link":"https:\/\/linitiative.ca\/International\/cote-divoire-citoyens-et-entreprises-appeles-a-adopter-la-pensee-verte\/","title":{"rendered":"C\u00f4te d\u2019Ivoire: citoyens et entreprises appel\u00e9s \u00e0 \u00ab adopter la pens\u00e9e verte \u00bb"},"content":{"rendered":"<div readability=\"32\">\n<p>Publi\u00e9 le 04.06.2021 \u00e0 19h18 par APA News<\/p>\n<\/div>\n<div readability=\"108\">\n<p>Le ministre ivoirien de l\u2019Environnement et du d\u00e9veloppement durable, Jean-Luc Assi, a invit\u00e9 vendredi les citoyens, les collectivit\u00e9s et les entreprises \u00e0 \u00ab adopter la pens\u00e9e verte \u00bb afin de pr\u00e9server l\u2019environnement, \u00e0 l\u2019occasion de la Journ\u00e9e mondiale de l\u2019environnement.<\/p>\n<p>\u00ab Citoyens de la C\u00f4te d\u2019Ivoire, j\u2019en appelle \u00e0 l\u2019adoption de la pens\u00e9e verte les 5 juin de chaque ann\u00e9e \u00bb, marquant la Journ\u00e9e mondiale de l\u2019environnement, a lanc\u00e9 M. Jean-Luc Assi, qui a lanc\u00e9 la \u00ab Quinzaine nationale de l\u2019environnement et du d\u00e9veloppement durable (QNEDD 2021) \u00bb.<\/p>\n<p>Il a en outre interpell\u00e9 les citoyens, les collectivit\u00e9s, les entreprises et les agriculteurs sur \u00ab le sens de leur responsabilit\u00e9 dans la protection et la pr\u00e9servation de l\u2019environnement \u00bb. Car, \u00ab c\u2019est ensemble que nous pouvons donner vie \u00e0 nos \u00e9cosyst\u00e8mes \u00bb. \u00a0<\/p>\n<p>M. Assi a fait observer qu\u2019aujourd\u2019hui \u00ab\u00a0en C\u00f4te d\u2019Ivoire, les activit\u00e9s agricoles, les am\u00e9nagements divers, l\u2019urbanisation et l\u2019exploitation foresti\u00e8re et mini\u00e8re limitent la biodiversit\u00e9\u00a0\u00bb, au point que \u00ab\u00a0le pays ne dispose qu\u2019environ 3 millions d\u2019hectares de for\u00eats, pr\u00e8s de 90\u00a0% de moins qu\u2019au d\u00e9but des ann\u00e9es 1960 \u00bb. \u00a0\u00a0<\/p>\n<p>Ce concept, soutiendra-il, \u00ab est en lien avec la restauration des \u00e9cosyst\u00e8mes et peut prendre de nombreuses formes, c\u2019est-\u00e0-dire planter des arbres, verdir les villes, r\u00e9am\u00e9nager les jardins, changer les r\u00e9gimes alimentaires ou assainir les fleuves et les c\u00f4tes \u00bb. \u00a0<\/p>\n<p>Il a appel\u00e9 \u00e0 \u00ab un Ivoirien \u00e9co-citoyen dont les gestes les plus infirment pr\u00e9servant son environnement, restaurent son \u00e9cosyst\u00e8me chaque jour partout o\u00f9 ils sont d\u00e9grad\u00e9s \u00bb. Une attitude en phase avec le th\u00e8me de la journ\u00e9e : \u00ab Restaurer les \u00e9cosyst\u00e8mes \u00bb. \u00a0 \u00a0<\/p>\n<p>Le slogan national, lui, est \u00abEnsemble redonnons vie \u00e0 la nature\u00a0\u00bb. Pour renforcer ses actions de lutte contre la d\u00e9gradation des \u00e9cosyst\u00e8mes, le pays s\u2019est dot\u00e9 d\u2019une brigade d\u2019une cuv\u00e9e de 650 commandos d\u00e9ploy\u00e9e sur le terrain le 6 ao\u00fbt 2020 apr\u00e8s une formation d\u2019environ deux ans.<\/p>\n<p>Le pays a \u00e9galement lanc\u00e9 le Projet approche de durabilit\u00e9 et de mise \u00e0 l\u2019\u00e9chelle pour la transformation de la gestion, la restauration des paysages forestiers et la biodiversit\u00e9 en C\u00f4te d\u2019Ivoire\u00a0; et a cr\u00e9\u00e9 r\u00e9cemment un Parc national d\u00e9nomm\u00e9 Mabi-Yaya.<\/p>\n<p>Des repr\u00e9sentants du syst\u00e8me des Nations Unies en C\u00f4te d\u2019Ivoire ont pris part \u00e0 cette Journ\u00e9e. Le message du secr\u00e9taire g\u00e9n\u00e9ral de l\u2019organisation port\u00e9, ressort que \u00ab d\u2019apr\u00e8s la science, ces 10 prochaines ann\u00e9es sont notre chance ultime d\u2019emp\u00eacher une catastrophe climatique, d\u2019endiguer le flux de pollution et de mettre fin \u00e0 l\u2019extinction des esp\u00e8ces \u00bb. \u00a0\u00a0<\/p>\n<p>Chaque 5 juin se tient la Journ\u00e9e mondiale de l\u2019environnement. Selon les Nations Unies, environ 4,7 millions d\u2019hectares de for\u00eats tropicales sont perdus par an dans le monde. En Afrique, l\u2019\u00e9cosyst\u00e8me fait l\u2019objet de surexploitation, ce qui cause la d\u00e9gradation du milieu naturel. \u00a0<\/p>\n<\/div>\n<p>Auteur: APA News<br \/>\n<a href=\"https:\/\/www.journalducameroun.com\/cote-divoire-citoyens-et-entreprises-appeles-a-adopter-la-pensee-verte\/\">Cliquez ici pour lire l&rsquo;article depuis sa source.<\/a><\/p>\n","protected":false},"excerpt":{"rendered":"<p>Publi\u00e9 le 04.06.2021 \u00e0 19h18 par APA News Le ministre ivoirien de l\u2019Environnement et du d\u00e9veloppement durable, Jean-Luc Assi, a invit\u00e9 vendredi les citoyens, les collectivit\u00e9s et les entreprises \u00e0 \u00ab adopter la pens\u00e9e verte \u00bb afin de pr\u00e9server l\u2019environnement, \u00e0 l\u2019occasion de la Journ\u00e9e mondiale de l\u2019environnement. \u00ab Citoyens de la C\u00f4te d\u2019Ivoire, j\u2019en [&hellip;]<\/p>\n","protected":false},"author":1965,"featured_media":0,"comment_status":"closed","ping_status":"closed","sticky":false,"template":"","format":"standard","meta":{"fifu_image_url":"","fifu_image_alt":"","footnotes":""},"categories":[73,82],"tags":[],"class_list":["post-118028","post","type-post","status-publish","format-standard","hentry","category-actualite","category-cameroun"],"_links":{"self":[{"href":"https:\/\/linitiative.ca\/International\/wp-json\/wp\/v2\/posts\/118028","targetHints":{"allow":["GET"]}}],"collection":[{"href":"https:\/\/linitiative.ca\/International\/wp-json\/wp\/v2\/posts"}],"about":[{"href":"https:\/\/linitiative.ca\/International\/wp-json\/wp\/v2\/types\/post"}],"author":[{"embeddable":true,"href":"https:\/\/linitiative.ca\/International\/wp-json\/wp\/v2\/users\/1965"}],"replies":[{"embeddable":true,"href":"https:\/\/linitiative.ca\/International\/wp-json\/wp\/v2\/comments?post=118028"}],"version-history":[{"count":0,"href":"https:\/\/linitiative.ca\/International\/wp-json\/wp\/v2\/posts\/118028\/revisions"}],"wp:attachment":[{"href":"https:\/\/linitiative.ca\/International\/wp-json\/wp\/v2\/media?parent=118028"}],"wp:term":[{"taxonomy":"category","embeddable":true,"href":"https:\/\/linitiative.ca\/International\/wp-json\/wp\/v2\/categories?post=118028"},{"taxonomy":"post_tag","embeddable":true,"href":"https:\/\/linitiative.ca\/International\/wp-json\/wp\/v2\/tags?post=118028"}],"curies":[{"name":"wp","href":"https:\/\/api.w.org\/{rel}","templated":true}]}}