{"id":118029,"date":"2021-06-04T14:18:02","date_gmt":"2021-06-04T18:18:02","guid":{"rendered":"https:\/\/linitiative.ca\/International\/tchad-denis-sassou-nguesso-alerte-sur-la-necessite-de-preserver-la-paix\/"},"modified":"2021-06-04T14:18:02","modified_gmt":"2021-06-04T18:18:02","slug":"tchad-denis-sassou-nguesso-alerte-sur-la-necessite-de-preserver-la-paix","status":"publish","type":"post","link":"https:\/\/linitiative.ca\/International\/tchad-denis-sassou-nguesso-alerte-sur-la-necessite-de-preserver-la-paix\/","title":{"rendered":"Tchad: Denis Sassou N\u2019Guesso alerte sur la n\u00e9cessit\u00e9 de pr\u00e9server la paix"},"content":{"rendered":"<div readability=\"32\">\n<p>Publi\u00e9 le 04.06.2021 \u00e0 19h18 par APA News<\/p>\n<\/div>\n<div readability=\"78\">\n<p>Le pr\u00e9sident congolais a invit\u00e9 ses pairs \u00e0 un engagement encore plus fort au service d\u2019une transition apais\u00e9e au Tchad.Une d\u00e9stabilisation du Tchad serait lourde de cons\u00e9quences pour plusieurs pays africains. Conscient de cette r\u00e9alit\u00e9, les pays de la Communaut\u00e9 Economique des \u00c9tats de l\u2019Afrique centrale (CEEAC) tiennent un Sommet extraordinaire ce vendredi sur la situation de ce pays cl\u00e9 dans la lutte contre le terrorisme en Afrique.<\/p>\n<p>\u00ab Dans la phase d\u00e9licate que traverse ce pays fr\u00e8re, nous devrons prendre toute la mesure des enjeux politiques, diplomatiques et s\u00e9curitaires pour notre communaut\u00e9 et avoir \u00e0 l\u2019esprit leur importance g\u00e9ostrat\u00e9gique pour l\u2019avenir de notre sous-r\u00e9gion \u00bb, a d\u00e9clar\u00e9 le pr\u00e9sident congolais, Denis Sassou N\u2019Guesso, h\u00f4te de cette rencontre.<\/p>\n<p>\u00ab Notre devoir et notre responsabilit\u00e9 \u00e0 l\u2019\u00e9gard de la sous-r\u00e9gion nous interpellent, une fois encore, aujourd\u2019hui \u00bb, a ajout\u00e9 le pr\u00e9sident en exercice de la CEEAC.<\/p>\n<p>Partant de l\u00e0, il a invit\u00e9 les autres dirigeants de l\u2019Afrique centrale \u00ab \u00e0 un engagement encore plus fort au service d\u2019une transition apais\u00e9e\u00a0\u00bb au Tchad.<\/p>\n<p>Participant \u00e0 ce sommet, le pr\u00e9sident de la Commission de l\u2019Union africaine (UA), Moussa Faki Mahamat a \u00e9voqu\u00e9 la n\u00e9cessit\u00e9 d\u2019accompagner le Tchad dans sa transition. Dans la foul\u00e9e, il a rappel\u00e9 la nomination du S\u00e9n\u00e9galais Ibrahima Fall comme Haut repr\u00e9sentant de l\u2019UA au Tchad et celle du Congolais Basile Ikweli comme repr\u00e9sentant sp\u00e9cial et chef du bureau de liaison de l\u2019UA \u00e0 N\u2019Djamena.<\/p>\n<p>\u00ab Avec la conjugaison des efforts de tous les Africains, de l\u2019UA et de la CEAAC, le Tchad peut conna\u00eetre une transition pacifique \u00bb, a dit Moussa Faki Mahamat.<\/p>\n<p>Le Chef de l\u2019Etat tchadien, Mahamat Idriss Deby, qui dirige le pays depuis la mort de son p\u00e8re Idriss Deby Itno en avril dernier, s\u2019est fait repr\u00e9senter par son Premier ministre, Pahimi Padack\u00e9 Albert.<\/p>\n<\/div>\n<p>Auteur: APA News<br \/>\n<a href=\"https:\/\/www.journalducameroun.com\/tchad-denis-sassou-nguesso-alerte-sur-la-necessite-de-preserver-la-paix\/\">Cliquez ici pour lire l&rsquo;article depuis sa source.<\/a><\/p>\n","protected":false},"excerpt":{"rendered":"<p>Publi\u00e9 le 04.06.2021 \u00e0 19h18 par APA News Le pr\u00e9sident congolais a invit\u00e9 ses pairs \u00e0 un engagement encore plus fort au service d\u2019une transition apais\u00e9e au Tchad.Une d\u00e9stabilisation du Tchad serait lourde de cons\u00e9quences pour plusieurs pays africains. Conscient de cette r\u00e9alit\u00e9, les pays de la Communaut\u00e9 Economique des \u00c9tats de l\u2019Afrique centrale (CEEAC) [&hellip;]<\/p>\n","protected":false},"author":1965,"featured_media":0,"comment_status":"closed","ping_status":"closed","sticky":false,"template":"","format":"standard","meta":{"fifu_image_url":"","fifu_image_alt":"","footnotes":""},"categories":[73,82],"tags":[],"class_list":["post-118029","post","type-post","status-publish","format-standard","hentry","category-actualite","category-cameroun"],"_links":{"self":[{"href":"https:\/\/linitiative.ca\/International\/wp-json\/wp\/v2\/posts\/118029","targetHints":{"allow":["GET"]}}],"collection":[{"href":"https:\/\/linitiative.ca\/International\/wp-json\/wp\/v2\/posts"}],"about":[{"href":"https:\/\/linitiative.ca\/International\/wp-json\/wp\/v2\/types\/post"}],"author":[{"embeddable":true,"href":"https:\/\/linitiative.ca\/International\/wp-json\/wp\/v2\/users\/1965"}],"replies":[{"embeddable":true,"href":"https:\/\/linitiative.ca\/International\/wp-json\/wp\/v2\/comments?post=118029"}],"version-history":[{"count":0,"href":"https:\/\/linitiative.ca\/International\/wp-json\/wp\/v2\/posts\/118029\/revisions"}],"wp:attachment":[{"href":"https:\/\/linitiative.ca\/International\/wp-json\/wp\/v2\/media?parent=118029"}],"wp:term":[{"taxonomy":"category","embeddable":true,"href":"https:\/\/linitiative.ca\/International\/wp-json\/wp\/v2\/categories?post=118029"},{"taxonomy":"post_tag","embeddable":true,"href":"https:\/\/linitiative.ca\/International\/wp-json\/wp\/v2\/tags?post=118029"}],"curies":[{"name":"wp","href":"https:\/\/api.w.org\/{rel}","templated":true}]}}