{"id":118030,"date":"2021-06-04T15:18:02","date_gmt":"2021-06-04T19:18:02","guid":{"rendered":"https:\/\/linitiative.ca\/International\/la-cote-divoire-recherche-des-investisseurs-pour-renforcer-son-mix-energetique\/"},"modified":"2021-06-04T15:18:02","modified_gmt":"2021-06-04T19:18:02","slug":"la-cote-divoire-recherche-des-investisseurs-pour-renforcer-son-mix-energetique","status":"publish","type":"post","link":"https:\/\/linitiative.ca\/International\/la-cote-divoire-recherche-des-investisseurs-pour-renforcer-son-mix-energetique\/","title":{"rendered":"La C\u00f4te d\u2019Ivoire \u00abrecherche des investisseurs\u00bb pour renforcer son mix \u00e9nerg\u00e9tique"},"content":{"rendered":"<div readability=\"32\">\n<p>Publi\u00e9 le 04.06.2021 \u00e0 20h18 par APA News<\/p>\n<\/div>\n<div readability=\"89\">\n<p>La C\u00f4te d\u2019Ivoire, qui fait face \u00e0 un d\u00e9ficit d\u2019\u00e9lectricit\u00e9 de plus de 200 m\u00e9gawatts, \u00abrecherche des investisseurs\u00bb pour renforcer son mix \u00e9nerg\u00e9tique, notamment avec les \u00e9nergies renouvelables.<\/p>\n<p>Cet appel a \u00e9t\u00e9 lanc\u00e9, vendredi, par le ministre de la Promotion de l\u2019Investissement et du d\u00e9veloppement du secteur priv\u00e9, Emmanuel Esmel Essis, \u00e0 l\u2019occasion d\u2019un mini-forum \u00e9conomique ivoiro-fran\u00e7ais, tenu au si\u00e8ge du Patronat ivoirien, \u00e0 Abidjan. \u00a0 \u00a0<\/p>\n<p>\u00ab\u00a0Au niveau \u00e9nerg\u00e9tique, bien qu\u2019autosuffisante en \u00e9lectricit\u00e9, la C\u00f4te d\u2019Ivoire attend r\u00e9aliser des investissements dans le but d\u2019accro\u00eetre la capacit\u00e9 install\u00e9e de 2.300 MW \u00e0 4.000 MW et de faire face aux besoins futurs de l\u2019industrie\u00a0\u00bb, a dit M. Emmanuel Essis dans un discours.<\/p>\n<p>Il a not\u00e9 que \u00ab dans ce secteur, les opportunit\u00e9s existent dans les \u00e9nergies renouvelables o\u00f9 l\u2019Etat de C\u00f4te d\u2019Ivoire recherche des investisseurs pour la construction et l\u2019exploitation de mini-barrages hydro\u00e9lectriques, de centrales solaires photovolta\u00efques et de centrales \u00e0 biomasse \u00bb.\u00a0<\/p>\n<p>\u00ab L\u2019exploitation des r\u00e9serves de p\u00e9trole et de gaz estim\u00e9es respectivement \u00e0 plus de 100 millions de barils et \u00e0 30 milliards de m\u00e8tres cubes offre de r\u00e9elles opportunit\u00e9s d\u2019investissements dans l\u2019exploration, la fourniture d\u2019\u00e9quipements, la production, le raffinage, le stockage, le transport et la distribution d\u2019hydrocarbures \u00bb, a-t-il ajout\u00e9. \u00a0<\/p>\n<p>Ces ressources, notamment le gaz, n\u00e9cessaires au fonctionnement des centrales thermiques, \u00ab fournissant environ le tiers de la production nationale d\u2019\u00e9lectricit\u00e9 \u00bb, a fait observer M. Essis face \u00e0 des chefs d\u2019entreprises fran\u00e7aises. \u00a0<\/p>\n<p>Avec plus de 825 millions d\u2019euros d\u2019investissements priv\u00e9s directs agr\u00e9\u00e9s au CEPICI, le Guichet unique de l\u2019investissement en C\u00f4te d\u2019Ivoire, de 2013 \u00e0 2020, la France se hisse au premier rang des pays pourvoyeurs d\u2019IDE (Investissements directs \u00e9trangers) enregistr\u00e9s par cette institution.<\/p>\n<\/div>\n<p>Auteur: APA News<br \/>\n<a href=\"https:\/\/www.journalducameroun.com\/la-cote-divoire-recherche-des-investisseurs-pour-renforcer-son-mix-energetique\/\">Cliquez ici pour lire l&rsquo;article depuis sa source.<\/a><\/p>\n","protected":false},"excerpt":{"rendered":"<p>Publi\u00e9 le 04.06.2021 \u00e0 20h18 par APA News La C\u00f4te d\u2019Ivoire, qui fait face \u00e0 un d\u00e9ficit d\u2019\u00e9lectricit\u00e9 de plus de 200 m\u00e9gawatts, \u00abrecherche des investisseurs\u00bb pour renforcer son mix \u00e9nerg\u00e9tique, notamment avec les \u00e9nergies renouvelables. Cet appel a \u00e9t\u00e9 lanc\u00e9, vendredi, par le ministre de la Promotion de l\u2019Investissement et du d\u00e9veloppement du secteur [&hellip;]<\/p>\n","protected":false},"author":1965,"featured_media":0,"comment_status":"closed","ping_status":"closed","sticky":false,"template":"","format":"standard","meta":{"fifu_image_url":"","fifu_image_alt":"","footnotes":""},"categories":[73,82],"tags":[],"class_list":["post-118030","post","type-post","status-publish","format-standard","hentry","category-actualite","category-cameroun"],"_links":{"self":[{"href":"https:\/\/linitiative.ca\/International\/wp-json\/wp\/v2\/posts\/118030","targetHints":{"allow":["GET"]}}],"collection":[{"href":"https:\/\/linitiative.ca\/International\/wp-json\/wp\/v2\/posts"}],"about":[{"href":"https:\/\/linitiative.ca\/International\/wp-json\/wp\/v2\/types\/post"}],"author":[{"embeddable":true,"href":"https:\/\/linitiative.ca\/International\/wp-json\/wp\/v2\/users\/1965"}],"replies":[{"embeddable":true,"href":"https:\/\/linitiative.ca\/International\/wp-json\/wp\/v2\/comments?post=118030"}],"version-history":[{"count":0,"href":"https:\/\/linitiative.ca\/International\/wp-json\/wp\/v2\/posts\/118030\/revisions"}],"wp:attachment":[{"href":"https:\/\/linitiative.ca\/International\/wp-json\/wp\/v2\/media?parent=118030"}],"wp:term":[{"taxonomy":"category","embeddable":true,"href":"https:\/\/linitiative.ca\/International\/wp-json\/wp\/v2\/categories?post=118030"},{"taxonomy":"post_tag","embeddable":true,"href":"https:\/\/linitiative.ca\/International\/wp-json\/wp\/v2\/tags?post=118030"}],"curies":[{"name":"wp","href":"https:\/\/api.w.org\/{rel}","templated":true}]}}