{"id":118031,"date":"2021-06-04T15:18:03","date_gmt":"2021-06-04T19:18:03","guid":{"rendered":"https:\/\/linitiative.ca\/International\/decryptage-france-risque-elle-de-perdre-le-mali\/"},"modified":"2021-06-04T15:18:03","modified_gmt":"2021-06-04T19:18:03","slug":"decryptage-france-risque-elle-de-perdre-le-mali","status":"publish","type":"post","link":"https:\/\/linitiative.ca\/International\/decryptage-france-risque-elle-de-perdre-le-mali\/","title":{"rendered":"D\u00e9cryptage: France risque \u2013elle  de perdre le Mali?"},"content":{"rendered":"<div readability=\"32\">\n<p>Publi\u00e9 le 04.06.2021 \u00e0 20h18 par APA News<\/p>\n<\/div>\n<div readability=\"114\">\n<p>Boubacar Haidara, professeur \u00e0 l\u2019universit\u00e9 de S\u00e9gou (Centre du Mali) et chercheur associ\u00e9 au laboratoire Les Afriques dans le monde (LAM) \u00e0 l\u2019universit\u00e9 Bordeaux-Montaigne, d\u00e9crypte pour Apa news les cons\u00e9quences \u00e9ventuelles de la suspension, annonc\u00e9e jeudi, par la France de sa coop\u00e9ration militaire avec le Mali. .<\/p>\n<p>La d\u00e9cision fran\u00e7aise, annonc\u00e9e jeudi 3 juin par un communiqu\u00e9 du minist\u00e8re des Affaires \u00e9trang\u00e8res, de suspendre sa coop\u00e9ration militaire avec le Mali est-elle une surprise?<\/p>\n<p>On savait que la France n\u2019avait \u00a0pas appr\u00e9ci\u00e9 ce que le pr\u00e9sident Emmanuel Macron a qualifi\u00e9 dans un entretien publi\u00e9 dans la derni\u00e8re \u00e9dition du Journal du Dimanche de \u00ab coup d\u2019\u00e9tat dans le coup d\u2019\u00e9tat \u00bb. Il faisait allusion au \u00a0renversement le 24 mai du pr\u00e9sident de la transition Bah Ndaw et son premier ministre Moctar Ouane qui \u00e9taient cens\u00e9s conduire le Mali vers des \u00e9lections g\u00e9n\u00e9rales destin\u00e9es \u00e0 normaliser la vie politique apr\u00e8s le renversement en ao\u00fbt dernier, par le m\u00eame groupe d\u2019officiers, du pr\u00e9sident Ibrahim Boubacar Ke\u00efta dit IBK.<\/p>\n<p>Dans le m\u00eame entretien, le chef de l\u2019Etat fran\u00e7ais a certes menac\u00e9 de retirer ses troupes, si jamais les putschistes ne respectent leur promesse d\u2019organiser une transition d\u00e9mocratique conform\u00e9ment au calendrier d\u00e9j\u00e0 fix\u00e9, ou s\u2019ils \u00e9taient tent\u00e9s par un glissement vers \u00ab\u00a0l\u2019islamisme radical\u00a0\u00bb, selon ses propres mots.\u00a0<\/p>\n<p>Cependant, depuis les d\u00e9cisions prises par la Communaut\u00e9 des Etats \u00c9conomique des Etats de l\u2019Afrique de l\u2019Ouest (C\u00e9d\u00e9ao) et l\u2019Union africaine (UA) de suspendre le Mali de toute activit\u00e9 au sein de leurs instances, les autorit\u00e9s fran\u00e7aises avaient affirm\u00e9 qu\u2019elles se rangeaient derri\u00e8re les positions de ces deux organisations africaines.<\/p>\n<p>L\u2019annonce faite jeudi, 3 juin, dans un communiqu\u00e9 du minist\u00e8re des Affaires \u00e9trang\u00e8res fran\u00e7ais de la suspension de la coop\u00e9ration entre les arm\u00e9es des deux pays, qui combattent les groupes jihadistes dans le nord du Mali depuis 2013, n\u2019\u00e9tait donc pas attendue, malgr\u00e9 les propos muscl\u00e9s tenus par le pr\u00e9sident fran\u00e7ais le weekend dernier. A Bamako, ces propos avaient \u00e9t\u00e9 per\u00e7us davantage comme un coup de pression suppl\u00e9mentaire sur les putschistes pour remettre le pouvoir aux civils au plus vite que comme une id\u00e9e s\u00e9rieusement envisag\u00e9e par les autorit\u00e9s fran\u00e7aises. Cette d\u00e9cision est, donc, une vraie surprise.<\/p>\n<p>Quelles seraient les cons\u00e9quences \u00e9ventuelles d\u2019une telle d\u00e9cision sur le terrain.?<\/p>\n<p>M\u00eame si la France se garde pour l\u2019instant d\u2019annoncer un retrait prochain de ses 5100 soldats engag\u00e9s contre les jihadistes au Mali et dans le reste du Sahel, elle coupe toute coop\u00e9ration sur le terrain avec l\u2019arm\u00e9e malienne. Cette d\u00e9cision qui signifie que l\u2019op\u00e9ration Barkhane agira d\u00e9sormais en solitaire sur le terrain, est accompagn\u00e9e par l\u2019arr\u00eat imm\u00e9diat de toute aide aux forces arm\u00e9es et de s\u00e9curit\u00e9 maliennes, y compris dans le cadre de Takuba, la \u00abtask force\u00bb compos\u00e9e de forces sp\u00e9ciales d\u00e9di\u00e9es \u00e0 l\u2019accompagnement au combat les unit\u00e9s maliennes Qui est aussi suspendue.\u00a0Une d\u00e9cision qui risque d\u2019avoir un impact lourd sur les\u00a0militaires maliens sur le terrain. Ils se retrouvent d\u00e9sormais d\u00e9munis face \u00e0 des combattants \u00a0jihadistes de plus en plus nombreux et violents. Autant dire que cette d\u00e9cision fran\u00e7aise est pleine de risque pour le Mali et le Sahel. Elle risque d\u2019ouvrir un grand boulevard pour les jihadistes qui n\u2019ont toujours pas renonc\u00e9 \u00e0 leur projet initial de prendre le contr\u00f4le de tout le pays.\u00a0<\/p>\n<p>Que peuvent faire les militaires maliens apr\u00e8s une telle suspension de la coop\u00e9ration fran\u00e7aise?<\/p>\n<p>Leurs choix sont limit\u00e9s. Un des sc\u00e9narios extr\u00eames mais pas impossible est que les putschistes, qui ont toujours affirm\u00e9 \u00eatre dispos\u00e9s \u00e0 discuter avec les jihadistes, s\u2019engagent dans la voie d\u2019un rapprochement avec ces derniers. A d\u00e9faut d\u2019un accord de paix en bonne et due forme, ils pourraient envisager de faire des concessions majeures pour obtenir au moins un cessez-le-feu. Des contacts existent entre les deux parties. Des membres du Haut Conseil islamique, qui est un organe \u00e9tatique, sont en relations avec des leaders maliens du Groupe pour le soutien de l\u2019Islam et des Musulman, plus connu par son acronyme en langue arabe Jnim.\u00a0<\/p>\n<p>Les putschistes pourraient aussi vouloir remplacer l\u2019arm\u00e9e fran\u00e7aise par celle d\u2019une autre puissance comme la Russie ou la Turquie, dont les ambitions en Afrique sont de plus en plus affich\u00e9es.\u00a0<\/p>\n<p>Ces deux sc\u00e9narios ne s\u2019excluent pas mutuellement. S\u2019ils venaient \u00e0 \u00eatre traduits dans les faits, ce serait non seulement dangereux pour le Mali et la sous-r\u00e9gion sah\u00e9lienne. Cela signifierait aussi l\u2019\u00e9chec pure et simple de l\u2019intervention militaire fran\u00e7aise au Mali.\u00a0<\/p>\n<\/div>\n<p>Auteur: APA News<br \/>\n<a href=\"https:\/\/www.journalducameroun.com\/decryptage-france-risque-elle-de-perdre-le-mali\/\">Cliquez ici pour lire l&rsquo;article depuis sa source.<\/a><\/p>\n","protected":false},"excerpt":{"rendered":"<p>Publi\u00e9 le 04.06.2021 \u00e0 20h18 par APA News Boubacar Haidara, professeur \u00e0 l\u2019universit\u00e9 de S\u00e9gou (Centre du Mali) et chercheur associ\u00e9 au laboratoire Les Afriques dans le monde (LAM) \u00e0 l\u2019universit\u00e9 Bordeaux-Montaigne, d\u00e9crypte pour Apa news les cons\u00e9quences \u00e9ventuelles de la suspension, annonc\u00e9e jeudi, par la France de sa coop\u00e9ration militaire avec le Mali. . [&hellip;]<\/p>\n","protected":false},"author":1965,"featured_media":0,"comment_status":"closed","ping_status":"closed","sticky":false,"template":"","format":"standard","meta":{"fifu_image_url":"","fifu_image_alt":"","footnotes":""},"categories":[73,82],"tags":[],"class_list":["post-118031","post","type-post","status-publish","format-standard","hentry","category-actualite","category-cameroun"],"_links":{"self":[{"href":"https:\/\/linitiative.ca\/International\/wp-json\/wp\/v2\/posts\/118031","targetHints":{"allow":["GET"]}}],"collection":[{"href":"https:\/\/linitiative.ca\/International\/wp-json\/wp\/v2\/posts"}],"about":[{"href":"https:\/\/linitiative.ca\/International\/wp-json\/wp\/v2\/types\/post"}],"author":[{"embeddable":true,"href":"https:\/\/linitiative.ca\/International\/wp-json\/wp\/v2\/users\/1965"}],"replies":[{"embeddable":true,"href":"https:\/\/linitiative.ca\/International\/wp-json\/wp\/v2\/comments?post=118031"}],"version-history":[{"count":0,"href":"https:\/\/linitiative.ca\/International\/wp-json\/wp\/v2\/posts\/118031\/revisions"}],"wp:attachment":[{"href":"https:\/\/linitiative.ca\/International\/wp-json\/wp\/v2\/media?parent=118031"}],"wp:term":[{"taxonomy":"category","embeddable":true,"href":"https:\/\/linitiative.ca\/International\/wp-json\/wp\/v2\/categories?post=118031"},{"taxonomy":"post_tag","embeddable":true,"href":"https:\/\/linitiative.ca\/International\/wp-json\/wp\/v2\/tags?post=118031"}],"curies":[{"name":"wp","href":"https:\/\/api.w.org\/{rel}","templated":true}]}}