{"id":118032,"date":"2021-06-04T15:18:03","date_gmt":"2021-06-04T19:18:03","guid":{"rendered":"https:\/\/linitiative.ca\/International\/la-sadc-va-aider-le-mozambique-a-lutter-contre-le-terrorisme\/"},"modified":"2021-06-04T15:18:03","modified_gmt":"2021-06-04T19:18:03","slug":"la-sadc-va-aider-le-mozambique-a-lutter-contre-le-terrorisme","status":"publish","type":"post","link":"https:\/\/linitiative.ca\/International\/la-sadc-va-aider-le-mozambique-a-lutter-contre-le-terrorisme\/","title":{"rendered":"La SADC va aider le Mozambique \u00e0 lutter contre le terrorisme"},"content":{"rendered":"<div readability=\"32\">\n<p>Publi\u00e9 le 04.06.2021 \u00e0 20h18 par APA News<\/p>\n<\/div>\n<div readability=\"71\">\n<p>La Communaut\u00e9 de d\u00e9veloppement de l\u2019Afrique australe (SADC) est pr\u00eate \u00e0 aider le Mozambique \u00e0 lutter contre les insurrections terroristes.Depuis 2017, ce pays d\u2019Afrique australe fait face aux attaques terroristes notamment dans sa province septentrionale de Cabo Delgado, riche en gaz.<\/p>\n<p>Ce vendredi, la SADC qui compte 16 Etats membres a d\u00e9cid\u00e9 de lui pr\u00eater main forte, le pr\u00e9sident Cyril Ramaphosa.<\/p>\n<p>Le dirigeant sud-africain a toutefois refus\u00e9 de r\u00e9v\u00e9ler les mesures que la SADC prendrait pour aider Maputo \u00e0 emp\u00eacher le conflit de se r\u00e9pandre \u00ab dans nos propres pays \u00bb.<\/p>\n<p>\u00ab Vous ne pouvez pas aller en guerre et dire \u00e0 votre adversaire ce que vous allez faire\u00a0\u00bb, a d\u00e9clar\u00e9 M. Ramaphosa.<\/p>\n<p>Il a ajout\u00e9 : \u00ab J\u2019ai bien peur que vous deviez simplement nous supporter. C\u2019est le type d\u2019informations sensibles que nous devons taire pour l\u2019instant \u00bb.<\/p>\n<p>M. Ramaphosa a indiqu\u00e9 que le r\u00e9cent sommet d\u2019urgence de la double tro\u00efka de la SADC, qui s\u2019est tenu \u00e0 Maputo fin mai, a \u00e9valu\u00e9 les besoins du Mozambique en mati\u00e8re de s\u00e9curisation de la province en proie \u00e0 des troubles.<\/p>\n<p>L\u2019insurrection a caus\u00e9 la suspension des activit\u00e9s d\u2019un projet gazier de 60 milliards de dollars US men\u00e9 par le g\u00e9ant fran\u00e7ais du p\u00e9trole et du gaz Total. Elle a fait plus de 3.000 morts et pr\u00e8s de 300.000 personnes d\u00e9plac\u00e9es depuis octobre 2017.<\/p>\n<p>L\u2019agence de notation Standard &amp; Poor\u2019s Global a estim\u00e9 que les attaques terroristes dans la province de Cabo Delgado constituent une \u00ab menace significative \u00bb pour les installations de production associ\u00e9es \u00e0 l\u2019une des plus grandes d\u00e9couvertes de gaz naturel au monde.<\/p>\n<p>L\u2019attaque de la ville c\u00f4ti\u00e8re de Palma par les insurg\u00e9s en mars dernier a fait des dizaines de morts, des centaines d\u2019autres bless\u00e9s et des milliers de personnes d\u00e9plac\u00e9es lors de leur fuite vers Pemba, la capitale r\u00e9gionale de Cabo Delgado.<\/p>\n<\/div>\n<p>Auteur: APA News<br \/>\n<a href=\"https:\/\/www.journalducameroun.com\/la-sadc-va-aider-le-mozambique-a-lutter-contre-le-terrorisme\/\">Cliquez ici pour lire l&rsquo;article depuis sa source.<\/a><\/p>\n","protected":false},"excerpt":{"rendered":"<p>Publi\u00e9 le 04.06.2021 \u00e0 20h18 par APA News La Communaut\u00e9 de d\u00e9veloppement de l\u2019Afrique australe (SADC) est pr\u00eate \u00e0 aider le Mozambique \u00e0 lutter contre les insurrections terroristes.Depuis 2017, ce pays d\u2019Afrique australe fait face aux attaques terroristes notamment dans sa province septentrionale de Cabo Delgado, riche en gaz. Ce vendredi, la SADC qui compte [&hellip;]<\/p>\n","protected":false},"author":1965,"featured_media":0,"comment_status":"closed","ping_status":"closed","sticky":false,"template":"","format":"standard","meta":{"fifu_image_url":"","fifu_image_alt":"","footnotes":""},"categories":[73,82],"tags":[],"class_list":["post-118032","post","type-post","status-publish","format-standard","hentry","category-actualite","category-cameroun"],"_links":{"self":[{"href":"https:\/\/linitiative.ca\/International\/wp-json\/wp\/v2\/posts\/118032","targetHints":{"allow":["GET"]}}],"collection":[{"href":"https:\/\/linitiative.ca\/International\/wp-json\/wp\/v2\/posts"}],"about":[{"href":"https:\/\/linitiative.ca\/International\/wp-json\/wp\/v2\/types\/post"}],"author":[{"embeddable":true,"href":"https:\/\/linitiative.ca\/International\/wp-json\/wp\/v2\/users\/1965"}],"replies":[{"embeddable":true,"href":"https:\/\/linitiative.ca\/International\/wp-json\/wp\/v2\/comments?post=118032"}],"version-history":[{"count":0,"href":"https:\/\/linitiative.ca\/International\/wp-json\/wp\/v2\/posts\/118032\/revisions"}],"wp:attachment":[{"href":"https:\/\/linitiative.ca\/International\/wp-json\/wp\/v2\/media?parent=118032"}],"wp:term":[{"taxonomy":"category","embeddable":true,"href":"https:\/\/linitiative.ca\/International\/wp-json\/wp\/v2\/categories?post=118032"},{"taxonomy":"post_tag","embeddable":true,"href":"https:\/\/linitiative.ca\/International\/wp-json\/wp\/v2\/tags?post=118032"}],"curies":[{"name":"wp","href":"https:\/\/api.w.org\/{rel}","templated":true}]}}