{"id":118038,"date":"2021-06-04T16:14:47","date_gmt":"2021-06-04T20:14:47","guid":{"rendered":"https:\/\/linitiative.ca\/International\/projet-de-loi-relatif-aux-usages-licites-du-cannabis-les-conseillers-ont-dit-leur-mot\/"},"modified":"2021-06-04T16:14:47","modified_gmt":"2021-06-04T20:14:47","slug":"projet-de-loi-relatif-aux-usages-licites-du-cannabis-les-conseillers-ont-dit-leur-mot","status":"publish","type":"post","link":"https:\/\/linitiative.ca\/International\/projet-de-loi-relatif-aux-usages-licites-du-cannabis-les-conseillers-ont-dit-leur-mot\/","title":{"rendered":"Projet de loi relatif aux usages licites du cannabis: Les conseillers ont dit leur mot"},"content":{"rendered":"<header>\n<\/header>\n<div class=\"entry-content clearfix\" readability=\"61\">\n<figure class=\"post-thumbnail\" itemprop=\"associatedMedia\" itemscope=\"itemscope\" itemtype=\"http:\/\/schema.org\/ImageObject\"><img decoding=\"async\" class=\"post_layout_5_img\" src=\"http:\/\/aujourdhui.ma\/wp-content\/uploads\/2020\/12\/vote-parlement-chambre-conseillers.jpg\" alt=\"Projet de loi relatif aux usages licites du cannabis: Les conseillers ont dit leur mot\"\/><\/figure>\n<p><span class=\"c6\"><strong>La commission de l\u2019int\u00e9rieur, des collectivit\u00e9s territoriales et des infrastructures \u00e0 la chambre des Conseillers a approuv\u00e9, \u00e0 la majorit\u00e9 vendredi, le projet de loi N\u00b0 13.21 relatif aux usages licites du cannabis.<\/strong><\/span><span id=\"more-378312\"\/><\/p>\n<p>Le projet de loi ambitionne d\u2019am\u00e9liorer les revenus des agriculteurs et de cr\u00e9er des opportunit\u00e9s d\u2019emploi prometteuses et stables, de m\u00eame qu\u2019il vise \u00e0 soumettre toutes les activit\u00e9s li\u00e9es \u00e0 la culture, \u00e0 la production, \u00e0 la transformation, au transport, \u00e0 la commercialisation, \u00e0 l\u2019exportation et \u00e0 l\u2019importation du cannabis et de ses produits \u00e0 un syst\u00e8me de licence.\u00a0 Dans ce sens, le texte pr\u00e9voit la cr\u00e9ation d\u2019une Agence nationale charg\u00e9e de la coordination entre tous les secteurs gouvernementaux, les institutions publiques et les partenaires nationaux et internationaux afin de d\u00e9velopper une cha\u00eene agricole et industrielle traitant du cannabis, tout en renfor\u00e7ant les m\u00e9canismes de contr\u00f4le.<\/p>\n<p>Il ouvre \u00e9galement la voie aux agriculteurs pour adh\u00e9rer \u00e0 des coop\u00e9ratives agricoles, avec la r\u00e9ception obligatoire des r\u00e9coltes par les entreprises manufacturi\u00e8res et exportatrices, et d\u2019adopter des sanctions \u00e0 l\u2019encontre des contrevenants aux dispositions de cette loi.<\/p>\n<p>La chambre des repr\u00e9sentants avait approuv\u00e9 la semaine derni\u00e8re ce projet de loi, \u00e9labor\u00e9 en harmonie avec les engagements internationaux du Royaume.<\/p>\n<\/div>\n<p>Auteur: ALM<br \/>\n<a href=\"https:\/\/aujourdhui.ma\/politique\/projet-de-loi-relatif-aux-usages-licites-du-cannabis-les-conseillers-ont-dit-leur-mot\">Cliquez ici pour lire l&rsquo;article depuis sa source.<\/a><\/p>\n","protected":false},"excerpt":{"rendered":"<p>La commission de l\u2019int\u00e9rieur, des collectivit\u00e9s territoriales et des infrastructures \u00e0 la chambre des Conseillers a approuv\u00e9, \u00e0 la majorit\u00e9 vendredi, le projet de loi N\u00b0 13.21 relatif aux usages licites du cannabis. Le projet de loi ambitionne d\u2019am\u00e9liorer les revenus des agriculteurs et de cr\u00e9er des opportunit\u00e9s d\u2019emploi prometteuses et stables, de m\u00eame qu\u2019il [&hellip;]<\/p>\n","protected":false},"author":1759,"featured_media":0,"comment_status":"closed","ping_status":"closed","sticky":false,"template":"","format":"standard","meta":{"fifu_image_url":"http:\/\/aujourdhui.ma\/wp-content\/uploads\/2020\/12\/vote-parlement-chambre-conseillers.jpg","fifu_image_alt":"Projet de loi relatif aux usages licites du cannabis: Les conseillers ont dit leur mot","footnotes":""},"categories":[73,54],"tags":[],"class_list":["post-118038","post","type-post","status-publish","format-standard","hentry","category-actualite","category-maroc"],"_links":{"self":[{"href":"https:\/\/linitiative.ca\/International\/wp-json\/wp\/v2\/posts\/118038","targetHints":{"allow":["GET"]}}],"collection":[{"href":"https:\/\/linitiative.ca\/International\/wp-json\/wp\/v2\/posts"}],"about":[{"href":"https:\/\/linitiative.ca\/International\/wp-json\/wp\/v2\/types\/post"}],"author":[{"embeddable":true,"href":"https:\/\/linitiative.ca\/International\/wp-json\/wp\/v2\/users\/1759"}],"replies":[{"embeddable":true,"href":"https:\/\/linitiative.ca\/International\/wp-json\/wp\/v2\/comments?post=118038"}],"version-history":[{"count":0,"href":"https:\/\/linitiative.ca\/International\/wp-json\/wp\/v2\/posts\/118038\/revisions"}],"wp:attachment":[{"href":"https:\/\/linitiative.ca\/International\/wp-json\/wp\/v2\/media?parent=118038"}],"wp:term":[{"taxonomy":"category","embeddable":true,"href":"https:\/\/linitiative.ca\/International\/wp-json\/wp\/v2\/categories?post=118038"},{"taxonomy":"post_tag","embeddable":true,"href":"https:\/\/linitiative.ca\/International\/wp-json\/wp\/v2\/tags?post=118038"}],"curies":[{"name":"wp","href":"https:\/\/api.w.org\/{rel}","templated":true}]}}