{"id":118039,"date":"2021-06-05T07:14:24","date_gmt":"2021-06-05T11:14:24","guid":{"rendered":"https:\/\/linitiative.ca\/International\/le-rni-appelle-a-un-fonds-pour-la-zakat-dont-la-moitie-ira-a-la-sante\/"},"modified":"2021-06-05T07:14:24","modified_gmt":"2021-06-05T11:14:24","slug":"le-rni-appelle-a-un-fonds-pour-la-zakat-dont-la-moitie-ira-a-la-sante","status":"publish","type":"post","link":"https:\/\/linitiative.ca\/International\/le-rni-appelle-a-un-fonds-pour-la-zakat-dont-la-moitie-ira-a-la-sante\/","title":{"rendered":"Le RNI appelle \u00e0 un fonds pour la zakat dont la moiti\u00e9 ira \u00e0 la sant\u00e9"},"content":{"rendered":"<figure class=\"post-thumbnail\" itemprop=\"associatedMedia\" itemscope=\"itemscope\" itemtype=\"http:\/\/schema.org\/ImageObject\"><img decoding=\"async\" class=\"post_layout_5_img\" src=\"http:\/\/aujourdhui.ma\/wp-content\/uploads\/2021\/06\/Akhannouch-RNI-Marrakech-3.jpg\" alt=\"Le RNI appelle \u00e0 un fonds pour la zakat dont la moiti\u00e9 ira \u00e0 la sant\u00e9\"\/><\/figure>\n<p><span class=\"c6\"><strong>Le parti poursuit sa tourn\u00e9e pour la pr\u00e9sentation de ses orientations et met le cap sur la ville ocre<\/strong><\/span><br \/><span id=\"more-378315\"\/><\/p>\n<p>Le RNI reprend son p\u00e9riple r\u00e9gional et met le cap sur Marrakech. Apr\u00e8s avoir lanc\u00e9 les orientations de son programme \u00e0 Agadir, le Rassemblement National des Ind\u00e9pendants (RNI) a consacr\u00e9 la seconde \u00e9tape \u00e0 Marrakech. Elle vise \u00e0 pr\u00e9senter un programme qui est appuy\u00e9 par des chiffres r\u00e9alisables refl\u00e9tant de mani\u00e8re tr\u00e8s fid\u00e8le les ambitions des concitoyens. Ce programme jette \u00e9galement les bases du contrat politique qui permettra de rendre effectifs les changements tant d\u00e9sir\u00e9s par les citoyens, \u00e9tant donn\u00e9 que la m\u00e9thodologie suivie par le parti repose sur une communication directe ces 5 derni\u00e8res ann\u00e9es.<\/p>\n<p><a href=\"https:http:\/\/aujourdhui.ma\/wp-content\/uploads\/2021\/06\/RNI-Marrakech-.jpg\"><img decoding=\"async\" loading=\"lazy\" class=\"size-full wp-image-378322 aligncenter\" src=\"http:\/\/aujourdhui.ma\/wp-content\/uploads\/2021\/06\/RNI-Marrakech-.jpg\" alt=\"\" width=\"746\" height=\"380\" srcset=\"http:\/\/aujourdhui.ma\/wp-content\/uploads\/2021\/06\/RNI-Marrakech-.jpg 746w, \/\/aujourdhui.ma\/wp-content\/uploads\/2021\/06\/RNI-Marrakech--300x153.jpg 300w, \/\/aujourdhui.ma\/wp-content\/uploads\/2021\/06\/RNI-Marrakech--274x140.jpg 274w, \/\/aujourdhui.ma\/wp-content\/uploads\/2021\/06\/RNI-Marrakech--165x84.jpg 165w, \/\/aujourdhui.ma\/wp-content\/uploads\/2021\/06\/RNI-Marrakech--702x358.jpg 702w\" sizes=\"auto, (max-width: 746px) 100vw, 746px\"\/><\/a><\/p>\n<p>Le programme du parti repose sur 5 engagements prioritaires \u00e0 savoir : une protection sociale contre les al\u00e9as de la vie, un syst\u00e8me de sant\u00e9 digne, des emplois pour tous, une \u00e9cole de l\u2019\u00e9galit\u00e9 et une administration \u00e0 l\u2019\u00e9coute.\u2028Ces engagements, qui constituent la base du contrat politique du RNI avec ses concitoyens, ont \u00e9t\u00e9 formul\u00e9s suite aux diff\u00e9rentes tourn\u00e9es d\u2019\u00e9coutes organis\u00e9es lors des cinq derni\u00e8res ann\u00e9es aupr\u00e8s de plus de 300.000 Marocains et Marocaines et au recueil des mesures r\u00e9alisables et prioritaires pour une large frange de la soci\u00e9t\u00e9.<\/p>\n<p><a href=\"https:http:\/\/aujourdhui.ma\/wp-content\/uploads\/2021\/06\/Akhannouch-RNI-Marrakech-1.jpg\"><img decoding=\"async\" loading=\"lazy\" class=\"size-full wp-image-378317 aligncenter\" src=\"http:\/\/aujourdhui.ma\/wp-content\/uploads\/2021\/06\/Akhannouch-RNI-Marrakech-1.jpg\" alt=\"\" width=\"746\" height=\"380\" srcset=\"http:\/\/aujourdhui.ma\/wp-content\/uploads\/2021\/06\/Akhannouch-RNI-Marrakech-1.jpg 746w, \/\/aujourdhui.ma\/wp-content\/uploads\/2021\/06\/Akhannouch-RNI-Marrakech-1-300x153.jpg 300w, \/\/aujourdhui.ma\/wp-content\/uploads\/2021\/06\/Akhannouch-RNI-Marrakech-1-274x140.jpg 274w, \/\/aujourdhui.ma\/wp-content\/uploads\/2021\/06\/Akhannouch-RNI-Marrakech-1-165x84.jpg 165w, \/\/aujourdhui.ma\/wp-content\/uploads\/2021\/06\/Akhannouch-RNI-Marrakech-1-702x358.jpg 702w\" sizes=\"auto, (max-width: 746px) 100vw, 746px\"\/><\/a><\/p>\n<p>Aziz Akhannouch, chef du Parti du Rassemblement national des ind\u00e9pendants \u00e0 Marrakech, a \u00e9num\u00e9r\u00e9 diff\u00e9rentes mesures li\u00e9es aux domaines de la sant\u00e9 et de la protection sociale. Pr\u00e9sent\u00e9es par le pr\u00e9sident du parti, ces diff\u00e9rentes mesures pr\u00e9voient un doublement du budget de la sant\u00e9 publique au cours des cinq prochaines ann\u00e9es. Elles pr\u00e9voient \u00e9galement de faire du m\u00e9decin de famille un puissant levier qui permettra d\u2019am\u00e9liorer le dispositif de sant\u00e9 dans son ensemble. Ces diff\u00e9rentes propositions reposent en outre sur la g\u00e9n\u00e9ralisation d\u2019examens gratuits destin\u00e9s aux femmes enceintes (mais aussi aux nouveaux-n\u00e9s), en plus de leur fournir des conseils m\u00e9dicaux gratuits. Elles invitent aussi \u00e0 l\u2019institution d\u2019un Fonds d\u00e9di\u00e9 \u00e0 Zakat Al Mal et \u00e0 affecter la moiti\u00e9 des revenus de ce fonds au financement du secteur de la sant\u00e9, particuli\u00e8rement les maladies chroniques.<\/p>\n<p><a href=\"https:http:\/\/aujourdhui.ma\/wp-content\/uploads\/2021\/06\/Bouayda-Mbarka-RNI-Marrakech.jpg\"><img decoding=\"async\" loading=\"lazy\" class=\"size-full wp-image-378320 aligncenter\" src=\"http:\/\/aujourdhui.ma\/wp-content\/uploads\/2021\/06\/Bouayda-Mbarka-RNI-Marrakech.jpg\" alt=\"\" width=\"746\" height=\"380\" srcset=\"http:\/\/aujourdhui.ma\/wp-content\/uploads\/2021\/06\/Bouayda-Mbarka-RNI-Marrakech.jpg 746w, \/\/aujourdhui.ma\/wp-content\/uploads\/2021\/06\/Bouayda-Mbarka-RNI-Marrakech-300x153.jpg 300w, \/\/aujourdhui.ma\/wp-content\/uploads\/2021\/06\/Bouayda-Mbarka-RNI-Marrakech-274x140.jpg 274w, \/\/aujourdhui.ma\/wp-content\/uploads\/2021\/06\/Bouayda-Mbarka-RNI-Marrakech-165x84.jpg 165w, \/\/aujourdhui.ma\/wp-content\/uploads\/2021\/06\/Bouayda-Mbarka-RNI-Marrakech-702x358.jpg 702w\" sizes=\"auto, (max-width: 746px) 100vw, 746px\"\/><\/a><\/p>\n<p>Pr\u00e9c\u00e9demment annonc\u00e9es lors de l\u2019\u00e9tape initiale \u00e0 Agadir, d\u2019autres mesures de protection sociale sont pr\u00e9vues. Parmi ces mesures, on retrouve l\u2019octroi de revenus mensuels destin\u00e9s \u00e0 garantir la dignit\u00e9 des personnes \u00e2g\u00e9es en situation de pr\u00e9carit\u00e9, mais aussi la g\u00e9n\u00e9ralisation de la s\u00e9curit\u00e9 sociale et de l\u2019assurance maladie. D\u2019autres mesures permettront d\u2019accompagner, tout au long de leur vie, les personnes en situation de handicap et de distribuer des allocations familiales pour les enfants.<\/p>\n<p><a href=\"https:http:\/\/aujourdhui.ma\/wp-content\/uploads\/2021\/06\/RNI-Marrakech-1.jpg\"><img decoding=\"async\" loading=\"lazy\" class=\"size-full wp-image-378323 aligncenter\" src=\"http:\/\/aujourdhui.ma\/wp-content\/uploads\/2021\/06\/RNI-Marrakech-1.jpg\" alt=\"\" width=\"746\" height=\"380\" srcset=\"http:\/\/aujourdhui.ma\/wp-content\/uploads\/2021\/06\/RNI-Marrakech-1.jpg 746w, \/\/aujourdhui.ma\/wp-content\/uploads\/2021\/06\/RNI-Marrakech-1-300x153.jpg 300w, \/\/aujourdhui.ma\/wp-content\/uploads\/2021\/06\/RNI-Marrakech-1-274x140.jpg 274w, \/\/aujourdhui.ma\/wp-content\/uploads\/2021\/06\/RNI-Marrakech-1-165x84.jpg 165w, \/\/aujourdhui.ma\/wp-content\/uploads\/2021\/06\/RNI-Marrakech-1-702x358.jpg 702w\" sizes=\"auto, (max-width: 746px) 100vw, 746px\"\/><\/a><\/p>\n<p>Dans son discours, Aziz Akhannouch a soulign\u00e9 l\u2019importance de soutenir diff\u00e9rents secteurs sociaux, qui sont vitaux pour le citoyen marocain. Ainsi, le parti pr\u00e9voit comme objectif de former 3 300 nouveaux m\u00e9decins par an, mais aussi de motiver le personnel m\u00e9dical par le biais d\u2019un syst\u00e8me efficace de primes, en particulier pour les m\u00e9decins qui sont affect\u00e9s dans des zones \u00e9loign\u00e9es du centre.<\/p>\n<p>Aziz Akhannouch n\u2019a pas manqu\u00e9 de se r\u00e9f\u00e9rer \u00e0 la vision de Sa Majest\u00e9 concernant le domaine de la protection sociale.<\/p>\n<p><a href=\"https:http:\/\/aujourdhui.ma\/wp-content\/uploads\/2021\/06\/RNI-Marrakech.jpg\"><img decoding=\"async\" loading=\"lazy\" class=\"size-full wp-image-378321 aligncenter\" src=\"http:\/\/aujourdhui.ma\/wp-content\/uploads\/2021\/06\/RNI-Marrakech.jpg\" alt=\"\" width=\"746\" height=\"380\" srcset=\"http:\/\/aujourdhui.ma\/wp-content\/uploads\/2021\/06\/RNI-Marrakech.jpg 746w, \/\/aujourdhui.ma\/wp-content\/uploads\/2021\/06\/RNI-Marrakech-300x153.jpg 300w, \/\/aujourdhui.ma\/wp-content\/uploads\/2021\/06\/RNI-Marrakech-274x140.jpg 274w, \/\/aujourdhui.ma\/wp-content\/uploads\/2021\/06\/RNI-Marrakech-165x84.jpg 165w, \/\/aujourdhui.ma\/wp-content\/uploads\/2021\/06\/RNI-Marrakech-702x358.jpg 702w\" sizes=\"auto, (max-width: 746px) 100vw, 746px\"\/><\/a><\/p>\n<p>Auteur: ALM<br \/>\n<a href=\"https:\/\/aujourdhui.ma\/politique\/le-rni-appelle-a-un-fonds-pour-la-zakat-dont-la-moitie-ira-a-la-sante\">Cliquez ici pour lire l&rsquo;article depuis sa source.<\/a><\/p>\n","protected":false},"excerpt":{"rendered":"<p>Le parti poursuit sa tourn\u00e9e pour la pr\u00e9sentation de ses orientations et met le cap sur la ville ocre Le RNI reprend son p\u00e9riple r\u00e9gional et met le cap sur Marrakech. Apr\u00e8s avoir lanc\u00e9 les orientations de son programme \u00e0 Agadir, le Rassemblement National des Ind\u00e9pendants (RNI) a consacr\u00e9 la seconde \u00e9tape \u00e0 Marrakech. Elle [&hellip;]<\/p>\n","protected":false},"author":1759,"featured_media":0,"comment_status":"closed","ping_status":"closed","sticky":false,"template":"","format":"standard","meta":{"fifu_image_url":"http:\/\/aujourdhui.ma\/wp-content\/uploads\/2021\/06\/Akhannouch-RNI-Marrakech-3.jpg","fifu_image_alt":"Le RNI appelle \u00e0 un fonds pour la zakat dont la moiti\u00e9 ira \u00e0 la sant\u00e9","footnotes":""},"categories":[73,54],"tags":[],"class_list":["post-118039","post","type-post","status-publish","format-standard","hentry","category-actualite","category-maroc"],"_links":{"self":[{"href":"https:\/\/linitiative.ca\/International\/wp-json\/wp\/v2\/posts\/118039","targetHints":{"allow":["GET"]}}],"collection":[{"href":"https:\/\/linitiative.ca\/International\/wp-json\/wp\/v2\/posts"}],"about":[{"href":"https:\/\/linitiative.ca\/International\/wp-json\/wp\/v2\/types\/post"}],"author":[{"embeddable":true,"href":"https:\/\/linitiative.ca\/International\/wp-json\/wp\/v2\/users\/1759"}],"replies":[{"embeddable":true,"href":"https:\/\/linitiative.ca\/International\/wp-json\/wp\/v2\/comments?post=118039"}],"version-history":[{"count":0,"href":"https:\/\/linitiative.ca\/International\/wp-json\/wp\/v2\/posts\/118039\/revisions"}],"wp:attachment":[{"href":"https:\/\/linitiative.ca\/International\/wp-json\/wp\/v2\/media?parent=118039"}],"wp:term":[{"taxonomy":"category","embeddable":true,"href":"https:\/\/linitiative.ca\/International\/wp-json\/wp\/v2\/categories?post=118039"},{"taxonomy":"post_tag","embeddable":true,"href":"https:\/\/linitiative.ca\/International\/wp-json\/wp\/v2\/tags?post=118039"}],"curies":[{"name":"wp","href":"https:\/\/api.w.org\/{rel}","templated":true}]}}