{"id":118042,"date":"2021-06-05T11:28:10","date_gmt":"2021-06-05T15:28:10","guid":{"rendered":"https:\/\/linitiative.ca\/International\/pret-de-la-banque-mondiale-450-millions-de-dollars-pour-renforcer-le-capital-humain-du-maroc\/"},"modified":"2021-06-05T11:28:10","modified_gmt":"2021-06-05T15:28:10","slug":"pret-de-la-banque-mondiale-450-millions-de-dollars-pour-renforcer-le-capital-humain-du-maroc","status":"publish","type":"post","link":"https:\/\/linitiative.ca\/International\/pret-de-la-banque-mondiale-450-millions-de-dollars-pour-renforcer-le-capital-humain-du-maroc\/","title":{"rendered":"Pr\u00eat de la Banque mondiale: 450 millions de dollars pour renforcer le capital humain du Maroc"},"content":{"rendered":"<figure class=\"post-thumbnail\" itemprop=\"associatedMedia\" itemscope=\"itemscope\" itemtype=\"http:\/\/schema.org\/ImageObject\"><img decoding=\"async\" class=\"post_layout_5_img\" src=\"http:\/\/aujourdhui.ma\/wp-content\/uploads\/2020\/06\/Banque-mondiale.jpg\" alt=\"Pr\u00eat de la Banque mondiale: 450 millions de dollars pour renforcer le capital humain du Maroc\"\/><\/figure>\n<p><span class=\"c6\"><strong>La Banque mondiale soutient la strat\u00e9gie \u00e0 long terme du Maroc visant \u00e0 renforcer le capital humain. Dans ce sens, elle vient d\u2019approuver un pr\u00eat de 450 millions de dollars comme l\u2019annonce cette structure internationale dans un communiqu\u00e9.<\/strong><\/span><span id=\"more-378337\"\/><\/p>\n<p>Selon la m\u00eame source, ce pr\u00eat, qui a pour objectif d\u2019am\u00e9liorer le d\u00e9veloppement de la petite enfance dans les zones rurales du pays, financera la troisi\u00e8me phase de l\u2019Initiative nationale pour le d\u00e9veloppement humain (INDH), avec pour axe central le d\u00e9veloppement des jeunes enfants.<\/p>\n<p>\u00ab Au Maroc, un enfant n\u00e9 aujourd\u2019hui n\u2019atteindra que 50 % de son potentiel de d\u00e9veloppement et de productivit\u00e9 \u00e0 l\u2019\u00e2ge de 18 ans. La trajectoire sociale et \u00e9conomique future du Maroc d\u00e9pendra de sa capacit\u00e9 \u00e0 acc\u00e9l\u00e9rer les progr\u00e8s dans le d\u00e9veloppement et la r\u00e9partition \u00e9quitable du capital humain, souligne Jesko Hentschel, directeur des op\u00e9rations de la Banque mondiale pour le Maghreb. Le programme soutiendra des interventions essentielles pour renforcer l\u2019acc\u00e8s des populations rurales \u00e0 des services de d\u00e9veloppement de la petite enfance de qualit\u00e9. \u00bb<\/p>\n<p>Le programme est con\u00e7u pour accompagner les strat\u00e9gies adopt\u00e9es par les autorit\u00e9s marocaines en vue de promouvoir le d\u00e9veloppement des enfants, en s\u2019appuyant sur des donn\u00e9es probantes. Il appara\u00eet en effet que les disparit\u00e9s observ\u00e9es au d\u00e9triment des enfants des zones rurales du Maroc sont li\u00e9es \u00e0 leur manque d\u2019acc\u00e8s \u00e0 des programmes de d\u00e9veloppement de la petite enfance de qualit\u00e9 et \u00e0 leur \u00e9loignement des services centr\u00e9s sur la nutrition, la sant\u00e9 et la stimulation cognitive pr\u00e9coce. Le programme s\u2019attachera par cons\u00e9quent \u00e0 soutenir cette palette compl\u00e8te de services en milieu rural.<\/p>\n<p>\u00ab Les premi\u00e8res ann\u00e9es de la vie constituent une p\u00e9riode de croissance cognitive, sociale et affective intense. Les exp\u00e9riences v\u00e9cues par les enfants au cours de cette phase de d\u00e9veloppement sont d\u00e9terminantes pour leur sant\u00e9 et leur bien-\u00eatre futurs, explique Fadila Caillaud, \u00e9conomiste principale et co-chef d\u2019\u00e9quipe du projet. Investir dans la sant\u00e9, la nutrition et l\u2019\u00e9ducation des jeunes enfants est le meilleur investissement qu\u2019un pays puisse faire, et nous sommes heureux d\u2019appuyer cette initiative strat\u00e9gique. \u00bb<\/p>\n<p>Le suivi, l\u2019\u00e9valuation et la coordination des services de d\u00e9veloppement de la petite enfance seront renforc\u00e9s \u00e0 l\u2019aide des m\u00e9canismes institutionnels d\u00e9j\u00e0 en place. \u00ab Il est indispensable de surveiller l\u2019\u00e9panouissement global des enfants depuis la naissance jusqu\u2019\u00e0 leur entr\u00e9e \u00e0 l\u2019\u00e9cole primaire pour faire en sorte que les syst\u00e8mes de d\u00e9veloppement de la petite enfance, dans le monde entier, viennent efficacement en aide aux enfants vuln\u00e9rables \u00bb, ajoute Samira Nikaein, sp\u00e9cialiste de l\u2019\u00e9ducation et co-chef d\u2019\u00e9quipe du projet.<\/p>\n<p>\u00ab Les in\u00e9galit\u00e9s dans le d\u00e9veloppement des enfants des zones rurales sont li\u00e9es \u00e0 un manque d\u2019acc\u00e8s aux services et \u00e0 un degr\u00e9 d\u2019exposition r\u00e9duit aux soins nutritionnels et m\u00e9dicaux ainsi qu\u2019\u00e0 l\u2019\u00e9ducation de la petite enfance. Le programme soutiendra par cons\u00e9quent le d\u00e9veloppement des services d\u2019\u00e9ducation, de sant\u00e9 et de nutrition en milieu rural \u00bb, indique Luc Laviolette, chef de programme pour le d\u00e9veloppement humain et co-chef d\u2019\u00e9quipe du projet.<\/p>\n<p>Auteur: ALM<br \/>\n<a href=\"https:\/\/aujourdhui.ma\/economie\/pret-de-la-banque-mondiale-450-millions-de-dollars-pour-renforcer-le-capital-humain-du-maroc\">Cliquez ici pour lire l&rsquo;article depuis sa source.<\/a><\/p>\n","protected":false},"excerpt":{"rendered":"<p>La Banque mondiale soutient la strat\u00e9gie \u00e0 long terme du Maroc visant \u00e0 renforcer le capital humain. Dans ce sens, elle vient d\u2019approuver un pr\u00eat de 450 millions de dollars comme l\u2019annonce cette structure internationale dans un communiqu\u00e9. Selon la m\u00eame source, ce pr\u00eat, qui a pour objectif d\u2019am\u00e9liorer le d\u00e9veloppement de la petite enfance [&hellip;]<\/p>\n","protected":false},"author":1759,"featured_media":0,"comment_status":"closed","ping_status":"closed","sticky":false,"template":"","format":"standard","meta":{"fifu_image_url":"http:\/\/aujourdhui.ma\/wp-content\/uploads\/2020\/06\/Banque-mondiale.jpg","fifu_image_alt":"Pr\u00eat de la Banque mondiale: 450 millions de dollars pour renforcer le capital humain du Maroc","footnotes":""},"categories":[73,54],"tags":[],"class_list":["post-118042","post","type-post","status-publish","format-standard","hentry","category-actualite","category-maroc"],"_links":{"self":[{"href":"https:\/\/linitiative.ca\/International\/wp-json\/wp\/v2\/posts\/118042","targetHints":{"allow":["GET"]}}],"collection":[{"href":"https:\/\/linitiative.ca\/International\/wp-json\/wp\/v2\/posts"}],"about":[{"href":"https:\/\/linitiative.ca\/International\/wp-json\/wp\/v2\/types\/post"}],"author":[{"embeddable":true,"href":"https:\/\/linitiative.ca\/International\/wp-json\/wp\/v2\/users\/1759"}],"replies":[{"embeddable":true,"href":"https:\/\/linitiative.ca\/International\/wp-json\/wp\/v2\/comments?post=118042"}],"version-history":[{"count":0,"href":"https:\/\/linitiative.ca\/International\/wp-json\/wp\/v2\/posts\/118042\/revisions"}],"wp:attachment":[{"href":"https:\/\/linitiative.ca\/International\/wp-json\/wp\/v2\/media?parent=118042"}],"wp:term":[{"taxonomy":"category","embeddable":true,"href":"https:\/\/linitiative.ca\/International\/wp-json\/wp\/v2\/categories?post=118042"},{"taxonomy":"post_tag","embeddable":true,"href":"https:\/\/linitiative.ca\/International\/wp-json\/wp\/v2\/tags?post=118042"}],"curies":[{"name":"wp","href":"https:\/\/api.w.org\/{rel}","templated":true}]}}