{"id":118045,"date":"2021-06-04T17:44:10","date_gmt":"2021-06-04T21:44:10","guid":{"rendered":"https:\/\/linitiative.ca\/International\/lecotourisme-lancement-dun-projet-de-valorisation-du-patrimoine-geoscientifique\/"},"modified":"2021-06-04T17:44:10","modified_gmt":"2021-06-04T21:44:10","slug":"lecotourisme-lancement-dun-projet-de-valorisation-du-patrimoine-geoscientifique","status":"publish","type":"post","link":"https:\/\/linitiative.ca\/International\/lecotourisme-lancement-dun-projet-de-valorisation-du-patrimoine-geoscientifique\/","title":{"rendered":"L\u2019\u00e9cotourisme: Lancement d\u2019un projet de valorisation du patrimoine g\u00e9oscientifique"},"content":{"rendered":"<p><iframe loading=\"lazy\" width=\"1170\" height=\"658\" src=\"https:\/\/www.youtube.com\/embed\/4rNCJ-nbcow?feature=oembed\" frameborder=\"0\" allow=\"accelerometer; autoplay; clipboard-write; encrypted-media; gyroscope; picture-in-picture\" allowfullscreen=\"allowfullscreen\">[embedded content]<\/iframe><\/p>\n<div class=\"single-post-excerpt post-excerpt-bc\" readability=\"39\">\n<p>\u00ab\u00a0Rehamna Innovation Lab\u00a0\u00bb a proc\u00e9d\u00e9, mercredi \u00e0 Bengu\u00e9rir, au lancement du projet de valorisation du patrimoine g\u00e9oscientifique de la province de Rehamna, par l\u2019organisation d\u2019ateliers destin\u00e9s \u00e0 permettre aux participants de construire collectivement la conception, l\u2019offre d\u2019exp\u00e9rience des g\u00e9osites et en proposer des moyens innovants d\u2019impl\u00e9mentation.<\/p>\n<\/div>\n<p>Auteur: Meriem IGASS<br \/>\n<a href=\"http:\/\/www.mapmarrakech.ma\/fr\/lecotourisme-lancement-dun-projet-de-valorisation-du-patrimoine-geoscientifique\/\">Cliquez ici pour lire l&rsquo;article depuis sa source.<\/a><\/p>\n","protected":false},"excerpt":{"rendered":"<p>[embedded content] \u00ab\u00a0Rehamna Innovation Lab\u00a0\u00bb a proc\u00e9d\u00e9, mercredi \u00e0 Bengu\u00e9rir, au lancement du projet de valorisation du patrimoine g\u00e9oscientifique de la province de Rehamna, par l\u2019organisation d\u2019ateliers destin\u00e9s \u00e0 permettre aux participants de construire collectivement la conception, l\u2019offre d\u2019exp\u00e9rience des g\u00e9osites et en proposer des moyens innovants d\u2019impl\u00e9mentation. Auteur: Meriem IGASS Cliquez ici pour lire [&hellip;]<\/p>\n","protected":false},"author":1788,"featured_media":0,"comment_status":"closed","ping_status":"closed","sticky":false,"template":"","format":"standard","meta":{"fifu_image_url":"","fifu_image_alt":"","footnotes":""},"categories":[54,76],"tags":[],"class_list":["post-118045","post","type-post","status-publish","format-standard","hentry","category-maroc","category-regions"],"_links":{"self":[{"href":"https:\/\/linitiative.ca\/International\/wp-json\/wp\/v2\/posts\/118045","targetHints":{"allow":["GET"]}}],"collection":[{"href":"https:\/\/linitiative.ca\/International\/wp-json\/wp\/v2\/posts"}],"about":[{"href":"https:\/\/linitiative.ca\/International\/wp-json\/wp\/v2\/types\/post"}],"author":[{"embeddable":true,"href":"https:\/\/linitiative.ca\/International\/wp-json\/wp\/v2\/users\/1788"}],"replies":[{"embeddable":true,"href":"https:\/\/linitiative.ca\/International\/wp-json\/wp\/v2\/comments?post=118045"}],"version-history":[{"count":0,"href":"https:\/\/linitiative.ca\/International\/wp-json\/wp\/v2\/posts\/118045\/revisions"}],"wp:attachment":[{"href":"https:\/\/linitiative.ca\/International\/wp-json\/wp\/v2\/media?parent=118045"}],"wp:term":[{"taxonomy":"category","embeddable":true,"href":"https:\/\/linitiative.ca\/International\/wp-json\/wp\/v2\/categories?post=118045"},{"taxonomy":"post_tag","embeddable":true,"href":"https:\/\/linitiative.ca\/International\/wp-json\/wp\/v2\/tags?post=118045"}],"curies":[{"name":"wp","href":"https:\/\/api.w.org\/{rel}","templated":true}]}}