{"id":118047,"date":"2021-06-04T18:26:31","date_gmt":"2021-06-04T22:26:31","guid":{"rendered":"https:\/\/linitiative.ca\/International\/lancement-dun-projet-de-valorisation-du-patrimoine-geoscientifique\/"},"modified":"2021-06-04T18:26:31","modified_gmt":"2021-06-04T22:26:31","slug":"lancement-dun-projet-de-valorisation-du-patrimoine-geoscientifique","status":"publish","type":"post","link":"https:\/\/linitiative.ca\/International\/lancement-dun-projet-de-valorisation-du-patrimoine-geoscientifique\/","title":{"rendered":"Lancement d\u2019un projet de valorisation du patrimoine g\u00e9oscientifique"},"content":{"rendered":"<div readability=\"39\">\n<p>Bengu\u00e9rir (province de Rehamna) \u2013 \u00ab\u00a0Rehamna Innovation Lab\u00a0\u00bb a proc\u00e9d\u00e9, mercredi \u00e0 Bengu\u00e9rir, au lancement du projet de valorisation du patrimoine g\u00e9oscientifique de la province de Rehamna, par l\u2019organisation d\u2019ateliers destin\u00e9s \u00e0 permettre aux participants de construire collectivement la conception, l\u2019offre d\u2019exp\u00e9rience des g\u00e9osites et en proposer des moyens innovants d\u2019impl\u00e9mentation.<\/p>\n<\/div>\n<div readability=\"140\">\n<p>Ce projet \u00e9cotouristique vise \u00e0 faire de la richesse en patrimoine g\u00e9ologique, g\u00e9omorphologique et historique de la province, une source d\u2019exp\u00e9riences in\u00e9dites \u00e0 offrir aux visiteurs et une source de cr\u00e9ation de valeur pour les habitants.<\/p>\n<p>Intervenant \u00e0 cette occasion, le gouverneur de la province de Rehamna, M. Aziz Bouignane, a soulign\u00e9 que cette province est fi\u00e8re de cette collaboration autour de ce projet innovant avec plusieurs partenaires, dont l\u2019Universit\u00e9 Mohammed VI Polytechnique (UM6P), l\u2019Universit\u00e9 Cadi Ayyad de Marrakech (UCA) et la Fondation Rehamna pour le D\u00e9veloppement Durable.<\/p>\n<p>Dans ce cadre, M. Bouignane, a relev\u00e9 que la vision de la province de l\u2019\u00e9cotourisme est centr\u00e9e autour de plusieurs piliers \u00e0 savoir : Une valorisation et une mise en tourisme des patrimoines naturels, b\u00e2tis et immat\u00e9riels du territoire dans une totale pr\u00e9servation des lieux et de la biodiversit\u00e9, et l\u2019int\u00e9gration des populations locales dans la r\u00e9flexion et la r\u00e9alisation de chaque projet.<\/p>\n<p>\u00ab\u00a0En utilisant l\u2019intelligence collective dans la conception des projets, nous nous assurons que les retomb\u00e9es \u00e9conomiques au b\u00e9n\u00e9fice des communaut\u00e9s locales seront durables, p\u00e9rennes et en constante augmentation gr\u00e2ce notamment \u00e0 la formation, une formation ad\u00e9quate et continue\u00a0\u00bb, a-t-il relev\u00e9, appelant \u00e0 la sensibilisation et \u00e0 une forte mobilisation pour la cr\u00e9ation d\u2019entreprises innovantes dans ce domaine, ainsi que la promotion et l\u2019accompagnement de l\u2019auto-entrepreneuriat et des coop\u00e9ratives.<\/p>\n<p>Dans le m\u00eame ordre d\u2019id\u00e9es, le Secr\u00e9taire G\u00e9n\u00e9ral de l\u2019Office National des Hydrocarbures et des Mines (ONHYM), Abdellah Mouttaqui, a soulign\u00e9 que ce projet novateur par son ancrage territorial, prend ses origines dans la richesse g\u00e9ologique de la province de Rehamna, qui est un haut lieu de la g\u00e9ologie qui cristallise, \u00e0 lui seul, l\u2019une des sp\u00e9cificit\u00e9s de la g\u00e9ologie marocaine.<\/p>\n<p>Ce projet permet de valoriser les richesses du sol et du sous-sol de la province et de tirer profit de ce potentiel g\u00e9ologique pour en faire un vecteur de d\u00e9veloppement local qui se manifestera sous forme d\u2019activit\u00e9s au b\u00e9n\u00e9fice des populations locales, a-t-il ajout\u00e9, relevant que ce projet territorialis\u00e9 va contribuer \u00e0 renforcer le positionnement de notre pays dans la trajectoire du d\u00e9veloppement durable.<\/p>\n<p>Dans ce contexte, M. Mouttaqui, a indiqu\u00e9 que le projet qui a \u00e9t\u00e9 construit selon une d\u00e9marche participative entre les universit\u00e9s Cadi Ayyad et l\u2019UM6P, les autorit\u00e9s locales et la soci\u00e9t\u00e9 civile, pourrait servir de mod\u00e8le pour les autres r\u00e9gions, insistant sur la n\u00e9cessit\u00e9 de s\u2019approprier ce projet par la population locale, en tant que facteur important pour sa r\u00e9ussite.<\/p>\n<p>Apr\u00e8s avoir soulign\u00e9 que ce projet a contribu\u00e9 \u00e0 la valorisation de la recherche, il a exprim\u00e9 l\u2019engagement de l\u2019ONHYM, en tant que d\u00e9positaire d\u2019une riche histoire mini\u00e8re au Maroc, \u00e0 accompagner de tels projets et \u00e0 contribuer au d\u00e9veloppement du Royaume.<\/p>\n<p>Dans une d\u00e9claration \u00e0 la MAP \u00e0 cette occasion, M. Youssef Daafi, Manager d\u2019une plateforme de transfert technologique mini\u00e8re pour l\u2019Afrique, a soulign\u00e9 que ce projet vise \u00e0 valoriser davantage le patrimoine g\u00e9oscientifique de la province tout en prenant en consid\u00e9ration les piliers du d\u00e9veloppement durable.<\/p>\n<p>\u00ab\u00a0Nous avons identifi\u00e9 05 sites qualifi\u00e9s de prioritaires, qui b\u00e9n\u00e9ficieront de travaux de r\u00e9habilitation et d\u2019am\u00e9nagement suite \u00e0 des travaux de benchmark que nous avons faits \u00e0 l\u2019\u00e9chelle internationale\u00a0\u00bb, a-t-il relev\u00e9, \u00e9mettant le voeu que ce mod\u00e8le unique au Maroc consistant \u00e0 transformer des mines en des espaces touristiques, soit export\u00e9 et dupliqu\u00e9 aux autres r\u00e9gions du Maroc et \u00e0 l\u2019\u00e9chelle africain.<\/p>\n<p>Les 05 sites identifi\u00e9s sont d\u2019anciennes mines qui pr\u00e9sentent des histoires aussi importantes pour les touristes que pour les \u00e9tudiants et chercheurs, a-t-il indiqu\u00e9, relevant que ces g\u00e9osites vont contribuer \u00e0 dynamiser le volet \u00e9conomique des douars riverains et \u00e0 servir les \u00e9tudiants et chercheurs.<\/p>\n<p>A rappeler que six sites, pr\u00e9alablement identifi\u00e9s par le coreTeam Geosites, feront l\u2019objet d\u2019ateliers de co-construction.<\/p>\n<p>Il s\u2019agit de la mine d\u2019Ouled Hassine, la mine de Sidi Bou Azzouz, la mine exp\u00e9rimentale de Benguerir (Tranch\u00e9e de Boutlmzoud), la mine de Bir Nhass, la mine de Frag El Ma et le Mus\u00e9e Sidi Bouothmane.<\/p>\n<\/div>\n<p>Auteur: Meriem IGASS<br \/>\n<a href=\"http:\/\/www.mapmarrakech.ma\/fr\/lancement-dun-projet-de-valorisation-du-patrimoine-geoscientifique\/\">Cliquez ici pour lire l&rsquo;article depuis sa source.<\/a><\/p>\n","protected":false},"excerpt":{"rendered":"<p>Bengu\u00e9rir (province de Rehamna) \u2013 \u00ab\u00a0Rehamna Innovation Lab\u00a0\u00bb a proc\u00e9d\u00e9, mercredi \u00e0 Bengu\u00e9rir, au lancement du projet de valorisation du patrimoine g\u00e9oscientifique de la province de Rehamna, par l\u2019organisation d\u2019ateliers destin\u00e9s \u00e0 permettre aux participants de construire collectivement la conception, l\u2019offre d\u2019exp\u00e9rience des g\u00e9osites et en proposer des moyens innovants d\u2019impl\u00e9mentation. Ce projet \u00e9cotouristique vise [&hellip;]<\/p>\n","protected":false},"author":1788,"featured_media":0,"comment_status":"closed","ping_status":"closed","sticky":false,"template":"","format":"standard","meta":{"fifu_image_url":"","fifu_image_alt":"","footnotes":""},"categories":[54,76],"tags":[],"class_list":["post-118047","post","type-post","status-publish","format-standard","hentry","category-maroc","category-regions"],"_links":{"self":[{"href":"https:\/\/linitiative.ca\/International\/wp-json\/wp\/v2\/posts\/118047","targetHints":{"allow":["GET"]}}],"collection":[{"href":"https:\/\/linitiative.ca\/International\/wp-json\/wp\/v2\/posts"}],"about":[{"href":"https:\/\/linitiative.ca\/International\/wp-json\/wp\/v2\/types\/post"}],"author":[{"embeddable":true,"href":"https:\/\/linitiative.ca\/International\/wp-json\/wp\/v2\/users\/1788"}],"replies":[{"embeddable":true,"href":"https:\/\/linitiative.ca\/International\/wp-json\/wp\/v2\/comments?post=118047"}],"version-history":[{"count":0,"href":"https:\/\/linitiative.ca\/International\/wp-json\/wp\/v2\/posts\/118047\/revisions"}],"wp:attachment":[{"href":"https:\/\/linitiative.ca\/International\/wp-json\/wp\/v2\/media?parent=118047"}],"wp:term":[{"taxonomy":"category","embeddable":true,"href":"https:\/\/linitiative.ca\/International\/wp-json\/wp\/v2\/categories?post=118047"},{"taxonomy":"post_tag","embeddable":true,"href":"https:\/\/linitiative.ca\/International\/wp-json\/wp\/v2\/tags?post=118047"}],"curies":[{"name":"wp","href":"https:\/\/api.w.org\/{rel}","templated":true}]}}