{"id":118050,"date":"2021-06-05T10:32:09","date_gmt":"2021-06-05T14:32:09","guid":{"rendered":"https:\/\/linitiative.ca\/International\/oriental-les-experts-comptables-sallient-avec-luniversite-et-le-patronat-au-service-des-acteurs-economiques\/"},"modified":"2021-06-05T10:32:09","modified_gmt":"2021-06-05T14:32:09","slug":"oriental-les-experts-comptables-sallient-avec-luniversite-et-le-patronat-au-service-des-acteurs-economiques","status":"publish","type":"post","link":"https:\/\/linitiative.ca\/International\/oriental-les-experts-comptables-sallient-avec-luniversite-et-le-patronat-au-service-des-acteurs-economiques\/","title":{"rendered":"Oriental : Les experts comptables s\u2019allient avec l\u2019universit\u00e9 et le patronat au service des acteurs \u00e9conomiques"},"content":{"rendered":"<p class=\"c4\">Des conventions de partenariat ont \u00e9t\u00e9 sign\u00e9es, vendredi \u00e0 Saidia, entre l\u2019Ordre des experts comptables (OEC), d\u2019une part, et l\u2019Universit\u00e9 Mohammed Premier (UMP) d\u2019Oujda et la Conf\u00e9d\u00e9ration g\u00e9n\u00e9rale des entreprises du Maroc (CGEM), section de l\u2019Oriental, d\u2019autre part, en vue de conjuguer leurs efforts au service du d\u00e9veloppement et des acteurs \u00e9conomiques.<\/p>\n<p class=\"c4\">Ces accords ont \u00e9t\u00e9 sign\u00e9s \u00e0 l\u2019occasion d\u2019une journ\u00e9e d\u2019\u00e9tude plac\u00e9e sous le th\u00e8me \u00abL\u2019universit\u00e9 et l\u2019expert-comptable au service des acteurs \u00e9conomiques\u00bb, tenue en pr\u00e9sence notamment du Wali de la r\u00e9gion de l\u2019Oriental, gouverneur de la pr\u00e9fecture d\u2019Oujda-Angad, Mouad El Jamai et du gouverneur de la province de Berkane, Mohamed Ali Habouha.<\/p>\n<p class=\"c4\">La premi\u00e8re convention a \u00e9t\u00e9 sign\u00e9e par le pr\u00e9sident de l\u2019UMP, Yassine Zarhloule, le pr\u00e9sident du Conseil national de l\u2019OEC, Amine Baakili et le pr\u00e9sident du Conseil r\u00e9gional de l\u2019OEC de F\u00e8s-Mekn\u00e8s et l\u2019Oriental (CRFMO), Mohamed Amouri.<\/p>\n<p class=\"c4\">Elle vise principalement \u00e0 g\u00e9rer les liens de coop\u00e9ration et de communication, asseoir\u00a0une coop\u00e9ration effective dans les domaines de l\u2019enseignement et de la formation continue, \u00e9changer les exp\u00e9riences et les expertises ainsi qu\u2019\u00e0 \u00e9laborer des \u00e9tudes conjointes dans les domaines d\u2019int\u00e9r\u00eat commun.<\/p>\n<p class=\"c4\">Il s\u2019agit aussi d\u2019assurer la formation th\u00e9orique et scientifique appliqu\u00e9e au profit des \u00e9tudiants qui d\u00e9sirent apprendre le m\u00e9tier d\u2019expert-comptable et organiser des formations certifiantes au profit des \u00e9tudiants de l\u2019UMP dans ce domaine de mani\u00e8re \u00e0 les aider dans les recherches professionnelles.<\/p>\n<p class=\"c4\">L\u2019autre convention a \u00e9t\u00e9 sign\u00e9e par le pr\u00e9sident de la CGEM-Oriental, Noureddine Bachiri, M. Baakili et le vice-pr\u00e9sident du CRFMO, El Hassane Jaali.<\/p>\n<p class=\"c4\">Elle a pour objectifs, entre autres, de faciliter les \u00e9changes entre l\u2019OEC et la CGEM-Oriental, organiser des \u00e9v\u00e8nements conjoints et am\u00e9liorer les qualit\u00e9s manag\u00e9riales des entreprises de la r\u00e9gion \u00e0 travers l\u2019organisation de formations cibl\u00e9es.<\/p>\n<p class=\"c4\">Intervenant \u00e0 cette occasion, M. Baakili a soulign\u00e9 que l\u2019expert-comptable, par sa profession, apporte un soutien et un accompagnement \u00e0 tous les acteurs \u00e9conomiques, de m\u00eame qu\u2019il est pr\u00e9sent de plus en plus dans le paysage socio-\u00e9conomique et doit jouer un r\u00f4le important dans le cadre du nouveau mod\u00e8le de d\u00e9veloppement.<\/p>\n<p class=\"c4\">Cela n\u00e9cessite l\u2019am\u00e9lioration de la qualit\u00e9 des apprentissages et de la connaissance sur le m\u00e9tier de l\u2019expert-comptable, d\u2019o\u00f9 l\u2019int\u00e9r\u00eat que porte l\u2019OEC aux partenariats avec les institutions acad\u00e9miques et \u00e0 la promotion de la recherche dans le domaine \u00e9conomique, manag\u00e9rial et financier, a-t-il ajout\u00e9.<\/p>\n<p class=\"c4\">De son c\u00f4t\u00e9, M. Zarhloule a pass\u00e9 en revue les efforts et les r\u00e9alisations de l\u2019UMP en mati\u00e8re de promotion des fili\u00e8res finance, comptabilit\u00e9, fiscalit\u00e9, gestion d\u2019entreprise, audit et autres, qui permettent \u00e0 la r\u00e9gion de disposer d\u2019un r\u00e9servoir de comp\u00e9tences qui a besoin de l\u2019expertise et de l\u2019accompagnement des experts comptables.<\/p>\n<p class=\"c4\">Pour sa part, M. Bachiri a mis en exergue le r\u00f4le des experts comptables, premier soutien des entrepreneurs et qui permettent aux entreprises de se concentrer sur le c\u0153ur de leurs m\u00e9tiers et leur savoir-faire. Un r\u00f4le dont l\u2019importance est devenue encore plus \u00e9vidente en cette p\u00e9riode de crise pand\u00e9mique, a-t-il relev\u00e9.<\/p>\n<p class=\"c4\">Cette rencontre a \u00e9t\u00e9 marqu\u00e9e par l\u2019organisation d\u2019une conf\u00e9rence ax\u00e9e sur les liens entre universit\u00e9 et le m\u00e9tier d\u2019expert-comptable. Les intervenants ont notamment proc\u00e9d\u00e9 \u00e0 la pr\u00e9sentation du m\u00e9tier d\u2019expert-comptable et de l\u2019offre de formation et de recherche de l\u2019UMP dans le cadre de la r\u00e9forme Bachelor.<\/p>\n<p class=\"c4\">Ils ont aussi abord\u00e9 le r\u00f4le de l\u2019expert-comptable dans le d\u00e9veloppement de la r\u00e9gion de l\u2019Oriental et le r\u00f4le de l\u2019UMP dans le d\u00e9veloppement \u00e9conomique et social de cette r\u00e9gion.<\/p>\n<p>Auteur: Soufiane ELAHMAR<br \/>\n<a href=\"http:\/\/www.mapoujda.ma\/fr\/oriental-les-experts-comptables-sallient-avec-luniversite-et-le-patronat-au-service-des-acteurs-economiques\/\">Cliquez ici pour lire l&rsquo;article depuis sa source.<\/a><\/p>\n","protected":false},"excerpt":{"rendered":"<p>Des conventions de partenariat ont \u00e9t\u00e9 sign\u00e9es, vendredi \u00e0 Saidia, entre l\u2019Ordre des experts comptables (OEC), d\u2019une part, et l\u2019Universit\u00e9 Mohammed Premier (UMP) d\u2019Oujda et la Conf\u00e9d\u00e9ration g\u00e9n\u00e9rale des entreprises du Maroc (CGEM), section de l\u2019Oriental, d\u2019autre part, en vue de conjuguer leurs efforts au service du d\u00e9veloppement et des acteurs \u00e9conomiques. Ces accords ont [&hellip;]<\/p>\n","protected":false},"author":1788,"featured_media":0,"comment_status":"closed","ping_status":"closed","sticky":false,"template":"","format":"standard","meta":{"fifu_image_url":"","fifu_image_alt":"","footnotes":""},"categories":[54,76],"tags":[],"class_list":["post-118050","post","type-post","status-publish","format-standard","hentry","category-maroc","category-regions"],"_links":{"self":[{"href":"https:\/\/linitiative.ca\/International\/wp-json\/wp\/v2\/posts\/118050","targetHints":{"allow":["GET"]}}],"collection":[{"href":"https:\/\/linitiative.ca\/International\/wp-json\/wp\/v2\/posts"}],"about":[{"href":"https:\/\/linitiative.ca\/International\/wp-json\/wp\/v2\/types\/post"}],"author":[{"embeddable":true,"href":"https:\/\/linitiative.ca\/International\/wp-json\/wp\/v2\/users\/1788"}],"replies":[{"embeddable":true,"href":"https:\/\/linitiative.ca\/International\/wp-json\/wp\/v2\/comments?post=118050"}],"version-history":[{"count":0,"href":"https:\/\/linitiative.ca\/International\/wp-json\/wp\/v2\/posts\/118050\/revisions"}],"wp:attachment":[{"href":"https:\/\/linitiative.ca\/International\/wp-json\/wp\/v2\/media?parent=118050"}],"wp:term":[{"taxonomy":"category","embeddable":true,"href":"https:\/\/linitiative.ca\/International\/wp-json\/wp\/v2\/categories?post=118050"},{"taxonomy":"post_tag","embeddable":true,"href":"https:\/\/linitiative.ca\/International\/wp-json\/wp\/v2\/tags?post=118050"}],"curies":[{"name":"wp","href":"https:\/\/api.w.org\/{rel}","templated":true}]}}