{"id":118051,"date":"2021-06-05T09:47:09","date_gmt":"2021-06-05T13:47:09","guid":{"rendered":"https:\/\/linitiative.ca\/International\/african-lion-2021-letat-major-general-des-far-devoile-les-details\/"},"modified":"2021-06-05T09:47:09","modified_gmt":"2021-06-05T13:47:09","slug":"african-lion-2021-letat-major-general-des-far-devoile-les-details","status":"publish","type":"post","link":"https:\/\/linitiative.ca\/International\/african-lion-2021-letat-major-general-des-far-devoile-les-details\/","title":{"rendered":"\u00ab\u00a0African Lion 2021\u00a0\u00bb: l&rsquo;\u00c9tat-major G\u00e9n\u00e9ral des FAR d\u00e9voile les d\u00e9tails"},"content":{"rendered":"<p class=\"rtejustify\">Sur Hautes Instructions de Sa Majest\u00e9 le Roi, Chef Supr\u00eame et Chef d\u2019\u00c9tat-major G\u00e9n\u00e9ral des Forces Arm\u00e9es Royales, l\u2019exercice combin\u00e9 maroco-am\u00e9ricain \u00ab\u00a0African Lion 2021\u00a0\u00bb se d\u00e9roulera du 07 au 18 juin 2021 dans les r\u00e9gions d\u2019Agadir, Tifnit, Tan Tan, Mehbes, Tafraout, Ben Gu\u00e9rir et K\u00e9nitra, impliquant de milliers de miliaires multinationaux et un nombre tr\u00e8s important de mat\u00e9riel terrestre, a\u00e9rien et maritime.<\/p>\n<p class=\"rtejustify\">En plus des \u00c9tats-Unis d\u2019Am\u00e9rique et du Royaume du Maroc, la 17\u00e8me \u00e9dition de cet exercice conna\u00eetra la participation de la Grande Bretagne, du Br\u00e9sil, du Canada, de la Tunisie, du S\u00e9n\u00e9gal, des Pays Bas, d\u2019Italie ainsi que de l\u2019Alliance Atlantique, en plus d\u2019observateurs militaires d\u2019une trentaine de pays repr\u00e9sentant l\u2019Afrique, l\u2019Europe et l\u2019Am\u00e9rique, a indiqu\u00e9 samedi l\u2019\u00c9tat-major g\u00e9n\u00e9ral des Forces arm\u00e9es royales (FAR) dans un communiqu\u00e9.<\/p>\n<p class=\"rtejustify\">Les objectifs de cet exercice, consid\u00e9r\u00e9 parmi les exercices interalli\u00e9s les plus importants dans le monde, sont nombreux : renforcer les capacit\u00e9s man\u0153uvri\u00e8res des unit\u00e9s participantes; consolider l\u2019interop\u00e9rabilit\u00e9 entre les participants en mati\u00e8re de planification et de conduite d\u2019op\u00e9rations interarm\u00e9es dans le cadre d\u2019une coalition; perfectionner les tactiques, les techniques et les proc\u00e9dures; d\u00e9velopper les aptitudes en mati\u00e8re de cyberd\u00e9fense, entra\u00eener la composante a\u00e9rienne \u00e0 la conduite des op\u00e9rations de chasse, d\u2019appui et de ravitaillement en vol; consolider la coop\u00e9ration dans le domaine de la s\u00e9curit\u00e9 maritime; conduire des exercices en mer dans le domaine de la tactique navale et des luttes conventionnelles et mener des activit\u00e9s d\u2019ordre humanitaire, a pr\u00e9cis\u00e9 la m\u00eame source. Il englobera, en plus des formations et des simulations aux activit\u00e9s du commandement et des entra\u00eenements sur les op\u00e9rations de lutte contre les organismes terroristes violents, des exercices terrestres, a\u00e9roport\u00e9s, a\u00e9riens, maritimes et de d\u00e9contamination NRBC (Nucl\u00e9aire, Radiologique, Biologique et Chimique).<\/p>\n<p class=\"rtejustify\">Par ailleurs, et au titre des activit\u00e9s parall\u00e8les \u00e0 vocation humanitaire, un H\u00f4pital m\u00e9dicochirurgical de campagne sera d\u00e9ploy\u00e9 au niveau d\u2019Amlen (Tafraout) o\u00f9 des prestations m\u00e9dicales et chirurgicales vont \u00eatre dispens\u00e9es au profit des populations locales de la r\u00e9gion, par des \u00e9quipes m\u00e9dicales constitu\u00e9es de m\u00e9decins et d\u2019infirmiers des FAR et de l\u2019Arm\u00e9e am\u00e9ricaine, a relev\u00e9 l\u2019\u00c9tat-major g\u00e9n\u00e9ral.<\/p>\n<p class=\"rtejustify\">L\u2019exercice \u00ab\u00a0African Lion 2021\u00a0\u00bb, en tant qu\u2019exercice multinational interarm\u00e9es, fait partie des exercices majeurs organis\u00e9 et dirig\u00e9 conjointement par le commandement des \u00c9tats-Unis pour l\u2019Afrique (AFRICOM) et les Forces Arm\u00e9es Royales, visant \u00e0 consolider le niveau de coop\u00e9ration et de formation, \u00e0 accroitre l\u2019interop\u00e9rabilit\u00e9 ainsi qu\u2019\u00e0 promouvoir l\u2019\u00e9change d\u2019exp\u00e9rience et de savoir entre les diff\u00e9rentes composantes militaires afin de leur permettre d\u2019atteindre leur pleine capacit\u00e9 op\u00e9rationnelle, conclut le communiqu\u00e9.<\/p>\n<p class=\"rtejustify\">\u00a0<\/p>\n<p>Auteur: mbasraoui<br \/>\n<a href=\"https:\/\/www.leconomiste.com\/flash-infos\/african-lion-2021-l-etat-major-general-des-far-devoile-les-details\">Cliquez ici pour lire l&rsquo;article depuis sa source.<\/a><\/p>\n","protected":false},"excerpt":{"rendered":"<p>Sur Hautes Instructions de Sa Majest\u00e9 le Roi, Chef Supr\u00eame et Chef d\u2019\u00c9tat-major G\u00e9n\u00e9ral des Forces Arm\u00e9es Royales, l\u2019exercice combin\u00e9 maroco-am\u00e9ricain \u00ab\u00a0African Lion 2021\u00a0\u00bb se d\u00e9roulera du 07 au 18 juin 2021 dans les r\u00e9gions d\u2019Agadir, Tifnit, Tan Tan, Mehbes, Tafraout, Ben Gu\u00e9rir et K\u00e9nitra, impliquant de milliers de miliaires multinationaux et un nombre tr\u00e8s [&hellip;]<\/p>\n","protected":false},"author":1763,"featured_media":0,"comment_status":"closed","ping_status":"closed","sticky":false,"template":"","format":"standard","meta":{"fifu_image_url":"","fifu_image_alt":"","footnotes":""},"categories":[78,54],"tags":[],"class_list":["post-118051","post","type-post","status-publish","format-standard","hentry","category-economie","category-maroc"],"_links":{"self":[{"href":"https:\/\/linitiative.ca\/International\/wp-json\/wp\/v2\/posts\/118051","targetHints":{"allow":["GET"]}}],"collection":[{"href":"https:\/\/linitiative.ca\/International\/wp-json\/wp\/v2\/posts"}],"about":[{"href":"https:\/\/linitiative.ca\/International\/wp-json\/wp\/v2\/types\/post"}],"author":[{"embeddable":true,"href":"https:\/\/linitiative.ca\/International\/wp-json\/wp\/v2\/users\/1763"}],"replies":[{"embeddable":true,"href":"https:\/\/linitiative.ca\/International\/wp-json\/wp\/v2\/comments?post=118051"}],"version-history":[{"count":0,"href":"https:\/\/linitiative.ca\/International\/wp-json\/wp\/v2\/posts\/118051\/revisions"}],"wp:attachment":[{"href":"https:\/\/linitiative.ca\/International\/wp-json\/wp\/v2\/media?parent=118051"}],"wp:term":[{"taxonomy":"category","embeddable":true,"href":"https:\/\/linitiative.ca\/International\/wp-json\/wp\/v2\/categories?post=118051"},{"taxonomy":"post_tag","embeddable":true,"href":"https:\/\/linitiative.ca\/International\/wp-json\/wp\/v2\/tags?post=118051"}],"curies":[{"name":"wp","href":"https:\/\/api.w.org\/{rel}","templated":true}]}}