{"id":118052,"date":"2021-06-05T11:53:34","date_gmt":"2021-06-05T15:53:34","guid":{"rendered":"https:\/\/linitiative.ca\/International\/concours-de-lx-38-marocains-admissibles\/"},"modified":"2021-06-05T11:53:34","modified_gmt":"2021-06-05T15:53:34","slug":"concours-de-lx-38-marocains-admissibles","status":"publish","type":"post","link":"https:\/\/linitiative.ca\/International\/concours-de-lx-38-marocains-admissibles\/","title":{"rendered":"Concours de l\u2019X: 38 Marocains admissibles"},"content":{"rendered":"<p>Parmi les \u00e9l\u00e8ves ayant pass\u00e9 le concours \u00e9crit de l\u2019Ecole polytechnique au Maroc cette ann\u00e9e, 38 sont admissibles, dont 6 filles. Les \u00e9l\u00e8ves des pr\u00e9pas du lyc\u00e9e d\u2019excellence de Benguerir, Lydex, cartonnent toujours avec 25 admissibles. Ils sont suivis de ceux de la pr\u00e9pa priv\u00e9e Zahraoui \u00e0 Rabat (4), et de ceux des classes pr\u00e9paratoires aux grandes \u00e9coles des lyc\u00e9es Mohammed V de Casablanca (3), Ibn Timiya de Marrakech (2), Moulay Youssef de Rabat\u00a0(2),\u00a0Moulay Driss de F\u00e8s (1) et Ibn Ghazi\u00a0de Rabat (1). A.Na\u00a0 \u00a0\u00a0<\/p>\n<p>Auteur: anazih<br \/>\n<a href=\"https:\/\/www.leconomiste.com\/flash-infos\/concours-de-l-x-38-marocains-admissibles\">Cliquez ici pour lire l&rsquo;article depuis sa source.<\/a><\/p>\n","protected":false},"excerpt":{"rendered":"<p>Parmi les \u00e9l\u00e8ves ayant pass\u00e9 le concours \u00e9crit de l\u2019Ecole polytechnique au Maroc cette ann\u00e9e, 38 sont admissibles, dont 6 filles. Les \u00e9l\u00e8ves des pr\u00e9pas du lyc\u00e9e d\u2019excellence de Benguerir, Lydex, cartonnent toujours avec 25 admissibles. Ils sont suivis de ceux de la pr\u00e9pa priv\u00e9e Zahraoui \u00e0 Rabat (4), et de ceux des classes pr\u00e9paratoires [&hellip;]<\/p>\n","protected":false},"author":1763,"featured_media":0,"comment_status":"closed","ping_status":"closed","sticky":false,"template":"","format":"standard","meta":{"fifu_image_url":"","fifu_image_alt":"","footnotes":""},"categories":[78,54],"tags":[],"class_list":["post-118052","post","type-post","status-publish","format-standard","hentry","category-economie","category-maroc"],"_links":{"self":[{"href":"https:\/\/linitiative.ca\/International\/wp-json\/wp\/v2\/posts\/118052","targetHints":{"allow":["GET"]}}],"collection":[{"href":"https:\/\/linitiative.ca\/International\/wp-json\/wp\/v2\/posts"}],"about":[{"href":"https:\/\/linitiative.ca\/International\/wp-json\/wp\/v2\/types\/post"}],"author":[{"embeddable":true,"href":"https:\/\/linitiative.ca\/International\/wp-json\/wp\/v2\/users\/1763"}],"replies":[{"embeddable":true,"href":"https:\/\/linitiative.ca\/International\/wp-json\/wp\/v2\/comments?post=118052"}],"version-history":[{"count":0,"href":"https:\/\/linitiative.ca\/International\/wp-json\/wp\/v2\/posts\/118052\/revisions"}],"wp:attachment":[{"href":"https:\/\/linitiative.ca\/International\/wp-json\/wp\/v2\/media?parent=118052"}],"wp:term":[{"taxonomy":"category","embeddable":true,"href":"https:\/\/linitiative.ca\/International\/wp-json\/wp\/v2\/categories?post=118052"},{"taxonomy":"post_tag","embeddable":true,"href":"https:\/\/linitiative.ca\/International\/wp-json\/wp\/v2\/tags?post=118052"}],"curies":[{"name":"wp","href":"https:\/\/api.w.org\/{rel}","templated":true}]}}