{"id":118054,"date":"2021-06-05T15:14:28","date_gmt":"2021-06-05T19:14:28","guid":{"rendered":"https:\/\/linitiative.ca\/International\/equipe-dalgerie-une-premiere-reussie-pour-bedrane\/"},"modified":"2021-06-05T15:14:28","modified_gmt":"2021-06-05T19:14:28","slug":"equipe-dalgerie-une-premiere-reussie-pour-bedrane","status":"publish","type":"post","link":"https:\/\/linitiative.ca\/International\/equipe-dalgerie-une-premiere-reussie-pour-bedrane\/","title":{"rendered":"Equipe d&rsquo;Alg\u00e9rie : Une premi\u00e8re r\u00e9ussie pour Bedrane"},"content":{"rendered":"<div readability=\"32\">\n<p>Auteur : <span>Moumen A.<\/span> <span class=\"time\">samedi 05 juin 2021 10:47<\/span><\/p>\n<\/div>\n<div id=\"post_core\" readability=\"51\">\n<p>Align\u00e9 pour la premi\u00e8re fois dans une d\u00e9fense in\u00e9dite le soci\u00e9taire de l\u2019Esp\u00e9rance Sportive de Tunis, Abdelkader Bedrane, a sorti une prestation tr\u00e8s correcte. Tr\u00e8s serein derri\u00e8re, l\u2019ancien joueur de l\u2019ES S\u00e9tif ne se contentait pas uniquement de diriger sa d\u00e9fense. Ses interventions et ses relances propres ont \u00e9t\u00e9 le fait le plus marquant pour lui dans cette premi\u00e8re exp\u00e9rience en d\u00e9fense centrale avec un autre bleu chez les Verts \u00e0 savoir Ahmed Touba. Il est vrai que l\u2019arri\u00e8re garde de l\u2019EN n\u2019a pas \u00e9t\u00e9 mise \u00e0 rudes \u00e9preuves mais on a bien senti Bedrane serein et concentr\u00e9 sur pratiquement tous les ballons qu\u2019il avait \u00e0 disputer.<\/p>\n<p><strong>Un s\u00e9rieux concurrent dans l\u2019axe<\/strong><\/p>\n<p>Fougueux et assez entreprenant Abdelkader Bedrane, aguerri en Afrique avec ses multiples sorties sous les couleurs de l\u2019ES S\u00e9tif et l\u2019ES Tunis en comp\u00e9titions continentales,\u00a0 ne laissait rien passer. Sa belle lecture de jeu et son bon placement en d\u00e9fense centrale lui ont permis de rentrer\u00a0 rapidement dans le match. De quoi rassurer le s\u00e9lectionneur national Djamel Belmadi, surtout que l\u2019autre joueur dans ce poste \u00e0 savoir Djamel Benlamri n\u2019est pas au top de sa forme. On peut dire aussi que l\u2019apr\u00e8s\u00a0 Benlamri est d\u00e9j\u00e0 assur\u00e9, \u00e0 condition que le joueur de l&rsquo;Esp\u00e9rance\u00a0 continue \u00e0 travailler et montrer la m\u00eame rage lors des prochaines sorties.<\/p>\n<p><strong>Moumen A.<\/strong><\/p>\n<p><strong>Publi\u00e9 dans :<\/strong> <span>Djamel Belamri<\/span> <span>Abdelkader Bedrane<\/span><\/p>\n<\/div>\n<p>Auteur:<br \/>\n<a href=\"http:\/\/www.lebuteur.com\/article\/detail?titre=une-premiere-reussie-pour-bedrane&#038;id=100281&#038;utm_source=feedburner&#038;utm_medium=feed&#038;utm_campaign=Feed%3A+GalerieFArtciles+%28Les+derniers+articles++-+lebuteur.com%29\">Cliquez ici pour lire l&rsquo;article depuis sa source.<\/a><\/p>\n","protected":false},"excerpt":{"rendered":"<p>Auteur : Moumen A. samedi 05 juin 2021 10:47 Align\u00e9 pour la premi\u00e8re fois dans une d\u00e9fense in\u00e9dite le soci\u00e9taire de l\u2019Esp\u00e9rance Sportive de Tunis, Abdelkader Bedrane, a sorti une prestation tr\u00e8s correcte. Tr\u00e8s serein derri\u00e8re, l\u2019ancien joueur de l\u2019ES S\u00e9tif ne se contentait pas uniquement de diriger sa d\u00e9fense. Ses interventions et ses relances [&hellip;]<\/p>\n","protected":false},"author":1738,"featured_media":0,"comment_status":"closed","ping_status":"closed","sticky":false,"template":"","format":"standard","meta":{"fifu_image_url":"\/\/cdn.lebuteur.com\/data\/images\/article\/thumbs\/large-une-premiere-reussie-pour-bedrane-f3891.jpg","fifu_image_alt":"Equipe d'Alg\u00e9rie : Une premi\u00e8re r\u00e9ussie pour Bedrane","footnotes":""},"categories":[53,75],"tags":[],"class_list":["post-118054","post","type-post","status-publish","format-standard","hentry","category-algerie","category-sport"],"_links":{"self":[{"href":"https:\/\/linitiative.ca\/International\/wp-json\/wp\/v2\/posts\/118054","targetHints":{"allow":["GET"]}}],"collection":[{"href":"https:\/\/linitiative.ca\/International\/wp-json\/wp\/v2\/posts"}],"about":[{"href":"https:\/\/linitiative.ca\/International\/wp-json\/wp\/v2\/types\/post"}],"author":[{"embeddable":true,"href":"https:\/\/linitiative.ca\/International\/wp-json\/wp\/v2\/users\/1738"}],"replies":[{"embeddable":true,"href":"https:\/\/linitiative.ca\/International\/wp-json\/wp\/v2\/comments?post=118054"}],"version-history":[{"count":0,"href":"https:\/\/linitiative.ca\/International\/wp-json\/wp\/v2\/posts\/118054\/revisions"}],"wp:attachment":[{"href":"https:\/\/linitiative.ca\/International\/wp-json\/wp\/v2\/media?parent=118054"}],"wp:term":[{"taxonomy":"category","embeddable":true,"href":"https:\/\/linitiative.ca\/International\/wp-json\/wp\/v2\/categories?post=118054"},{"taxonomy":"post_tag","embeddable":true,"href":"https:\/\/linitiative.ca\/International\/wp-json\/wp\/v2\/tags?post=118054"}],"curies":[{"name":"wp","href":"https:\/\/api.w.org\/{rel}","templated":true}]}}