{"id":118055,"date":"2021-06-05T15:14:30","date_gmt":"2021-06-05T19:14:30","guid":{"rendered":"https:\/\/linitiative.ca\/International\/international-ruben-dias-remporte-le-titre-de-meilleur-joueur-de-la-saison-en-premier-league\/"},"modified":"2021-06-05T15:14:30","modified_gmt":"2021-06-05T19:14:30","slug":"international-ruben-dias-remporte-le-titre-de-meilleur-joueur-de-la-saison-en-premier-league","status":"publish","type":"post","link":"https:\/\/linitiative.ca\/International\/international-ruben-dias-remporte-le-titre-de-meilleur-joueur-de-la-saison-en-premier-league\/","title":{"rendered":"International : Ruben Dias remporte le titre de meilleur joueur de la saison en Premier League"},"content":{"rendered":"<div readability=\"32\">\n<p>Auteur : <span class=\"time\">samedi 05 juin 2021 11:39<\/span><\/p>\n<\/div>\n<div id=\"post_core\" readability=\"43\">\n<p>Le d\u00e9fenseur central portugais devance au classement son partenaire \u00e0 City Kevin de Bruyne et Harry Kane comme l&rsquo;indique Footmercato.<\/p>\n<p>Titulaire indiscutable au sein du onze fa\u00e7onn\u00e9 par Pep Guardiola, l&rsquo;int\u00e9ress\u00e9 a disput\u00e9 32 matchs en Premier League cette saison pour un but marqu\u00e9. Ruben Dias a su se rendre indispensable aux yeux de l&rsquo;entra\u00eeneur espagnol, ce qui a propuls\u00e9 Aymeric Laporte sur le banc des Citizens. Sacr\u00e9 champion d&rsquo;Angleterre avec Manchester City, Dias voudra achever sa saison en beaut\u00e9 en conservant le titre de champion d&rsquo;Europe \u00e0 l&rsquo;Euro avec le Portugal.<\/p>\n<p><img decoding=\"async\" alt=\"\" src=\"https:\/\/i.dailymail.co.uk\/1s\/2021\/06\/05\/11\/43861633-9654789-image-a-88_1622888217248.jpg\" class=\"c2\"\/><\/p>\n<p><strong>Publi\u00e9 dans :<\/strong> <span>Ruben Dias<\/span><\/p>\n<\/div>\n<p>Auteur:<br \/>\n<a href=\"http:\/\/www.lebuteur.com\/article\/detail?titre=ruben-dias-remporte-le-titre-de-meilleur-joueur-de-la-saison-en-premier-league&#038;id=100280&#038;utm_source=feedburner&#038;utm_medium=feed&#038;utm_campaign=Feed%3A+GalerieFArtciles+%28Les+derniers+articles++-+lebuteur.com%29\">Cliquez ici pour lire l&rsquo;article depuis sa source.<\/a><\/p>\n","protected":false},"excerpt":{"rendered":"<p>Auteur : samedi 05 juin 2021 11:39 Le d\u00e9fenseur central portugais devance au classement son partenaire \u00e0 City Kevin de Bruyne et Harry Kane comme l&rsquo;indique Footmercato. Titulaire indiscutable au sein du onze fa\u00e7onn\u00e9 par Pep Guardiola, l&rsquo;int\u00e9ress\u00e9 a disput\u00e9 32 matchs en Premier League cette saison pour un but marqu\u00e9. Ruben Dias a su [&hellip;]<\/p>\n","protected":false},"author":1738,"featured_media":0,"comment_status":"closed","ping_status":"closed","sticky":false,"template":"","format":"standard","meta":{"fifu_image_url":"\/\/cdn.lebuteur.com\/data\/images\/article\/thumbs\/large-ruben-dias-remporte-le-titre-de-meilleur-joueur-de-la-saison-en-premier-league-be798.jpg","fifu_image_alt":"International : Ruben Dias remporte le titre de meilleur joueur de la saison en Premier League","footnotes":""},"categories":[53,75],"tags":[],"class_list":["post-118055","post","type-post","status-publish","format-standard","hentry","category-algerie","category-sport"],"_links":{"self":[{"href":"https:\/\/linitiative.ca\/International\/wp-json\/wp\/v2\/posts\/118055","targetHints":{"allow":["GET"]}}],"collection":[{"href":"https:\/\/linitiative.ca\/International\/wp-json\/wp\/v2\/posts"}],"about":[{"href":"https:\/\/linitiative.ca\/International\/wp-json\/wp\/v2\/types\/post"}],"author":[{"embeddable":true,"href":"https:\/\/linitiative.ca\/International\/wp-json\/wp\/v2\/users\/1738"}],"replies":[{"embeddable":true,"href":"https:\/\/linitiative.ca\/International\/wp-json\/wp\/v2\/comments?post=118055"}],"version-history":[{"count":0,"href":"https:\/\/linitiative.ca\/International\/wp-json\/wp\/v2\/posts\/118055\/revisions"}],"wp:attachment":[{"href":"https:\/\/linitiative.ca\/International\/wp-json\/wp\/v2\/media?parent=118055"}],"wp:term":[{"taxonomy":"category","embeddable":true,"href":"https:\/\/linitiative.ca\/International\/wp-json\/wp\/v2\/categories?post=118055"},{"taxonomy":"post_tag","embeddable":true,"href":"https:\/\/linitiative.ca\/International\/wp-json\/wp\/v2\/tags?post=118055"}],"curies":[{"name":"wp","href":"https:\/\/api.w.org\/{rel}","templated":true}]}}