{"id":118056,"date":"2021-06-05T15:14:31","date_gmt":"2021-06-05T19:14:31","guid":{"rendered":"https:\/\/linitiative.ca\/International\/pros-belkebla-confirme-de-match-en-match\/"},"modified":"2021-06-05T15:14:31","modified_gmt":"2021-06-05T19:14:31","slug":"pros-belkebla-confirme-de-match-en-match","status":"publish","type":"post","link":"https:\/\/linitiative.ca\/International\/pros-belkebla-confirme-de-match-en-match\/","title":{"rendered":"Pros : Belkebla confirme de match en match !"},"content":{"rendered":"<div readability=\"32\">\n<p>Auteur : <span>Moumen A.<\/span> <span class=\"time\">samedi 05 juin 2021 12:09<\/span><\/p>\n<\/div>\n<div id=\"post_core\" readability=\"41\">\n<p>S\u2019il y a un joueur en plus de Sofiane Feghouli qui a brill\u00e9\u00a0 jeudi soir contre la Mauritanie, c\u2019est surement le milieu de terrain Brestois Haris Belkebla. Toujours aussi disponible, habille et assez pr\u00e9cis dans ses passes, Belkebla a d\u00e9montr\u00e9 encore une fois qu\u2019il est bien en mesure d\u2019apporter la concurrence recherch\u00e9e par l\u2019entraineur Djamel Belmadi. Sa compl\u00e9mentarit\u00e9 avec Feghouli a \u00e9t\u00e9 remarquable notamment lorsque les Verts \u00e9voluaient en 4-2-3-1. Haris\u00a0 donnait aussi plusieurs solutions\u00a0 aux porteurs du ballon par ses mouvement constants et ses d\u00e9placements tr\u00e8s juste , ainsi que son bon sens d\u2019orientation du jeu. Sur le plan tactique il aura\u00a0 \u00e9t\u00e9 de l\u2019avis de tous pr\u00e9cieux.\u00a0<\/p>\n<p><strong>Moumen A.<\/strong><\/p>\n<p><strong>Publi\u00e9 dans :<\/strong> <span>haris belkebla<\/span> <span>Belmadi Djamel<\/span><\/p>\n<\/div>\n<p>Auteur:<br \/>\n<a href=\"http:\/\/www.lebuteur.com\/article\/detail?titre=belkebla-confirme-de-match-en-match&#038;id=100282&#038;utm_source=feedburner&#038;utm_medium=feed&#038;utm_campaign=Feed%3A+GalerieFArtciles+%28Les+derniers+articles++-+lebuteur.com%29\">Cliquez ici pour lire l&rsquo;article depuis sa source.<\/a><\/p>\n","protected":false},"excerpt":{"rendered":"<p>Auteur : Moumen A. samedi 05 juin 2021 12:09 S\u2019il y a un joueur en plus de Sofiane Feghouli qui a brill\u00e9\u00a0 jeudi soir contre la Mauritanie, c\u2019est surement le milieu de terrain Brestois Haris Belkebla. Toujours aussi disponible, habille et assez pr\u00e9cis dans ses passes, Belkebla a d\u00e9montr\u00e9 encore une fois qu\u2019il est bien [&hellip;]<\/p>\n","protected":false},"author":1738,"featured_media":0,"comment_status":"closed","ping_status":"closed","sticky":false,"template":"","format":"standard","meta":{"fifu_image_url":"\/\/cdn.lebuteur.com\/data\/images\/article\/thumbs\/large-belkebla-confirme-de-match-en-match-50a8e.jpg","fifu_image_alt":"Pros : Belkebla confirme de match en match !","footnotes":""},"categories":[53,75],"tags":[],"class_list":["post-118056","post","type-post","status-publish","format-standard","hentry","category-algerie","category-sport"],"_links":{"self":[{"href":"https:\/\/linitiative.ca\/International\/wp-json\/wp\/v2\/posts\/118056","targetHints":{"allow":["GET"]}}],"collection":[{"href":"https:\/\/linitiative.ca\/International\/wp-json\/wp\/v2\/posts"}],"about":[{"href":"https:\/\/linitiative.ca\/International\/wp-json\/wp\/v2\/types\/post"}],"author":[{"embeddable":true,"href":"https:\/\/linitiative.ca\/International\/wp-json\/wp\/v2\/users\/1738"}],"replies":[{"embeddable":true,"href":"https:\/\/linitiative.ca\/International\/wp-json\/wp\/v2\/comments?post=118056"}],"version-history":[{"count":0,"href":"https:\/\/linitiative.ca\/International\/wp-json\/wp\/v2\/posts\/118056\/revisions"}],"wp:attachment":[{"href":"https:\/\/linitiative.ca\/International\/wp-json\/wp\/v2\/media?parent=118056"}],"wp:term":[{"taxonomy":"category","embeddable":true,"href":"https:\/\/linitiative.ca\/International\/wp-json\/wp\/v2\/categories?post=118056"},{"taxonomy":"post_tag","embeddable":true,"href":"https:\/\/linitiative.ca\/International\/wp-json\/wp\/v2\/tags?post=118056"}],"curies":[{"name":"wp","href":"https:\/\/api.w.org\/{rel}","templated":true}]}}