{"id":118058,"date":"2021-06-05T15:14:35","date_gmt":"2021-06-05T19:14:35","guid":{"rendered":"https:\/\/linitiative.ca\/International\/international-edf-lucas-hernandez-fracasse-son-pere\/"},"modified":"2021-06-05T15:14:35","modified_gmt":"2021-06-05T19:14:35","slug":"international-edf-lucas-hernandez-fracasse-son-pere","status":"publish","type":"post","link":"https:\/\/linitiative.ca\/International\/international-edf-lucas-hernandez-fracasse-son-pere\/","title":{"rendered":"International : EdF : Lucas Hernandez fracasse son p\u00e8re"},"content":{"rendered":"<div readability=\"32\">\n<p>Auteur : <span class=\"time\">samedi 05 juin 2021 15:00<\/span><\/p>\n<\/div>\n<div id=\"post_core\" readability=\"52\">\n<p>S\u2019il est aujourd\u2019hui un \u00e9l\u00e9ment essentiel du Bayern Munich et des Bleus, tout n\u2019a pas \u00e9t\u00e9 tout rose pour lui dans son pass\u00e9 et notamment dans sa vie priv\u00e9e.<\/p>\n<p>Dans des propos rapport\u00e9s par Footmercato, le polyvalent d\u00e9fenseur de 25 ans est revenu sur l\u2019abandon de son p\u00e8re Jean-Fran\u00e7ois Hernandez, ex-joueur professionnel pass\u00e9 par l\u2019OM, Toulouse et l\u2019Atl\u00e9tico de Madrid alors qu\u2019il n\u2019avait que cinq ans. Il n\u2019a pas m\u00e2ch\u00e9 ses mots.\u00a0\u00ab Je n\u2019ai jamais compris et je ne comprendrai jamais comment mon p\u00e8re a pu partir du jour au lendemain en nous abandonnant, ma m\u00e8re, mon petit fr\u00e8re Th\u00e9o, et moi. Si un jour, il \u00e9mettait le d\u00e9sir de me voir, j\u2019accepterais de le rencontrer. S\u2019il veut me donner une explication puis repartir, aucun probl\u00e8me. Biologiquement, il est mon p\u00e8re, mais je ne le consid\u00e9rerai jamais ainsi. Ce qu\u2019il a fait est irr\u00e9parable. \u00bb<\/p>\n<p><strong>Publi\u00e9 dans :<\/strong> <span>EdF : Lucas Hernandez<\/span><\/p>\n<\/div>\n<p>Auteur:<br \/>\n<a href=\"http:\/\/www.lebuteur.com\/article\/detail?titre=edf-lucas-hernandez-fracasse-son-pere&#038;id=100283&#038;utm_source=feedburner&#038;utm_medium=feed&#038;utm_campaign=Feed%3A+GalerieFArtciles+%28Les+derniers+articles++-+lebuteur.com%29\">Cliquez ici pour lire l&rsquo;article depuis sa source.<\/a><\/p>\n","protected":false},"excerpt":{"rendered":"<p>Auteur : samedi 05 juin 2021 15:00 S\u2019il est aujourd\u2019hui un \u00e9l\u00e9ment essentiel du Bayern Munich et des Bleus, tout n\u2019a pas \u00e9t\u00e9 tout rose pour lui dans son pass\u00e9 et notamment dans sa vie priv\u00e9e. Dans des propos rapport\u00e9s par Footmercato, le polyvalent d\u00e9fenseur de 25 ans est revenu sur l\u2019abandon de son p\u00e8re [&hellip;]<\/p>\n","protected":false},"author":1738,"featured_media":0,"comment_status":"closed","ping_status":"closed","sticky":false,"template":"","format":"standard","meta":{"fifu_image_url":"\/\/cdn.lebuteur.com\/data\/images\/article\/thumbs\/large-edf-lucas-hernandez-fracasse-son-pere-04f5f.jpg","fifu_image_alt":"International : EdF : Lucas Hernandez fracasse son p\u00e8re","footnotes":""},"categories":[53,75],"tags":[],"class_list":["post-118058","post","type-post","status-publish","format-standard","hentry","category-algerie","category-sport"],"_links":{"self":[{"href":"https:\/\/linitiative.ca\/International\/wp-json\/wp\/v2\/posts\/118058","targetHints":{"allow":["GET"]}}],"collection":[{"href":"https:\/\/linitiative.ca\/International\/wp-json\/wp\/v2\/posts"}],"about":[{"href":"https:\/\/linitiative.ca\/International\/wp-json\/wp\/v2\/types\/post"}],"author":[{"embeddable":true,"href":"https:\/\/linitiative.ca\/International\/wp-json\/wp\/v2\/users\/1738"}],"replies":[{"embeddable":true,"href":"https:\/\/linitiative.ca\/International\/wp-json\/wp\/v2\/comments?post=118058"}],"version-history":[{"count":0,"href":"https:\/\/linitiative.ca\/International\/wp-json\/wp\/v2\/posts\/118058\/revisions"}],"wp:attachment":[{"href":"https:\/\/linitiative.ca\/International\/wp-json\/wp\/v2\/media?parent=118058"}],"wp:term":[{"taxonomy":"category","embeddable":true,"href":"https:\/\/linitiative.ca\/International\/wp-json\/wp\/v2\/categories?post=118058"},{"taxonomy":"post_tag","embeddable":true,"href":"https:\/\/linitiative.ca\/International\/wp-json\/wp\/v2\/tags?post=118058"}],"curies":[{"name":"wp","href":"https:\/\/api.w.org\/{rel}","templated":true}]}}