{"id":118059,"date":"2021-06-05T04:00:00","date_gmt":"2021-06-05T08:00:00","guid":{"rendered":"https:\/\/linitiative.ca\/International\/fraise-la-reapparition-sur-les-etals-du-petit-fruit-rouge-apres-une-longue-hibernation\/"},"modified":"2021-06-05T04:00:00","modified_gmt":"2021-06-05T08:00:00","slug":"fraise-la-reapparition-sur-les-etals-du-petit-fruit-rouge-apres-une-longue-hibernation","status":"publish","type":"post","link":"https:\/\/linitiative.ca\/International\/fraise-la-reapparition-sur-les-etals-du-petit-fruit-rouge-apres-une-longue-hibernation\/","title":{"rendered":"Fraise : la r\u00e9apparition sur les \u00e9tals du petit fruit rouge apr\u00e8s une longue hibernation"},"content":{"rendered":"<p>A l\u2019arriv\u00e9e du printemps, la fraise fait son apparition sur nos \u00e9tals pour le bonheur des plus gourmands. Ce petit fruit rouge est riche en vitamines et min\u00e9raux et poss\u00e8de de nombreux bienfaits pour la sant\u00e9. On la consomme g\u00e9n\u00e9ralement en dessert, crue avec du sucre ou de la chantilly, mais elle se marie \u00e9galement tr\u00e8s bien avec des salades pour un m\u00e9lange sucr\u00e9\/sal\u00e9.<\/p>\n<p class=\"c2\"><img decoding=\"async\" src=\"\/uploads\/FCK_files\/Fraise-moy.jpg\" alt=\"\" width=\"100%\" vspace=\"5\" hspace=\"5\" align=\"middle\"\/><\/p>\n<p>Le Cap Bon demeure la premi\u00e8re r\u00e9gion du pays o\u00f9 on cultive les fraises. Plus particuli\u00e8rement du c\u00f4t\u00e9 de Ben Aichoun, Korba et Tazerka.<\/p>\n<p>La r\u00e9gion du Cap Bon\u00a0 produit\u00a0 \u00e0 elle seule 90 % de la production nationale.<\/p>\n<p class=\"c2\"><img decoding=\"async\" src=\"\/uploads\/FCK_files\/Fraise-moy1.jpg\" alt=\"\" width=\"100%\" vspace=\"5\" hspace=\"5\" align=\"middle\"\/><\/p>\n<p>Auteur:<br \/>\n<a href=\"https:\/\/www.leaders.com.tn\/article\/31987-fraise\">Cliquez ici pour lire l&rsquo;article depuis sa source.<\/a><\/p>\n","protected":false},"excerpt":{"rendered":"<p>A l\u2019arriv\u00e9e du printemps, la fraise fait son apparition sur nos \u00e9tals pour le bonheur des plus gourmands. Ce petit fruit rouge est riche en vitamines et min\u00e9raux et poss\u00e8de de nombreux bienfaits pour la sant\u00e9. On la consomme g\u00e9n\u00e9ralement en dessert, crue avec du sucre ou de la chantilly, mais elle se marie \u00e9galement [&hellip;]<\/p>\n","protected":false},"author":1772,"featured_media":0,"comment_status":"closed","ping_status":"closed","sticky":false,"template":"","format":"standard","meta":{"fifu_image_url":"\/uploads\/FCK_files\/Fraise-moy.jpg","fifu_image_alt":"Fraise : la r\u00e9apparition sur les \u00e9tals du petit fruit rouge apr\u00e8s une longue hibernation","footnotes":""},"categories":[73,55],"tags":[],"class_list":["post-118059","post","type-post","status-publish","format-standard","hentry","category-actualite","category-tunisie"],"_links":{"self":[{"href":"https:\/\/linitiative.ca\/International\/wp-json\/wp\/v2\/posts\/118059","targetHints":{"allow":["GET"]}}],"collection":[{"href":"https:\/\/linitiative.ca\/International\/wp-json\/wp\/v2\/posts"}],"about":[{"href":"https:\/\/linitiative.ca\/International\/wp-json\/wp\/v2\/types\/post"}],"author":[{"embeddable":true,"href":"https:\/\/linitiative.ca\/International\/wp-json\/wp\/v2\/users\/1772"}],"replies":[{"embeddable":true,"href":"https:\/\/linitiative.ca\/International\/wp-json\/wp\/v2\/comments?post=118059"}],"version-history":[{"count":0,"href":"https:\/\/linitiative.ca\/International\/wp-json\/wp\/v2\/posts\/118059\/revisions"}],"wp:attachment":[{"href":"https:\/\/linitiative.ca\/International\/wp-json\/wp\/v2\/media?parent=118059"}],"wp:term":[{"taxonomy":"category","embeddable":true,"href":"https:\/\/linitiative.ca\/International\/wp-json\/wp\/v2\/categories?post=118059"},{"taxonomy":"post_tag","embeddable":true,"href":"https:\/\/linitiative.ca\/International\/wp-json\/wp\/v2\/tags?post=118059"}],"curies":[{"name":"wp","href":"https:\/\/api.w.org\/{rel}","templated":true}]}}