{"id":118060,"date":"2021-06-05T07:00:00","date_gmt":"2021-06-05T11:00:00","guid":{"rendered":"https:\/\/linitiative.ca\/International\/abdelaziz-kacem-hamas-en-hausse-abbas-en-baisse\/"},"modified":"2021-06-05T07:00:00","modified_gmt":"2021-06-05T11:00:00","slug":"abdelaziz-kacem-hamas-en-hausse-abbas-en-baisse","status":"publish","type":"post","link":"https:\/\/linitiative.ca\/International\/abdelaziz-kacem-hamas-en-hausse-abbas-en-baisse\/","title":{"rendered":"Abdelaziz Kacem: Hamas en hausse, Abbas en baisse"},"content":{"rendered":"<p class=\"c2\"><strong><img decoding=\"async\" src=\"\/uploads\/FCK_files\/Abdelaziz-Kacem-(18).jpg\" width=\"20%\" vspace=\"5\" hspace=\"5\" align=\"right\" alt=\"\"\/>Par-del\u00e0 les v\u00e9rit\u00e9s formelles qu\u2019induisent parfois les figures de style, par-del\u00e0 le triomphalisme des bellig\u00e9rants, les choses ont boug\u00e9. Cette \u00e9ni\u00e8me guerre entre le Hamas et Isra\u00ebl a un avant et aura sans doute un apr\u00e8s. Nous ne savons pas de quoi demain sera fait, mais nous connaissons la partie visible des pertes et d\u00e9g\u00e2ts.<\/strong><\/p>\n<p>Comme d\u2019habitude, l\u2019aviation sioniste a fait ce en quoi elle s\u2019est toujours surpass\u00e9e, le massacre des populations et la d\u00e9vastation de leurs habitations : 247 morts dont 66 enfants, 40 femmes, 15 vieillards, plus de mille bless\u00e9s et d\u2019\u00e9normes destructions dans le patrimoine urbain de Gaza. Moralement corrompus par le Talmud, la mort des go\u00efs ne suscite en eux aucun \u00e9tat d\u2019\u00e2me. Dans leurs communiqu\u00e9s militaires, on insiste sur l\u2019an\u00e9antissement du potentiel militaire de la r\u00e9sistance, notamment bien des km de tunnels souterrains qu\u2019ils appellent le m\u00e9tro du Hamas et du Jihad.\u00a0 Mais alors, comment expliquer que les missiles et les roquettes n\u2019aient pas cess\u00e9 de pleuvoir sur de nombreuses villes et sites de l\u2019\u00c9tat h\u00e9breu? On reconna\u00eet la mort de douze Isra\u00e9liens dont deux enfants.\u00a0 Comment en est-on arriv\u00e9 l\u00e0 ? Depuis que Donald Trump, faisant fi du droit et des r\u00e9solutions internationales, a reconnu J\u00e9rusalem comme capitale d\u2019Isra\u00ebl, depuis que son gendre, le gamin Jared Kushner, a annonc\u00e9 l\u2019\u00abAccord du si\u00e8cle\u00bb visant \u00e0 liquider la cause palestinienne, Netanyahu se mit \u00e0 acc\u00e9l\u00e9rer le processus de juda\u00efsation d\u2019El Qods: les \u00e9lections l\u00e9gislatives palestiniennes n\u2019y sont pas autoris\u00e9es, des familles maqdisites\u00a0 du quartier Sheikh Jarrah sont somm\u00e9es de c\u00e9der leurs maisons \u00e0 des colons juifs, l\u2019esplanade de la Mosqu\u00e9e El Aqsa, voire la mosqu\u00e9e elle-m\u00eame, est investie, avec la complicit\u00e9 de la police, par des hordes d\u2019extr\u00e9mistes isra\u00e9lites, qui, r\u00e9guli\u00e8rement, harc\u00e8lent et molestent les fid\u00e8les. Trop, c\u2019est trop !<\/p>\n<p>Devant l\u2019incurie de l\u2019autorit\u00e9 palestinienne, le Hamas prend les affaires en main et r\u00e9ussit \u00e0 f\u00e9d\u00e9rer tous les Palestiniens, y compris ceux de 48. La gr\u00e8ve g\u00e9n\u00e9rale du vendredi 14 mai, en comm\u00e9moration de la Nakba, toute la Palestine historique y participe. Le Pr\u00e9sident de l\u2019\u00c9tat h\u00e9breu parlera de guerre civile. Sous la fen\u00eatre de Mahmoud Abbas, le Tout Ramallah a bruyamment manifest\u00e9, trois jeunes tombent sous les tirs \u00e0 balles r\u00e9elles de la police sioniste.\u00a0 Ce sursaut national constitue la vraie victoire du Hamas et sa r\u00e9conciliation avec Bachar El Assad. Tout le monde sait qu\u2019\u00e0 la prochaine d\u00e9flagration, l\u2019axe de la R\u00e9sistance (Syrie-Hezbollah-Iran) sera encore plus pr\u00e9sent dans la bataille.<\/p>\n<p>Abou Mazen, constamment humili\u00e9 par le Premier ministre isra\u00e9lien et par l\u2019Administration am\u00e9ricaine, voit les ma\u00eetres de Gaza lui couper l\u2019herbe sous le pied. Il n\u2019a jamais aim\u00e9 le Hamas, qui l\u2019agace au plus au point par son discours excessivement th\u00e9ologis\u00e9, son extr\u00e9misme irr\u00e9ductible, son ob\u00e9dience ind\u00e9fectible au mouvement des Fr\u00e8res musulmans. Il en conna\u00eet surtout la gen\u00e8se, il ne lui pardonnera jamais d\u2019avoir, dans le sang, \u00e9vinc\u00e9 le Fath de la bande de Gaza.<\/p>\n<p>T\u00e9moignage de Chedli Klibi, ancien secr\u00e9taire de la Ligue arabe : \u00abIl faut se rappeler, \u00e9crit-il, que le Hamas, \u00e0 ses d\u00e9buts, a b\u00e9n\u00e9fici\u00e9 de l\u2019indulgence des services secrets isra\u00e9liens, qui voulaient affaiblir l\u2019OLP. Des calculs analogues avaient \u00e9t\u00e9 faits ailleurs, dans plusieurs endroits du globe, dont les int\u00e9gristes ont largement profit\u00e9. [\u2026] Jusqu\u2019\u00e0 maintenant, on n\u2019a pas fini de r\u00e9colter les temp\u00eates qui r\u00e9sultent de cette strat\u00e9gie\u00bb (Chedli Klibi, Orient \/ Occident, la paix violente, p.43).<\/p>\n<p>Le g\u00e9n\u00e9ral Yitzhak Segev, ancien gouverneur militaire de Gaza (1973), confirme cette connivence : \u00abNous offrions un peu d\u2019aide financi\u00e8re \u00e0 certains groupes islamiques. Nous soutenions des mosqu\u00e9es et des \u00e9coles dans l\u2019intention de d\u00e9velopper une force de r\u00e9action contre les forces de gauche qui soutenaient l\u2019OLP\u00bb (Cit\u00e9 par R. Lab\u00e9vi\u00e8re, Les dollars de la terreur, p. 219).<\/p>\n<p>L\u2019historien isra\u00e9lien Shlomo Sand ent\u00e9rine: \u00abDans les ann\u00e9es 1970, Isra\u00ebl a encourag\u00e9 les organisations musulmanes dans les territoires occup\u00e9s et a m\u00eame aid\u00e9 \u00e0 cr\u00e9er les premi\u00e8res structures du Hamas, avec l\u2019objectif d\u2019affaiblir le nationalisme la\u00efque et la gauche palestinienne. Les r\u00e9sultats ont largement d\u00e9pass\u00e9 ses esp\u00e9rances ; la m\u00eame chose vaut pour les Am\u00e9ricains en Afghanistan\u00bb (Shlomo Sand, La fin de l\u2019intellectuel fran\u00e7ais ?, p. 239). Le soutien logistique isra\u00e9lien \u00e0 Daech et \u00e0 Nosra en Syrie n\u2019est un secret pour personne. Les colombes arabes ont vibr\u00e9, le 13 septembre 1993, \u00e0 la poign\u00e9e de main entre Yitzhak Rabin et Yasser Arafat, sur la pelouse de la Maison-Blanche, devant Bill Clinton. Nous nous sommes remis \u00e0 esp\u00e9rer la paix. L\u2019enthousiasme dura deux ans, un mois et vingt-deux jours. Le 4 novembre 1995, est organis\u00e9e une manifestation \u00e0 Tel-Aviv en faveur des accords d\u2019Oslo, Rabin y prononce un grand discours dans lequel il dit souhaiter voir le gouvernement dont il est le chef \u00abd\u00e9ployer tous les efforts possibles pour promouvoir et conclure enfin une paix globale. Avec la Syrie, m\u00eame, nous parviendrons \u00e0 conclure la paix\u00bb. Il ajoute en guise de conclusion : \u00abCe rassemblement doit constituer un message transmis au peuple isra\u00e9lien, au peuple juif \u00e0 travers le monde, aux nombreux peuples du monde arabe, et au monde entier : le peuple isra\u00e9lien aspire \u00e0 la paix, affirme sa volont\u00e9 de paix. Et pour tout cela, un immense merci \u00e0 tous\u00bb. Il est imm\u00e9diatement d\u00e9menti. \u00c0 21h30, Rabin se dirige vers sa voiture. Un jeune int\u00e9griste isra\u00e9lien, pur produit des \u00e9coles rabbiniques, lui tire dessus. Trois coups de feu retentissent. Deux d\u2019entre eux atteignent leur cible. C\u2019est \u00e0 Benyamin Netanyahu que profite le crime. Pour lui aussi, Rabin brade la Terre Promise, il a cess\u00e9 d\u2019\u00eatre juif. Isra\u00ebl est plus que jamais en danger de paix.<\/p>\n<p>D\u00e8s l\u2019accession de Sharon au pouvoir en Isra\u00ebl, la question \u00e9tait : aura-t-il assez de grandeur gaullienne pour conclure la paix ? La r\u00e9ponse ne se fit pas attendre. Faisant preuve d\u2019un opportunisme \u00e9hont\u00e9, il n\u2019a pas cess\u00e9, depuis le 11 septembre, d\u2019appeler \u00e0 combattre cet autre \u00abBen Laden\u00bb qu\u2019est le\u00a0 \u00ab terroriste\u00bb Arafat, amalgame rab\u00e2ch\u00e9 \u00e0 sati\u00e9t\u00e9. E\u00fbt-on voulu revigorer l\u2019int\u00e9grisme, per\u00e7u depuis lors comme l\u2019unique force de r\u00e9sistance, qu\u2019on ne se serait pas pris autrement. On aurait pu mettre cette fixation anti-palestinienne sur le compte de la duret\u00e9 et de l\u2019inculture du personnage, n\u2019e\u00fbt \u00e9t\u00e9 l\u2019appui inconditionnel de G. W. Bush. Mais le pr\u00e9sident am\u00e9ricain perd le sens de la mesure et d\u00e9cide de se m\u00ealer de ce qu\u2019il conna\u00eet le moins, la s\u00e9mantique. Il s\u2019\u00e9chine \u00e0 nous donner une d\u00e9finition du terrorisme, qui criminalise toute r\u00e9sistance aux forces d\u2019occupation. Est terroriste celui qui d\u00e9sob\u00e9it aux diktats du plus fort.<\/p>\n<p>Mahmoud Abbas n\u2019a rien obtenu des n\u00e9gociations qu\u2019il n\u2019avait eu de cesse de mener avec Netanyahu. Il a certes r\u00e9ussi \u00e0 faire reconna\u00eetre l\u2019\u00c9tat de Palestine comme membre actif \u00e0 l\u2019Unesco et comme observateur \u00e0 l\u2019ONU. De m\u00eame, la CPI a jug\u00e9 recevable sa plainte contre Isra\u00ebl pour crime de guerre. Mais il n\u2019a pu emp\u00eacher la puissance colonisatrice de faire de la Cisjordanie ce que l\u2019ONG isra\u00e9lienne B\u2019tselem appelle \u00abun morceau de gruy\u00e8re, o\u00f9 le fromage est offert aux Isra\u00e9liens, et les trous aux Palestiniens \u00bb.<\/p>\n<p>Que peut encore Mahmoud Abbas? Prenant appui sur la coh\u00e9sion palestinienne retrouv\u00e9e, et sur le fait que la cause palestinienne est remise sur le fil de l\u2019actualit\u00e9, il peut taper du poing sur la table et retourner la situation en faveur d\u2019une solution n\u00e9goci\u00e9e. La Cisjordanie est plus que jamais r\u00e9cup\u00e9rable. Pour le reste, on consultera la Pythie et Zarq\u00e2 al-Yamama&#8230;<\/p>\n<p class=\"c3\"><strong>Abdelaziz Kacem<\/strong><br \/>\u00a0<\/p>\n<p>Auteur:<br \/>\n<a href=\"https:\/\/www.leaders.com.tn\/article\/31985-abdelaziz-kacem-hamas-en-hausse-abbas-en-baisse\">Cliquez ici pour lire l&rsquo;article depuis sa source.<\/a><\/p>\n","protected":false},"excerpt":{"rendered":"<p>Par-del\u00e0 les v\u00e9rit\u00e9s formelles qu\u2019induisent parfois les figures de style, par-del\u00e0 le triomphalisme des bellig\u00e9rants, les choses ont boug\u00e9. Cette \u00e9ni\u00e8me guerre entre le Hamas et Isra\u00ebl a un avant et aura sans doute un apr\u00e8s. Nous ne savons pas de quoi demain sera fait, mais nous connaissons la partie visible des pertes et d\u00e9g\u00e2ts. [&hellip;]<\/p>\n","protected":false},"author":1772,"featured_media":0,"comment_status":"closed","ping_status":"closed","sticky":false,"template":"","format":"standard","meta":{"fifu_image_url":"\/uploads\/FCK_files\/Abdelaziz-Kacem-(18).jpg","fifu_image_alt":"Abdelaziz Kacem: Hamas en hausse, Abbas en baisse","footnotes":""},"categories":[73,55],"tags":[],"class_list":["post-118060","post","type-post","status-publish","format-standard","hentry","category-actualite","category-tunisie"],"_links":{"self":[{"href":"https:\/\/linitiative.ca\/International\/wp-json\/wp\/v2\/posts\/118060","targetHints":{"allow":["GET"]}}],"collection":[{"href":"https:\/\/linitiative.ca\/International\/wp-json\/wp\/v2\/posts"}],"about":[{"href":"https:\/\/linitiative.ca\/International\/wp-json\/wp\/v2\/types\/post"}],"author":[{"embeddable":true,"href":"https:\/\/linitiative.ca\/International\/wp-json\/wp\/v2\/users\/1772"}],"replies":[{"embeddable":true,"href":"https:\/\/linitiative.ca\/International\/wp-json\/wp\/v2\/comments?post=118060"}],"version-history":[{"count":0,"href":"https:\/\/linitiative.ca\/International\/wp-json\/wp\/v2\/posts\/118060\/revisions"}],"wp:attachment":[{"href":"https:\/\/linitiative.ca\/International\/wp-json\/wp\/v2\/media?parent=118060"}],"wp:term":[{"taxonomy":"category","embeddable":true,"href":"https:\/\/linitiative.ca\/International\/wp-json\/wp\/v2\/categories?post=118060"},{"taxonomy":"post_tag","embeddable":true,"href":"https:\/\/linitiative.ca\/International\/wp-json\/wp\/v2\/tags?post=118060"}],"curies":[{"name":"wp","href":"https:\/\/api.w.org\/{rel}","templated":true}]}}